{"id":42703,"date":"2018-06-11T14:57:14","date_gmt":"2018-06-11T12:57:14","guid":{"rendered":"http:\/\/www.region-schwabach.de\/wordpress\/?p=42703"},"modified":"2018-06-11T15:06:06","modified_gmt":"2018-06-11T13:06:06","slug":"fahrbahn-im-bereich-kammerstein-barthelmessaurach-ueberflutet","status":"publish","type":"post","link":"https:\/\/www.region-schwabach.de\/wordpress\/fahrbahn-im-bereich-kammerstein-barthelmessaurach-ueberflutet\/","title":{"rendered":"Fahrbahn im Bereich Kammerstein\/Barthelme\u00dfaurach \u00fcberflutet"},"content":{"rendered":"\t\t<div data-elementor-type=\"wp-post\" data-elementor-id=\"42703\" class=\"elementor elementor-42703 elementor-bc-flex-widget\">\n\t\t\t\t\t\t<section class=\"elementor-section elementor-top-section elementor-element elementor-element-1cuv9jr elementor-section-boxed elementor-section-height-default elementor-section-height-default\" data-id=\"1cuv9jr\" data-element_type=\"section\">\n\t\t\t\t\t\t<div class=\"elementor-container elementor-column-gap-default\">\n\t\t\t\t\t<div class=\"elementor-column elementor-col-66 elementor-top-column elementor-element elementor-element-q5zak7b\" data-id=\"q5zak7b\" data-element_type=\"column\">\n\t\t\t<div class=\"elementor-widget-wrap elementor-element-populated\">\n\t\t\t\t\t\t<div class=\"elementor-element elementor-element-86qws23 elementor-widget elementor-widget-text-editor\" data-id=\"86qws23\" data-element_type=\"widget\" data-widget_type=\"text-editor.default\">\n\t\t\t\t<div class=\"elementor-widget-container\">\n\t\t\t\t\t\t\t<h3>Gullideckel herausgedr\u00fcckt und Fahrbahn \u00fcberflutet<\/h3><p>Schwabach &#8211; Auch der Bereich Kammerstein\/Barthelme\u00dfaurach blieb von dem Unwetter am Samstag, den 09.06.2018, nicht verschont. Die enormen Wasserma\u00dfen dr\u00fcckten hierbei zun\u00e4chst ein Gullideckel aus seiner Verankerung, konnte jedoch von einer\u00a0 Streife der PI Schwabach wieder eingesetzt werden, und somit eine Gef\u00e4hrdung f\u00fcr Verkehrsteilnehmer verhindert werden.<\/p><p>Allerdings war das Unheil damit noch nicht komplett abgewendet, da die Fahrbahn nach Mildach von den angrenzenden Feldern erheblich mit Schotter, Sand und Pflanzenteilen \u00fcberschwemmt worden war. Anwohner verhinderten mit Sands\u00e4cken hier zun\u00e4chst schlimmeres, bis die Feuerwehr Kammerstein zur Absicherung und Reinigung der Stra\u00dfe anr\u00fcckte.<\/p>\t\t\t\t\t\t<\/div>\n\t\t\t\t<\/div>\n\t\t\t\t<div class=\"elementor-element elementor-element-05d1e77 elementor-widget elementor-widget-google_maps\" data-id=\"05d1e77\" data-element_type=\"widget\" data-widget_type=\"google_maps.default\">\n\t\t\t\t<div class=\"elementor-widget-container\">\n\t\t\t\t\t<div class=\"elementor-custom-embed\">\n\t\t\t<iframe loading=\"lazy\"\n\t\t\t\t\tsrc=\"https:\/\/maps.google.com\/maps?q=Kammerstein%2C%20Schwabach%2C%20Deutschland&#038;t=m&#038;z=12&#038;output=embed&#038;iwloc=near\"\n\t\t\t\t\ttitle=\"Kammerstein, Schwabach, Deutschland\"\n\t\t\t\t\taria-label=\"Kammerstein, Schwabach, Deutschland\"\n\t\t\t><\/iframe>\n\t\t<\/div>\n\t\t\t\t<\/div>\n\t\t\t\t<\/div>\n\t\t\t\t\t<\/div>\n\t\t<\/div>\n\t\t\t\t<div class=\"elementor-column elementor-col-33 elementor-top-column elementor-element elementor-element-0w0urt1\" data-id=\"0w0urt1\" data-element_type=\"column\">\n\t\t\t<div class=\"elementor-widget-wrap elementor-element-populated\">\n\t\t\t\t\t\t<div class=\"elementor-element elementor-element-mo6nk5i elementor-widget elementor-widget-image\" data-id=\"mo6nk5i\" data-element_type=\"widget\" data-widget_type=\"image.default\">\n\t\t\t\t<div class=\"elementor-widget-container\">\n\t\t\t\t\t\t\t\t\t\t\t\t\t\t<a href=\"http:\/\/www.region-schwabach.de\/wordpress\/werben-auf-region-schwabach\/\" target=\"_blank\">\n\t\t\t\t\t\t\t<img fetchpriority=\"high\" decoding=\"async\" width=\"1024\" height=\"1024\" src=\"https:\/\/www.region-schwabach.de\/wordpress\/wp-content\/uploads\/2017\/06\/werbung8-1024x1024.png\" class=\"attachment-large size-large wp-image-2484\" alt=\"\" srcset=\"https:\/\/www.region-schwabach.de\/wordpress\/wp-content\/uploads\/2017\/06\/werbung8-1024x1024.png 1024w, https:\/\/www.region-schwabach.de\/wordpress\/wp-content\/uploads\/2017\/06\/werbung8-150x150.png 150w, https:\/\/www.region-schwabach.de\/wordpress\/wp-content\/uploads\/2017\/06\/werbung8-300x300.png 300w, https:\/\/www.region-schwabach.de\/wordpress\/wp-content\/uploads\/2017\/06\/werbung8-768x768.png 768w, https:\/\/www.region-schwabach.de\/wordpress\/wp-content\/uploads\/2017\/06\/werbung8-600x600.png 600w, https:\/\/www.region-schwabach.de\/wordpress\/wp-content\/uploads\/2017\/06\/werbung8.png 1200w\" sizes=\"(max-width: 1024px) 100vw, 1024px\" \/>\t\t\t\t\t\t\t\t<\/a>\n\t\t\t\t\t\t\t\t\t\t\t\t\t<\/div>\n\t\t\t\t<\/div>\n\t\t\t\t\t<\/div>\n\t\t<\/div>\n\t\t\t\t\t<\/div>\n\t\t<\/section>\n\t\t\t\t<\/div>\n\t\t","protected":false},"excerpt":{"rendered":"<div class=\"mh-excerpt\"><p>Gullideckel herausgedr\u00fcckt und Fahrbahn \u00fcberflutet Schwabach &#8211; Auch der Bereich Kammerstein\/Barthelme\u00dfaurach blieb von dem Unwetter am Samstag, den 09.06.2018, nicht verschont. Die enormen Wasserma\u00dfen dr\u00fcckten hierbei zun\u00e4chst ein Gullideckel aus seiner Verankerung, konnte jedoch von <a class=\"mh-excerpt-more\" href=\"https:\/\/www.region-schwabach.de\/wordpress\/fahrbahn-im-bereich-kammerstein-barthelmessaurach-ueberflutet\/\" title=\"Fahrbahn im Bereich Kammerstein\/Barthelme\u00dfaurach \u00fcberflutet\">[&#8230;]<\/a><\/p>\n<\/div>","protected":false},"author":1,"featured_media":42704,"comment_status":"open","ping_status":"open","sticky":false,"template":"","format":"standard","meta":{"_cbd_carousel_blocks":"[]","footnotes":""},"categories":[15],"tags":[3789,4423,4424,3433,260,401,713,19,2111],"class_list":{"0":"post-42703","1":"post","2":"type-post","3":"status-publish","4":"format-standard","5":"has-post-thumbnail","7":"category-polizeimeldungen","8":"tag-09-06-2018","9":"tag-barthelmessaurach","10":"tag-gefaehrdung","11":"tag-gullydeckel","12":"tag-kammerstein","13":"tag-sachschaden","14":"tag-schaden","15":"tag-schwabach","16":"tag-wassermassen"},"_links":{"self":[{"href":"https:\/\/www.region-schwabach.de\/wordpress\/wp-json\/wp\/v2\/posts\/42703","targetHints":{"allow":["GET"]}}],"collection":[{"href":"https:\/\/www.region-schwabach.de\/wordpress\/wp-json\/wp\/v2\/posts"}],"about":[{"href":"https:\/\/www.region-schwabach.de\/wordpress\/wp-json\/wp\/v2\/types\/post"}],"author":[{"embeddable":true,"href":"https:\/\/www.region-schwabach.de\/wordpress\/wp-json\/wp\/v2\/users\/1"}],"replies":[{"embeddable":true,"href":"https:\/\/www.region-schwabach.de\/wordpress\/wp-json\/wp\/v2\/comments?post=42703"}],"version-history":[{"count":0,"href":"https:\/\/www.region-schwabach.de\/wordpress\/wp-json\/wp\/v2\/posts\/42703\/revisions"}],"wp:featuredmedia":[{"embeddable":true,"href":"https:\/\/www.region-schwabach.de\/wordpress\/wp-json\/wp\/v2\/media\/42704"}],"wp:attachment":[{"href":"https:\/\/www.region-schwabach.de\/wordpress\/wp-json\/wp\/v2\/media?parent=42703"}],"wp:term":[{"taxonomy":"category","embeddable":true,"href":"https:\/\/www.region-schwabach.de\/wordpress\/wp-json\/wp\/v2\/categories?post=42703"},{"taxonomy":"post_tag","embeddable":true,"href":"https:\/\/www.region-schwabach.de\/wordpress\/wp-json\/wp\/v2\/tags?post=42703"}],"curies":[{"name":"wp","href":"https:\/\/api.w.org\/{rel}","templated":true}]}}