{"id":43024,"date":"2018-06-13T17:16:00","date_gmt":"2018-06-13T15:16:00","guid":{"rendered":"http:\/\/www.region-schwabach.de\/wordpress\/?p=43024"},"modified":"2018-06-13T17:21:23","modified_gmt":"2018-06-13T15:21:23","slug":"motorradfahrer-bei-verkehrsunfall-toedlich-verletzt","status":"publish","type":"post","link":"https:\/\/www.region-schwabach.de\/wordpress\/motorradfahrer-bei-verkehrsunfall-toedlich-verletzt\/","title":{"rendered":"Motorradfahrer bei Verkehrsunfall t\u00f6dlich verletzt"},"content":{"rendered":"\t\t<div data-elementor-type=\"wp-post\" data-elementor-id=\"43024\" class=\"elementor elementor-43024 elementor-bc-flex-widget\">\n\t\t\t\t\t\t<section class=\"elementor-section elementor-top-section elementor-element elementor-element-1cuv9jr elementor-section-boxed elementor-section-height-default elementor-section-height-default\" data-id=\"1cuv9jr\" data-element_type=\"section\">\n\t\t\t\t\t\t<div class=\"elementor-container elementor-column-gap-default\">\n\t\t\t\t\t<div class=\"elementor-column elementor-col-66 elementor-top-column elementor-element elementor-element-q5zak7b\" data-id=\"q5zak7b\" data-element_type=\"column\">\n\t\t\t<div class=\"elementor-widget-wrap elementor-element-populated\">\n\t\t\t\t\t\t<div class=\"elementor-element elementor-element-86qws23 elementor-widget elementor-widget-text-editor\" data-id=\"86qws23\" data-element_type=\"widget\" data-widget_type=\"text-editor.default\">\n\t\t\t\t<div class=\"elementor-widget-container\">\n\t\t\t\t\t\t\t<h3 class=\"story-headline\">T\u00f6dlicher Verkehrsunfall bei Hilpoltstein<\/h3><p>Hilpoltstein (ots) &#8211;\u00a0Heute Nachmittag (13.06.2018) ereignete sich im Bereich Hilpoltstein (Lkrs. Roth) ein schwerer Verkehrsunfall. Ein Motorradfahrer kollidierte mit einem Pkw und zog sich dabei t\u00f6dliche Verletzungen zu.<\/p><h3>Zusammensto\u00df bei \u00dcberholman\u00f6ver<\/h3><p>Gegen 13:00 Uhr war ein 51-j\u00e4hriger Motorradfahrer auf der Staatsstra\u00dfe 2226 zwischen dem Hilpoltsteiner Ortsteil Unterr\u00f6del und dem Heidecker Gemeindeteil Seiboldsm\u00fchle unterwegs. Kurz nach dem Ortsausgang von Unterr\u00f6del kollidierte der Kradfahrer w\u00e4hrend eines \u00dcberholman\u00f6vers mit einem entgegenkommenden VW Caddy.<\/p><h3>Motorradfahrer noch an der Unfallstelle verstorben<\/h3><p>Der Motorradfahrer erlitt bei dem Frontalzusammensto\u00df schwerste Verletzungen und verstarb trotz eingeleiteter Reanimationsma\u00dfnahmen an der Unfallstelle. Die 51-j\u00e4hrige Autofahrerin wurde bei dem Unfall in ihrem Pkw eingeklemmt. Einsatzkr\u00e4fte der Feuerwehr mussten sie aus dem Fahrzeug befreien. Zur Versorgung ihrer Verletzungen brachte der Rettungsdienst die Frau in ein Krankenhaus.<\/p><h3>Beide Fahrzeuge mu\u00dften abgeschleppt werden<\/h3><p>Die beiden unfallbeteiligten Fahrzeuge waren nach der Kollision nicht mehr fahrbereit. Sie mussten von einem Abschleppdienst geborgen werden. Die Unfallstelle war bis etwa 17:00 Uhr in beide Fahrtrichtungen gesperrt. Beamte der Polizeiinspektion Hilpoltstein f\u00fchrten die Unfallaufnahme durch. Auf Anordnung der Staatsanwaltschaft wurde zur Rekonstruktion des Unfallgeschehens ein Sachverst\u00e4ndiger hinzugezogen.<\/p><p><strong>Michael Konrad<\/strong><\/p><p>Original-Content von: Polizeipr\u00e4sidium Mittelfranken<\/p>\t\t\t\t\t\t<\/div>\n\t\t\t\t<\/div>\n\t\t\t\t<div class=\"elementor-element elementor-element-1l7zbzo elementor-widget elementor-widget-google_maps\" data-id=\"1l7zbzo\" data-element_type=\"widget\" data-widget_type=\"google_maps.default\">\n\t\t\t\t<div class=\"elementor-widget-container\">\n\t\t\t\t\t<div class=\"elementor-custom-embed\">\n\t\t\t<iframe loading=\"lazy\"\n\t\t\t\t\tsrc=\"https:\/\/maps.google.com\/maps?q=49.154400%2C%2011.170024&#038;t=m&#038;z=14&#038;output=embed&#038;iwloc=near\"\n\t\t\t\t\ttitle=\"49.154400, 11.170024\"\n\t\t\t\t\taria-label=\"49.154400, 11.170024\"\n\t\t\t><\/iframe>\n\t\t<\/div>\n\t\t\t\t<\/div>\n\t\t\t\t<\/div>\n\t\t\t\t\t<\/div>\n\t\t<\/div>\n\t\t\t\t<div class=\"elementor-column elementor-col-33 elementor-top-column elementor-element elementor-element-0w0urt1\" data-id=\"0w0urt1\" data-element_type=\"column\">\n\t\t\t<div class=\"elementor-widget-wrap elementor-element-populated\">\n\t\t\t\t\t\t<div class=\"elementor-element elementor-element-mo6nk5i elementor-widget elementor-widget-image\" data-id=\"mo6nk5i\" data-element_type=\"widget\" data-widget_type=\"image.default\">\n\t\t\t\t<div class=\"elementor-widget-container\">\n\t\t\t\t\t\t\t\t\t\t\t\t\t\t<a href=\"http:\/\/www.region-schwabach.de\/wordpress\/werben-auf-region-schwabach\/\" target=\"_blank\">\n\t\t\t\t\t\t\t<img fetchpriority=\"high\" decoding=\"async\" width=\"1024\" height=\"1024\" src=\"https:\/\/www.region-schwabach.de\/wordpress\/wp-content\/uploads\/2017\/06\/werbung8-1024x1024.png\" class=\"attachment-large size-large wp-image-2484\" alt=\"\" srcset=\"https:\/\/www.region-schwabach.de\/wordpress\/wp-content\/uploads\/2017\/06\/werbung8-1024x1024.png 1024w, https:\/\/www.region-schwabach.de\/wordpress\/wp-content\/uploads\/2017\/06\/werbung8-150x150.png 150w, https:\/\/www.region-schwabach.de\/wordpress\/wp-content\/uploads\/2017\/06\/werbung8-300x300.png 300w, https:\/\/www.region-schwabach.de\/wordpress\/wp-content\/uploads\/2017\/06\/werbung8-768x768.png 768w, https:\/\/www.region-schwabach.de\/wordpress\/wp-content\/uploads\/2017\/06\/werbung8-600x600.png 600w, https:\/\/www.region-schwabach.de\/wordpress\/wp-content\/uploads\/2017\/06\/werbung8.png 1200w\" sizes=\"(max-width: 1024px) 100vw, 1024px\" \/>\t\t\t\t\t\t\t\t<\/a>\n\t\t\t\t\t\t\t\t\t\t\t\t\t<\/div>\n\t\t\t\t<\/div>\n\t\t\t\t\t<\/div>\n\t\t<\/div>\n\t\t\t\t\t<\/div>\n\t\t<\/section>\n\t\t\t\t<\/div>\n\t\t","protected":false},"excerpt":{"rendered":"<div class=\"mh-excerpt\"><p>T\u00f6dlicher Verkehrsunfall bei Hilpoltstein Hilpoltstein (ots) &#8211;\u00a0Heute Nachmittag (13.06.2018) ereignete sich im Bereich Hilpoltstein (Lkrs. Roth) ein schwerer Verkehrsunfall. Ein Motorradfahrer kollidierte mit einem Pkw und zog sich dabei t\u00f6dliche Verletzungen zu. Zusammensto\u00df bei \u00dcberholman\u00f6ver <a class=\"mh-excerpt-more\" href=\"https:\/\/www.region-schwabach.de\/wordpress\/motorradfahrer-bei-verkehrsunfall-toedlich-verletzt\/\" title=\"Motorradfahrer bei Verkehrsunfall t\u00f6dlich verletzt\">[&#8230;]<\/a><\/p>\n<\/div>","protected":false},"author":1,"featured_media":43025,"comment_status":"open","ping_status":"open","sticky":false,"template":"","format":"standard","meta":{"_cbd_carousel_blocks":"[]","footnotes":""},"categories":[15],"tags":[4141,297,763,401,713,4476,605,3393,334,1280,671,584],"class_list":{"0":"post-43024","1":"post","2":"type-post","3":"status-publish","4":"format-standard","5":"has-post-thumbnail","7":"category-polizeimeldungen","8":"tag-13-06-2018","9":"tag-hilpoltstein","10":"tag-motorradfahrer","11":"tag-sachschaden","12":"tag-schaden","13":"tag-seboldsmuehle","14":"tag-staatsstrasse-2226","15":"tag-toedlich-verletzt","16":"tag-unfall","17":"tag-unterroedel","18":"tag-vw-caddy","19":"tag-zusammenstoss"},"_links":{"self":[{"href":"https:\/\/www.region-schwabach.de\/wordpress\/wp-json\/wp\/v2\/posts\/43024","targetHints":{"allow":["GET"]}}],"collection":[{"href":"https:\/\/www.region-schwabach.de\/wordpress\/wp-json\/wp\/v2\/posts"}],"about":[{"href":"https:\/\/www.region-schwabach.de\/wordpress\/wp-json\/wp\/v2\/types\/post"}],"author":[{"embeddable":true,"href":"https:\/\/www.region-schwabach.de\/wordpress\/wp-json\/wp\/v2\/users\/1"}],"replies":[{"embeddable":true,"href":"https:\/\/www.region-schwabach.de\/wordpress\/wp-json\/wp\/v2\/comments?post=43024"}],"version-history":[{"count":0,"href":"https:\/\/www.region-schwabach.de\/wordpress\/wp-json\/wp\/v2\/posts\/43024\/revisions"}],"wp:featuredmedia":[{"embeddable":true,"href":"https:\/\/www.region-schwabach.de\/wordpress\/wp-json\/wp\/v2\/media\/43025"}],"wp:attachment":[{"href":"https:\/\/www.region-schwabach.de\/wordpress\/wp-json\/wp\/v2\/media?parent=43024"}],"wp:term":[{"taxonomy":"category","embeddable":true,"href":"https:\/\/www.region-schwabach.de\/wordpress\/wp-json\/wp\/v2\/categories?post=43024"},{"taxonomy":"post_tag","embeddable":true,"href":"https:\/\/www.region-schwabach.de\/wordpress\/wp-json\/wp\/v2\/tags?post=43024"}],"curies":[{"name":"wp","href":"https:\/\/api.w.org\/{rel}","templated":true}]}}