{"id":43028,"date":"2018-06-14T00:01:27","date_gmt":"2018-06-13T22:01:27","guid":{"rendered":"http:\/\/www.region-schwabach.de\/wordpress\/?p=43028"},"modified":"2018-06-13T21:42:45","modified_gmt":"2018-06-13T19:42:45","slug":"nachbericht-zu-geraldino-rockt-den-kubus","status":"publish","type":"post","link":"https:\/\/www.region-schwabach.de\/wordpress\/nachbericht-zu-geraldino-rockt-den-kubus\/","title":{"rendered":"Nachbericht zu &#8222;Geraldino rockt den KuBuS&#8220;"},"content":{"rendered":"\t\t<div data-elementor-type=\"wp-post\" data-elementor-id=\"43028\" class=\"elementor elementor-43028 elementor-bc-flex-widget\">\n\t\t\t\t\t\t<section class=\"elementor-section elementor-top-section elementor-element elementor-element-678181b elementor-section-boxed elementor-section-height-default elementor-section-height-default\" data-id=\"678181b\" data-element_type=\"section\">\n\t\t\t\t\t\t<div class=\"elementor-container elementor-column-gap-default\">\n\t\t\t\t\t<div class=\"elementor-column elementor-col-66 elementor-top-column elementor-element elementor-element-6b34026\" data-id=\"6b34026\" data-element_type=\"column\">\n\t\t\t<div class=\"elementor-widget-wrap elementor-element-populated\">\n\t\t\t\t\t\t<div class=\"elementor-element elementor-element-443ab98 elementor-widget elementor-widget-text-editor\" data-id=\"443ab98\" data-element_type=\"widget\" data-widget_type=\"text-editor.default\">\n\t\t\t\t<div class=\"elementor-widget-container\">\n\t\t\t\t\t\t\t<h3>Nachbericht zu &#8222;Geraldino rockt den KuBuS&#8220;<\/h3><h3><strong>Ohrw\u00fcrmer am laufenden Band: Geraldino rockt den KuBuS<br \/><\/strong>Familienkonzert mit Besuch vom Schwabinchen<strong><br \/><\/strong><\/h3><p>Da hat sogar der Himmel applaudiert und (vor Begeisterung) mitgetobt: Am Samstagnachmittag gab es beim mittlerweile siebten KuBuS-Einsatz neben Mitmachliedern und Picknickbroten eine Runde Blitz und Donner sowie einen \u00dcberraschungsbesuch vom Schwabinchen.<\/p><h3><strong>In die Schule mit dem Bus<\/strong><\/h3><p>An Bord des Gelenkbusses war Kinderliedermacher Geraldino. Er bot den kleinen und gro\u00dfen Fahrg\u00e4sten ein kunterbuntes Musikabenteuer und gab mit der Schulbus-Hymne, dem Lied \u00fcber die Verwandtschaft oder dem U-U-U-U-Urlaubs-Song viele gro\u00dfe Hits zum Besten. Auch f\u00fcr ihn war es eine Herausforderung, in einem Bus zu spielen. \u201eHat Spa\u00df gemacht, es lebe der Wahnsinn\u201c, kommentierte er seinen Auftritt auf Facebook. Eine \u00dcberraschung gab es in der Pause. Das Picknick am Spielplatz wurde wegen des Gewitters kurzerhand in den Bus verlagert &#8211; daf\u00fcr kam das Schwabinchen vorbei, um die Brotzeit h\u00f6chstpers\u00f6nlich zu verteilen. Die Kinder waren begeistert.<\/p><p><strong>Foto 1:<\/strong><br \/>Mit der Startnummer 7 im KuBuS: Kinderliedermacher Geraldino (l.) mit Tobias Mayr, dem Leiter vom Stadtverkehr Schwabach<\/p><p><strong>Foto 2:<\/strong><br \/>In der Pause flog das Schwabinchen vorbei und verteilte Lunchpakete.<\/p><p><strong>Foto 3:<\/strong><br \/>Geraldino im KuBuS &#8211; Spa\u00dfgarantie f\u00fcr Kinder ab vier Jahren<\/p>\t\t\t\t\t\t<\/div>\n\t\t\t\t<\/div>\n\t\t\t\t<div class=\"elementor-element elementor-element-0c834d7 elementor-widget-divider--view-line elementor-widget elementor-widget-divider\" data-id=\"0c834d7\" data-element_type=\"widget\" data-widget_type=\"divider.default\">\n\t\t\t\t<div class=\"elementor-widget-container\">\n\t\t\t\t\t<div class=\"elementor-divider\">\n\t\t\t<span class=\"elementor-divider-separator\">\n\t\t\t\t\t\t<\/span>\n\t\t<\/div>\n\t\t\t\t<\/div>\n\t\t\t\t<\/div>\n\t\t\t\t<div class=\"elementor-element elementor-element-d08c758 elementor-widget elementor-widget-google_maps\" data-id=\"d08c758\" data-element_type=\"widget\" data-widget_type=\"google_maps.default\">\n\t\t\t\t<div class=\"elementor-widget-container\">\n\t\t\t\t\t<div class=\"elementor-custom-embed\">\n\t\t\t<iframe loading=\"lazy\"\n\t\t\t\t\tsrc=\"https:\/\/maps.google.com\/maps?q=Wilhelm-D%C3%BCmmler-Stra%C3%9Fe%20116c%2C%20Schwabach%2C%20Deutschland&#038;t=m&#038;z=16&#038;output=embed&#038;iwloc=near\"\n\t\t\t\t\ttitle=\"Wilhelm-D\u00fcmmler-Stra\u00dfe 116c, Schwabach, Deutschland\"\n\t\t\t\t\taria-label=\"Wilhelm-D\u00fcmmler-Stra\u00dfe 116c, Schwabach, Deutschland\"\n\t\t\t><\/iframe>\n\t\t<\/div>\n\t\t\t\t<\/div>\n\t\t\t\t<\/div>\n\t\t\t\t\t<\/div>\n\t\t<\/div>\n\t\t\t\t<div class=\"elementor-column elementor-col-33 elementor-top-column elementor-element elementor-element-f645137\" data-id=\"f645137\" data-element_type=\"column\">\n\t\t\t<div class=\"elementor-widget-wrap elementor-element-populated\">\n\t\t\t\t\t\t<div class=\"elementor-element elementor-element-25043c1 elementor-widget elementor-widget-image\" data-id=\"25043c1\" data-element_type=\"widget\" data-widget_type=\"image.default\">\n\t\t\t\t<div class=\"elementor-widget-container\">\n\t\t\t\t\t\t\t\t\t\t\t\t\t<img fetchpriority=\"high\" decoding=\"async\" width=\"300\" height=\"300\" src=\"https:\/\/www.region-schwabach.de\/wordpress\/wp-content\/uploads\/2018\/04\/werbung1-300x300.png\" class=\"attachment-medium size-medium wp-image-35382\" alt=\"\" srcset=\"https:\/\/www.region-schwabach.de\/wordpress\/wp-content\/uploads\/2018\/04\/werbung1-300x300.png 300w, https:\/\/www.region-schwabach.de\/wordpress\/wp-content\/uploads\/2018\/04\/werbung1-150x150.png 150w, https:\/\/www.region-schwabach.de\/wordpress\/wp-content\/uploads\/2018\/04\/werbung1-768x768.png 768w, https:\/\/www.region-schwabach.de\/wordpress\/wp-content\/uploads\/2018\/04\/werbung1-1024x1024.png 1024w, https:\/\/www.region-schwabach.de\/wordpress\/wp-content\/uploads\/2018\/04\/werbung1.png 1200w\" sizes=\"(max-width: 300px) 100vw, 300px\" \/>\t\t\t\t\t\t\t\t\t\t\t\t\t<\/div>\n\t\t\t\t<\/div>\n\t\t\t\t\t<\/div>\n\t\t<\/div>\n\t\t\t\t\t<\/div>\n\t\t<\/section>\n\t\t\t\t<section class=\"elementor-section elementor-top-section elementor-element elementor-element-549b05b elementor-section-boxed elementor-section-height-default elementor-section-height-default\" data-id=\"549b05b\" data-element_type=\"section\">\n\t\t\t\t\t\t<div class=\"elementor-container elementor-column-gap-default\">\n\t\t\t\t\t<div class=\"elementor-column elementor-col-100 elementor-top-column elementor-element elementor-element-31e0f30\" data-id=\"31e0f30\" data-element_type=\"column\">\n\t\t\t<div class=\"elementor-widget-wrap elementor-element-populated\">\n\t\t\t\t\t\t<div class=\"elementor-element elementor-element-cb3a3e7 elementor-widget elementor-widget-image\" data-id=\"cb3a3e7\" data-element_type=\"widget\" data-widget_type=\"image.default\">\n\t\t\t\t<div class=\"elementor-widget-container\">\n\t\t\t\t\t\t\t\t\t\t<figure class=\"wp-caption\">\n\t\t\t\t\t\t\t\t\t\t<img decoding=\"async\" width=\"960\" height=\"883\" src=\"https:\/\/www.region-schwabach.de\/wordpress\/wp-content\/uploads\/2018\/06\/Geraldino_Mayr.jpg\" class=\"attachment-full size-full wp-image-43032\" alt=\"\" srcset=\"https:\/\/www.region-schwabach.de\/wordpress\/wp-content\/uploads\/2018\/06\/Geraldino_Mayr.jpg 960w, https:\/\/www.region-schwabach.de\/wordpress\/wp-content\/uploads\/2018\/06\/Geraldino_Mayr-300x276.jpg 300w, https:\/\/www.region-schwabach.de\/wordpress\/wp-content\/uploads\/2018\/06\/Geraldino_Mayr-768x706.jpg 768w\" sizes=\"(max-width: 960px) 100vw, 960px\" \/>\t\t\t\t\t\t\t\t\t\t\t<figcaption class=\"widget-image-caption wp-caption-text\">Mit der Startnummer 7 im KuBuS: Kinderliedermacher Geraldino (l.) mit Tobias Mayr, dem Leiter vom Stadtverkehr Schwabach<\/figcaption>\n\t\t\t\t\t\t\t\t\t\t<\/figure>\n\t\t\t\t\t\t\t<\/div>\n\t\t\t\t<\/div>\n\t\t\t\t<div class=\"elementor-element elementor-element-2fe1309 elementor-widget elementor-widget-image\" data-id=\"2fe1309\" data-element_type=\"widget\" data-widget_type=\"image.default\">\n\t\t\t\t<div class=\"elementor-widget-container\">\n\t\t\t\t\t\t\t\t\t\t<figure class=\"wp-caption\">\n\t\t\t\t\t\t\t\t\t\t<img decoding=\"async\" width=\"640\" height=\"960\" src=\"https:\/\/www.region-schwabach.de\/wordpress\/wp-content\/uploads\/2018\/06\/Geraldino_Schwabachinchen.jpg\" class=\"attachment-full size-full wp-image-43033\" alt=\"\" srcset=\"https:\/\/www.region-schwabach.de\/wordpress\/wp-content\/uploads\/2018\/06\/Geraldino_Schwabachinchen.jpg 640w, https:\/\/www.region-schwabach.de\/wordpress\/wp-content\/uploads\/2018\/06\/Geraldino_Schwabachinchen-200x300.jpg 200w\" sizes=\"(max-width: 640px) 100vw, 640px\" \/>\t\t\t\t\t\t\t\t\t\t\t<figcaption class=\"widget-image-caption wp-caption-text\">In der Pause flog das Schwabinchen vorbei und verteilte Lunchpakete<\/figcaption>\n\t\t\t\t\t\t\t\t\t\t<\/figure>\n\t\t\t\t\t\t\t<\/div>\n\t\t\t\t<\/div>\n\t\t\t\t<div class=\"elementor-element elementor-element-aa55405 elementor-widget elementor-widget-image\" data-id=\"aa55405\" data-element_type=\"widget\" data-widget_type=\"image.default\">\n\t\t\t\t<div class=\"elementor-widget-container\">\n\t\t\t\t\t\t\t\t\t\t<figure class=\"wp-caption\">\n\t\t\t\t\t\t\t\t\t\t<img loading=\"lazy\" decoding=\"async\" width=\"960\" height=\"820\" src=\"https:\/\/www.region-schwabach.de\/wordpress\/wp-content\/uploads\/2018\/06\/Geraldino.jpg\" class=\"attachment-full size-full wp-image-43031\" alt=\"\" srcset=\"https:\/\/www.region-schwabach.de\/wordpress\/wp-content\/uploads\/2018\/06\/Geraldino.jpg 960w, https:\/\/www.region-schwabach.de\/wordpress\/wp-content\/uploads\/2018\/06\/Geraldino-300x256.jpg 300w, https:\/\/www.region-schwabach.de\/wordpress\/wp-content\/uploads\/2018\/06\/Geraldino-768x656.jpg 768w\" sizes=\"(max-width: 960px) 100vw, 960px\" \/>\t\t\t\t\t\t\t\t\t\t\t<figcaption class=\"widget-image-caption wp-caption-text\">Geraldino im KuBuS - Spa\u00dfgarantie f\u00fcr Kinder ab vier Jahren<\/figcaption>\n\t\t\t\t\t\t\t\t\t\t<\/figure>\n\t\t\t\t\t\t\t<\/div>\n\t\t\t\t<\/div>\n\t\t\t\t\t<\/div>\n\t\t<\/div>\n\t\t\t\t\t<\/div>\n\t\t<\/section>\n\t\t\t\t<\/div>\n\t\t","protected":false},"excerpt":{"rendered":"<div class=\"mh-excerpt\"><p>Nachbericht zu &#8222;Geraldino rockt den KuBuS&#8220; Ohrw\u00fcrmer am laufenden Band: Geraldino rockt den KuBuS Familienkonzert mit Besuch vom Schwabinchen Da hat sogar der Himmel applaudiert und (vor Begeisterung) mitgetobt: Am Samstagnachmittag gab es beim mittlerweile <a class=\"mh-excerpt-more\" href=\"https:\/\/www.region-schwabach.de\/wordpress\/nachbericht-zu-geraldino-rockt-den-kubus\/\" title=\"Nachbericht zu &#8222;Geraldino rockt den KuBuS&#8220;\">[&#8230;]<\/a><\/p>\n<\/div>","protected":false},"author":1,"featured_media":43029,"comment_status":"open","ping_status":"open","sticky":false,"template":"","format":"standard","meta":{"_cbd_carousel_blocks":"[]","footnotes":""},"categories":[16,1,79,61,231,46],"tags":[3789,4478,941,4479,4480,2546,593,1480,19,4477],"class_list":{"0":"post-43028","1":"post","2":"type-post","3":"status-publish","4":"format-standard","5":"has-post-thumbnail","7":"category-aktuell","8":"category-allgemein","9":"category-politik","10":"category-rathaus","11":"category-veranstaltungsnews","12":"category-verbaende","13":"tag-09-06-2018","14":"tag-am-osanger","15":"tag-angerstrasse","16":"tag-geraldino","17":"tag-kubus","18":"tag-parkbad","19":"tag-parkplatz","20":"tag-rathaus","21":"tag-schwabach","22":"tag-stadtwerke"},"_links":{"self":[{"href":"https:\/\/www.region-schwabach.de\/wordpress\/wp-json\/wp\/v2\/posts\/43028","targetHints":{"allow":["GET"]}}],"collection":[{"href":"https:\/\/www.region-schwabach.de\/wordpress\/wp-json\/wp\/v2\/posts"}],"about":[{"href":"https:\/\/www.region-schwabach.de\/wordpress\/wp-json\/wp\/v2\/types\/post"}],"author":[{"embeddable":true,"href":"https:\/\/www.region-schwabach.de\/wordpress\/wp-json\/wp\/v2\/users\/1"}],"replies":[{"embeddable":true,"href":"https:\/\/www.region-schwabach.de\/wordpress\/wp-json\/wp\/v2\/comments?post=43028"}],"version-history":[{"count":0,"href":"https:\/\/www.region-schwabach.de\/wordpress\/wp-json\/wp\/v2\/posts\/43028\/revisions"}],"wp:featuredmedia":[{"embeddable":true,"href":"https:\/\/www.region-schwabach.de\/wordpress\/wp-json\/wp\/v2\/media\/43029"}],"wp:attachment":[{"href":"https:\/\/www.region-schwabach.de\/wordpress\/wp-json\/wp\/v2\/media?parent=43028"}],"wp:term":[{"taxonomy":"category","embeddable":true,"href":"https:\/\/www.region-schwabach.de\/wordpress\/wp-json\/wp\/v2\/categories?post=43028"},{"taxonomy":"post_tag","embeddable":true,"href":"https:\/\/www.region-schwabach.de\/wordpress\/wp-json\/wp\/v2\/tags?post=43028"}],"curies":[{"name":"wp","href":"https:\/\/api.w.org\/{rel}","templated":true}]}}