{"id":43109,"date":"2018-06-24T00:06:20","date_gmt":"2018-06-23T22:06:20","guid":{"rendered":"http:\/\/www.region-schwabach.de\/wordpress\/?p=43109"},"modified":"2018-06-25T10:01:55","modified_gmt":"2018-06-25T08:01:55","slug":"zgrosses-reit-und-springturnier-beim-reitverein-schwabach","status":"publish","type":"post","link":"https:\/\/www.region-schwabach.de\/wordpress\/zgrosses-reit-und-springturnier-beim-reitverein-schwabach\/","title":{"rendered":"Gro\u00dfes Reit- und Springturnier beim Reitverein Schwabach"},"content":{"rendered":"\t\t<div data-elementor-type=\"wp-post\" data-elementor-id=\"43109\" class=\"elementor elementor-43109 elementor-bc-flex-widget\">\n\t\t\t\t\t\t<section class=\"elementor-section elementor-top-section elementor-element elementor-element-678181b elementor-section-boxed elementor-section-height-default elementor-section-height-default\" data-id=\"678181b\" data-element_type=\"section\">\n\t\t\t\t\t\t<div class=\"elementor-container elementor-column-gap-default\">\n\t\t\t\t\t<div class=\"elementor-column elementor-col-66 elementor-top-column elementor-element elementor-element-6b34026\" data-id=\"6b34026\" data-element_type=\"column\">\n\t\t\t<div class=\"elementor-widget-wrap elementor-element-populated\">\n\t\t\t\t\t\t<div class=\"elementor-element elementor-element-443ab98 elementor-widget elementor-widget-text-editor\" data-id=\"443ab98\" data-element_type=\"widget\" data-widget_type=\"text-editor.default\">\n\t\t\t\t<div class=\"elementor-widget-container\">\n\t\t\t\t\t\t\t<div class=\"moz-text-html\" lang=\"x-western\"><h3>Gro\u00dfes Reit- und Springturnier beim Reitverein Schwabach<\/h3><div>\u00a0<\/div><div><strong><span style=\"font-size: 12pt;\">Es gibt viel zu sehen &#8230; am Wochenende des 23.\/24. Juni beim diesj\u00e4hrigen gro\u00dfen Turnier des Reit- und Fahrverein Schwabach u.U.e.V. in der Badstra\u00dfe.<\/span><\/strong><\/div><div>\u00a0<\/div><div>Ein tolles Ausflugsziel f\u00fcr die ganze Familie mit spannenden Wettk\u00e4mpfen, lustigen Kost\u00fcmwettbewerben, einer kleinen Ladenzeile zum Bummeln, und nat\u00fcrlich mit den Leckereien von K\u00fcche, Grill und Kuchentheke und vielen schattigen Sitzgelegenheiten. Parkpl\u00e4tze f\u00fcr unsere j\u00e4hrlich 2000 Besucher sind ausreichend vorhanden und tragen zu einem entspannten Familienvergn\u00fcgen bei.<\/div><div>\u00a0<\/div><h3>Abwechslungsreiches Programm<\/h3><\/div><div>Das Turnierprogramm ist so bunt wie das Vereinsleben, denn vom Kind im Pony Club bis zum erfahrenen Turnierreiter finden hier alle ein sportliches Zuhause. Mit der Pony F\u00fchrz\u00fcgelklasse \u00fcber Mannschaftsvorf\u00fchrungen und Qualifikationspr\u00fcfungen bis zu anspruchsvollen Spring- und Dressurwettbewerben bis zur Klasse M steht das gro\u00dfe Turnier heuer ganz im Zeichen \u201eTeamgeist und Jugendf\u00f6rderung\u201c.<\/div><div>\u00a0<\/div><h3>Motto \u201eReitsport ist Teamgeist\u201c<\/h3><div class=\"moz-text-html\" lang=\"x-western\"><div><p>Gleich mehrere \u201eCups\u201c, die als Mannschaftswettbewerb oder f\u00fcr Jugendliche ausgeschrieben sind, unterst\u00fctzen das Motto \u201eReitsport ist Teamgeist\u201c. Der neue \u201eSchwabach Cup\u201c, ein gemischter Spring- und Dressurwettbewe rb und der \u201eMittelfr\u00e4nkische Mannschaftspreis\u201c, der von vier fr\u00e4nkischen Reitvereinen ins Leben gerufen wurde f\u00f6rdern dar\u00fcber hinaus den Austausch zwischen sonst konkurrierenden Sportlern, da sich die Teilnehmer vereins\u00fcbergreifend in einer Startgemeinschaft zusammenfinden.<\/p><h3>Jugend- und Nachwuchsf\u00f6rderung<\/h3><p>Der \u201eSleezy &amp; Co Cup\u201c setzt den Schwerpunkt auf Jugend- und Nachwuchsf\u00f6rderung durch sechs Qualifikationspr\u00fcfungen auf Einstiegsniveau und ein gro\u00dfes Finale im Ansbacher Landesleistungszentrum. Wie schon im vergangenen Jahr ist das Turnier im Reitverein Schwabach wieder als Austragungsort f\u00fcr \u201eBayerns Pferde Champions Club\u201c ausgew\u00e4hlt worden.<\/p><\/div><\/div>\t\t\t\t\t\t<\/div>\n\t\t\t\t<\/div>\n\t\t\t\t<div class=\"elementor-element elementor-element-0c834d7 elementor-widget-divider--view-line elementor-widget elementor-widget-divider\" data-id=\"0c834d7\" data-element_type=\"widget\" data-widget_type=\"divider.default\">\n\t\t\t\t<div class=\"elementor-widget-container\">\n\t\t\t\t\t<div class=\"elementor-divider\">\n\t\t\t<span class=\"elementor-divider-separator\">\n\t\t\t\t\t\t<\/span>\n\t\t<\/div>\n\t\t\t\t<\/div>\n\t\t\t\t<\/div>\n\t\t\t\t<div class=\"elementor-element elementor-element-d08c758 elementor-widget elementor-widget-google_maps\" data-id=\"d08c758\" data-element_type=\"widget\" data-widget_type=\"google_maps.default\">\n\t\t\t\t<div class=\"elementor-widget-container\">\n\t\t\t\t\t<div class=\"elementor-custom-embed\">\n\t\t\t<iframe loading=\"lazy\"\n\t\t\t\t\tsrc=\"https:\/\/maps.google.com\/maps?q=Badstra%C3%9Fe%2022%2C%20Schwabach%2C%20Deutschland&#038;t=m&#038;z=17&#038;output=embed&#038;iwloc=near\"\n\t\t\t\t\ttitle=\"Badstra\u00dfe 22, Schwabach, Deutschland\"\n\t\t\t\t\taria-label=\"Badstra\u00dfe 22, Schwabach, Deutschland\"\n\t\t\t><\/iframe>\n\t\t<\/div>\n\t\t\t\t<\/div>\n\t\t\t\t<\/div>\n\t\t\t\t\t<\/div>\n\t\t<\/div>\n\t\t\t\t<div class=\"elementor-column elementor-col-33 elementor-top-column elementor-element elementor-element-f645137\" data-id=\"f645137\" data-element_type=\"column\">\n\t\t\t<div class=\"elementor-widget-wrap elementor-element-populated\">\n\t\t\t\t\t\t<div class=\"elementor-element elementor-element-25043c1 elementor-widget elementor-widget-image\" data-id=\"25043c1\" data-element_type=\"widget\" data-widget_type=\"image.default\">\n\t\t\t\t<div class=\"elementor-widget-container\">\n\t\t\t\t\t\t\t\t\t\t\t\t\t<img fetchpriority=\"high\" decoding=\"async\" width=\"300\" height=\"300\" src=\"https:\/\/www.region-schwabach.de\/wordpress\/wp-content\/uploads\/2018\/04\/werbung1-300x300.png\" class=\"attachment-medium size-medium wp-image-35382\" alt=\"\" srcset=\"https:\/\/www.region-schwabach.de\/wordpress\/wp-content\/uploads\/2018\/04\/werbung1-300x300.png 300w, https:\/\/www.region-schwabach.de\/wordpress\/wp-content\/uploads\/2018\/04\/werbung1-150x150.png 150w, https:\/\/www.region-schwabach.de\/wordpress\/wp-content\/uploads\/2018\/04\/werbung1-768x768.png 768w, https:\/\/www.region-schwabach.de\/wordpress\/wp-content\/uploads\/2018\/04\/werbung1-1024x1024.png 1024w, https:\/\/www.region-schwabach.de\/wordpress\/wp-content\/uploads\/2018\/04\/werbung1.png 1200w\" sizes=\"(max-width: 300px) 100vw, 300px\" \/>\t\t\t\t\t\t\t\t\t\t\t\t\t<\/div>\n\t\t\t\t<\/div>\n\t\t\t\t\t<\/div>\n\t\t<\/div>\n\t\t\t\t\t<\/div>\n\t\t<\/section>\n\t\t\t\t<\/div>\n\t\t","protected":false},"excerpt":{"rendered":"<div class=\"mh-excerpt\"><p>Gro\u00dfes Reit- und Springturnier beim Reitverein Schwabach \u00a0Es gibt viel zu sehen &#8230; am Wochenende des 23.\/24. Juni beim diesj\u00e4hrigen gro\u00dfen Turnier des Reit- und Fahrverein Schwabach u.U.e.V. in der Badstra\u00dfe.\u00a0Ein tolles Ausflugsziel f\u00fcr die <a class=\"mh-excerpt-more\" href=\"https:\/\/www.region-schwabach.de\/wordpress\/zgrosses-reit-und-springturnier-beim-reitverein-schwabach\/\" title=\"Gro\u00dfes Reit- und Springturnier beim Reitverein Schwabach\">[&#8230;]<\/a><\/p>\n<\/div>","protected":false},"author":1,"featured_media":43110,"comment_status":"open","ping_status":"open","sticky":false,"template":"","format":"standard","meta":{"_cbd_carousel_blocks":"[]","footnotes":""},"categories":[16,1,287,61,231,46],"tags":[2017,4150,4524,4522,4520,4521,19,4523],"class_list":{"0":"post-43109","1":"post","2":"type-post","3":"status-publish","4":"format-standard","5":"has-post-thumbnail","7":"category-aktuell","8":"category-allgemein","9":"category-jugend-und-familie","10":"category-rathaus","11":"category-veranstaltungsnews","12":"category-verbaende","13":"tag-23-06-2018","14":"tag-24-06-2018","15":"tag-badstrasse","16":"tag-reit-und-fahrverein","17":"tag-reit-und-springturnier","18":"tag-reitverein","19":"tag-schwabach","20":"tag-turnier"},"_links":{"self":[{"href":"https:\/\/www.region-schwabach.de\/wordpress\/wp-json\/wp\/v2\/posts\/43109","targetHints":{"allow":["GET"]}}],"collection":[{"href":"https:\/\/www.region-schwabach.de\/wordpress\/wp-json\/wp\/v2\/posts"}],"about":[{"href":"https:\/\/www.region-schwabach.de\/wordpress\/wp-json\/wp\/v2\/types\/post"}],"author":[{"embeddable":true,"href":"https:\/\/www.region-schwabach.de\/wordpress\/wp-json\/wp\/v2\/users\/1"}],"replies":[{"embeddable":true,"href":"https:\/\/www.region-schwabach.de\/wordpress\/wp-json\/wp\/v2\/comments?post=43109"}],"version-history":[{"count":0,"href":"https:\/\/www.region-schwabach.de\/wordpress\/wp-json\/wp\/v2\/posts\/43109\/revisions"}],"wp:featuredmedia":[{"embeddable":true,"href":"https:\/\/www.region-schwabach.de\/wordpress\/wp-json\/wp\/v2\/media\/43110"}],"wp:attachment":[{"href":"https:\/\/www.region-schwabach.de\/wordpress\/wp-json\/wp\/v2\/media?parent=43109"}],"wp:term":[{"taxonomy":"category","embeddable":true,"href":"https:\/\/www.region-schwabach.de\/wordpress\/wp-json\/wp\/v2\/categories?post=43109"},{"taxonomy":"post_tag","embeddable":true,"href":"https:\/\/www.region-schwabach.de\/wordpress\/wp-json\/wp\/v2\/tags?post=43109"}],"curies":[{"name":"wp","href":"https:\/\/api.w.org\/{rel}","templated":true}]}}