{"id":43119,"date":"2018-06-15T08:45:18","date_gmt":"2018-06-15T06:45:18","guid":{"rendered":"http:\/\/www.region-schwabach.de\/wordpress\/?p=43119"},"modified":"2018-06-15T08:49:08","modified_gmt":"2018-06-15T06:49:08","slug":"schwer-verletzter-radfahrer-nach-wildunfall-in-rudletzholz","status":"publish","type":"post","link":"https:\/\/www.region-schwabach.de\/wordpress\/schwer-verletzter-radfahrer-nach-wildunfall-in-rudletzholz\/","title":{"rendered":"Schwer verletzter Radfahrer nach Wildunfall in Rudletzholz"},"content":{"rendered":"\t\t<div data-elementor-type=\"wp-post\" data-elementor-id=\"43119\" class=\"elementor elementor-43119 elementor-bc-flex-widget\">\n\t\t\t\t\t\t<section class=\"elementor-section elementor-top-section elementor-element elementor-element-1cuv9jr elementor-section-boxed elementor-section-height-default elementor-section-height-default\" data-id=\"1cuv9jr\" data-element_type=\"section\">\n\t\t\t\t\t\t<div class=\"elementor-container elementor-column-gap-default\">\n\t\t\t\t\t<div class=\"elementor-column elementor-col-66 elementor-top-column elementor-element elementor-element-q5zak7b\" data-id=\"q5zak7b\" data-element_type=\"column\">\n\t\t\t<div class=\"elementor-widget-wrap elementor-element-populated\">\n\t\t\t\t\t\t<div class=\"elementor-element elementor-element-86qws23 elementor-widget elementor-widget-text-editor\" data-id=\"86qws23\" data-element_type=\"widget\" data-widget_type=\"text-editor.default\">\n\t\t\t\t<div class=\"elementor-widget-container\">\n\t\t\t\t\t\t\t<h3 class=\"story-headline\"><strong>Wildunfall mit Reh<\/strong><\/h3><p>Heideck &#8211; Am Donnerstagmittag, den 14.06.2018, war ein 69-j\u00e4hriger Fahrradfahrer auf einem absch\u00fcssigen Weg in Rudletzholz unterwegs, als pl\u00f6tzlich ein Reh vor ihm auf die Fahrbahn sprang.<\/p><h3>Radfahrer nach Sturz schwer verletzt<\/h3><p>Der Radfahrer konnte weder ausweichen, noch abbremsen, so da\u00df es zur Kollision mit dem Reh kam, und er st\u00fcrzte. Bei dem Sturz verletzte sich der Radfahrer so schwer, da\u00df er mit dem Rettungsdienst ins Krankenhaus gebracht werden mu\u00dfte.<\/p><h3>Unfall endet auch f\u00fcr Reh tragisch<\/h3><p>Dem schwer verletzten Reh konnte nicht mehr geholfen werden, und mu\u00dfte vom zust\u00e4ndigen J\u00e4ger erl\u00f6st werden. Am Fahrrad entstand ein Sachschaden in H\u00f6he von ca. 100 Euro.<\/p>\t\t\t\t\t\t<\/div>\n\t\t\t\t<\/div>\n\t\t\t\t<div class=\"elementor-element elementor-element-1l7zbzo elementor-widget elementor-widget-google_maps\" data-id=\"1l7zbzo\" data-element_type=\"widget\" data-widget_type=\"google_maps.default\">\n\t\t\t\t<div class=\"elementor-widget-container\">\n\t\t\t\t\t<div class=\"elementor-custom-embed\">\n\t\t\t<iframe loading=\"lazy\"\n\t\t\t\t\tsrc=\"https:\/\/maps.google.com\/maps?q=Rudletzholz%2C%20Heideck%2C%20Deutschland&#038;t=m&#038;z=15&#038;output=embed&#038;iwloc=near\"\n\t\t\t\t\ttitle=\"Rudletzholz, Heideck, Deutschland\"\n\t\t\t\t\taria-label=\"Rudletzholz, Heideck, Deutschland\"\n\t\t\t><\/iframe>\n\t\t<\/div>\n\t\t\t\t<\/div>\n\t\t\t\t<\/div>\n\t\t\t\t\t<\/div>\n\t\t<\/div>\n\t\t\t\t<div class=\"elementor-column elementor-col-33 elementor-top-column elementor-element elementor-element-0w0urt1\" data-id=\"0w0urt1\" data-element_type=\"column\">\n\t\t\t<div class=\"elementor-widget-wrap elementor-element-populated\">\n\t\t\t\t\t\t<div class=\"elementor-element elementor-element-mo6nk5i elementor-widget elementor-widget-image\" data-id=\"mo6nk5i\" data-element_type=\"widget\" data-widget_type=\"image.default\">\n\t\t\t\t<div class=\"elementor-widget-container\">\n\t\t\t\t\t\t\t\t\t\t\t\t\t\t<a href=\"http:\/\/www.region-schwabach.de\/wordpress\/werben-auf-region-schwabach\/\" target=\"_blank\">\n\t\t\t\t\t\t\t<img fetchpriority=\"high\" decoding=\"async\" width=\"1024\" height=\"1024\" src=\"https:\/\/www.region-schwabach.de\/wordpress\/wp-content\/uploads\/2017\/06\/werbung8-1024x1024.png\" class=\"attachment-large size-large wp-image-2484\" alt=\"\" srcset=\"https:\/\/www.region-schwabach.de\/wordpress\/wp-content\/uploads\/2017\/06\/werbung8-1024x1024.png 1024w, https:\/\/www.region-schwabach.de\/wordpress\/wp-content\/uploads\/2017\/06\/werbung8-150x150.png 150w, https:\/\/www.region-schwabach.de\/wordpress\/wp-content\/uploads\/2017\/06\/werbung8-300x300.png 300w, https:\/\/www.region-schwabach.de\/wordpress\/wp-content\/uploads\/2017\/06\/werbung8-768x768.png 768w, https:\/\/www.region-schwabach.de\/wordpress\/wp-content\/uploads\/2017\/06\/werbung8-600x600.png 600w, https:\/\/www.region-schwabach.de\/wordpress\/wp-content\/uploads\/2017\/06\/werbung8.png 1200w\" sizes=\"(max-width: 1024px) 100vw, 1024px\" \/>\t\t\t\t\t\t\t\t<\/a>\n\t\t\t\t\t\t\t\t\t\t\t\t\t<\/div>\n\t\t\t\t<\/div>\n\t\t\t\t\t<\/div>\n\t\t<\/div>\n\t\t\t\t\t<\/div>\n\t\t<\/section>\n\t\t\t\t<\/div>\n\t\t","protected":false},"excerpt":{"rendered":"<div class=\"mh-excerpt\"><p>Wildunfall mit Reh Heideck &#8211; Am Donnerstagmittag, den 14.06.2018, war ein 69-j\u00e4hriger Fahrradfahrer auf einem absch\u00fcssigen Weg in Rudletzholz unterwegs, als pl\u00f6tzlich ein Reh vor ihm auf die Fahrbahn sprang. Radfahrer nach Sturz schwer verletzt <a class=\"mh-excerpt-more\" href=\"https:\/\/www.region-schwabach.de\/wordpress\/schwer-verletzter-radfahrer-nach-wildunfall-in-rudletzholz\/\" title=\"Schwer verletzter Radfahrer nach Wildunfall in Rudletzholz\">[&#8230;]<\/a><\/p>\n<\/div>","protected":false},"author":1,"featured_media":43120,"comment_status":"open","ping_status":"open","sticky":false,"template":"","format":"standard","meta":{"_cbd_carousel_blocks":"[]","footnotes":""},"categories":[15],"tags":[4142,4526,643,297,2345,1856,2138,2103,4525,1327,875,1661],"class_list":{"0":"post-43119","1":"post","2":"type-post","3":"status-publish","4":"format-standard","5":"has-post-thumbnail","7":"category-polizeimeldungen","8":"tag-14-06-2018","9":"tag-abschuessiger-weg","10":"tag-fahrrad","11":"tag-hilpoltstein","12":"tag-kollision","13":"tag-krankenhaus","14":"tag-reh","15":"tag-rettungsdienst","16":"tag-rudletzholz","17":"tag-schwer-verletzt","18":"tag-sturz","19":"tag-wildunfall"},"_links":{"self":[{"href":"https:\/\/www.region-schwabach.de\/wordpress\/wp-json\/wp\/v2\/posts\/43119","targetHints":{"allow":["GET"]}}],"collection":[{"href":"https:\/\/www.region-schwabach.de\/wordpress\/wp-json\/wp\/v2\/posts"}],"about":[{"href":"https:\/\/www.region-schwabach.de\/wordpress\/wp-json\/wp\/v2\/types\/post"}],"author":[{"embeddable":true,"href":"https:\/\/www.region-schwabach.de\/wordpress\/wp-json\/wp\/v2\/users\/1"}],"replies":[{"embeddable":true,"href":"https:\/\/www.region-schwabach.de\/wordpress\/wp-json\/wp\/v2\/comments?post=43119"}],"version-history":[{"count":0,"href":"https:\/\/www.region-schwabach.de\/wordpress\/wp-json\/wp\/v2\/posts\/43119\/revisions"}],"wp:featuredmedia":[{"embeddable":true,"href":"https:\/\/www.region-schwabach.de\/wordpress\/wp-json\/wp\/v2\/media\/43120"}],"wp:attachment":[{"href":"https:\/\/www.region-schwabach.de\/wordpress\/wp-json\/wp\/v2\/media?parent=43119"}],"wp:term":[{"taxonomy":"category","embeddable":true,"href":"https:\/\/www.region-schwabach.de\/wordpress\/wp-json\/wp\/v2\/categories?post=43119"},{"taxonomy":"post_tag","embeddable":true,"href":"https:\/\/www.region-schwabach.de\/wordpress\/wp-json\/wp\/v2\/tags?post=43119"}],"curies":[{"name":"wp","href":"https:\/\/api.w.org\/{rel}","templated":true}]}}