{"id":43140,"date":"2018-06-15T11:57:29","date_gmt":"2018-06-15T09:57:29","guid":{"rendered":"http:\/\/www.region-schwabach.de\/wordpress\/?p=43140"},"modified":"2018-06-15T16:11:02","modified_gmt":"2018-06-15T14:11:02","slug":"34-jaehriger-pkw-fahrer-mit-105-km-h-in-weissenburg-geblitzt-aber-das-war-erst-der-anfang","status":"publish","type":"post","link":"https:\/\/www.region-schwabach.de\/wordpress\/34-jaehriger-pkw-fahrer-mit-105-km-h-in-weissenburg-geblitzt-aber-das-war-erst-der-anfang\/","title":{"rendered":"34-j\u00e4hriger PKW-Fahrer mit 105 km\/h in Wei\u00dfenburg geblitzt, aber das war erst der Anfang"},"content":{"rendered":"\t\t<div data-elementor-type=\"wp-post\" data-elementor-id=\"43140\" class=\"elementor elementor-43140 elementor-bc-flex-widget\">\n\t\t\t\t\t\t<section class=\"elementor-section elementor-top-section elementor-element elementor-element-1cuv9jr elementor-section-boxed elementor-section-height-default elementor-section-height-default\" data-id=\"1cuv9jr\" data-element_type=\"section\">\n\t\t\t\t\t\t<div class=\"elementor-container elementor-column-gap-default\">\n\t\t\t\t\t<div class=\"elementor-column elementor-col-66 elementor-top-column elementor-element elementor-element-q5zak7b\" data-id=\"q5zak7b\" data-element_type=\"column\">\n\t\t\t<div class=\"elementor-widget-wrap elementor-element-populated\">\n\t\t\t\t\t\t<div class=\"elementor-element elementor-element-86qws23 elementor-widget elementor-widget-text-editor\" data-id=\"86qws23\" data-element_type=\"widget\" data-widget_type=\"text-editor.default\">\n\t\t\t\t<div class=\"elementor-widget-container\">\n\t\t\t\t\t\t\t<h3 class=\"story-headline\"><strong>Mit 105 km\/h durch die Ortschaft<\/strong><\/h3><p>Wei\u00dfenburg &#8211; Mit unglaublichen 105 km\/h (50 km\/h sind hier erlaubt!) wurde am Donnerstagvormittag, den 14.06.2018 ein Autofahrer in der Eichst\u00e4tter Landstra\u00dfe in Wei\u00dfenburg geblitzt, und kurz danach auf der B13 in Eichst\u00e4tt durch eine Streife angehalten werden.<\/p><h3 class=\"story-headline\"><strong>Unter Drogeneinflu\u00df und ohne Fahrerlaubnis unterwegs<\/strong><\/h3><p>Als ob das nicht bereits gen\u00fcgt h\u00e4tte, mu\u00dften die Beamten bei der folgenden \u00dcberpr\u00fcfung feststellen, da\u00df der 34-j\u00e4hrige Fahrer unter dem Einflu\u00df von Drogen unterwegs war,\u00a0und zu guter Letzt nicht einmal im Besitz einer Fahrerlaubnis, die ihm wegen vorangegangener Drogendelikte bereits entzogen wurde, war.<\/p><h3>Fall f\u00fcr die Staatsanwaltschaft<\/h3><p>Diese Tatsache wollte er dann auch noch verschleiern, indem er falsche Angaben zu seiner Identit\u00e4t machte. Schlie\u00dflich mu\u00dfte er sich dann noch einer Blutentnahme unterziehen., und die komplette angelegenheit wurde an die Staatsanwaltschaft \u00fcbergeben.<\/p>\t\t\t\t\t\t<\/div>\n\t\t\t\t<\/div>\n\t\t\t\t<div class=\"elementor-element elementor-element-1l7zbzo elementor-widget elementor-widget-google_maps\" data-id=\"1l7zbzo\" data-element_type=\"widget\" data-widget_type=\"google_maps.default\">\n\t\t\t\t<div class=\"elementor-widget-container\">\n\t\t\t\t\t<div class=\"elementor-custom-embed\">\n\t\t\t<iframe loading=\"lazy\"\n\t\t\t\t\tsrc=\"https:\/\/maps.google.com\/maps?q=Eichst%C3%A4tter%20Landstra%C3%9Fe%2C%20Wei%C3%9Fenburg%2C%20Deutschland&#038;t=m&#038;z=14&#038;output=embed&#038;iwloc=near\"\n\t\t\t\t\ttitle=\"Eichst\u00e4tter Landstra\u00dfe, Wei\u00dfenburg, Deutschland\"\n\t\t\t\t\taria-label=\"Eichst\u00e4tter Landstra\u00dfe, Wei\u00dfenburg, Deutschland\"\n\t\t\t><\/iframe>\n\t\t<\/div>\n\t\t\t\t<\/div>\n\t\t\t\t<\/div>\n\t\t\t\t\t<\/div>\n\t\t<\/div>\n\t\t\t\t<div class=\"elementor-column elementor-col-33 elementor-top-column elementor-element elementor-element-0w0urt1\" data-id=\"0w0urt1\" data-element_type=\"column\">\n\t\t\t<div class=\"elementor-widget-wrap elementor-element-populated\">\n\t\t\t\t\t\t<div class=\"elementor-element elementor-element-mo6nk5i elementor-widget elementor-widget-image\" data-id=\"mo6nk5i\" data-element_type=\"widget\" data-widget_type=\"image.default\">\n\t\t\t\t<div class=\"elementor-widget-container\">\n\t\t\t\t\t\t\t\t\t\t\t\t\t\t<a href=\"http:\/\/www.region-schwabach.de\/wordpress\/werben-auf-region-schwabach\/\" target=\"_blank\">\n\t\t\t\t\t\t\t<img fetchpriority=\"high\" decoding=\"async\" width=\"1024\" height=\"1024\" src=\"https:\/\/www.region-schwabach.de\/wordpress\/wp-content\/uploads\/2017\/06\/werbung8-1024x1024.png\" class=\"attachment-large size-large wp-image-2484\" alt=\"\" srcset=\"https:\/\/www.region-schwabach.de\/wordpress\/wp-content\/uploads\/2017\/06\/werbung8-1024x1024.png 1024w, https:\/\/www.region-schwabach.de\/wordpress\/wp-content\/uploads\/2017\/06\/werbung8-150x150.png 150w, https:\/\/www.region-schwabach.de\/wordpress\/wp-content\/uploads\/2017\/06\/werbung8-300x300.png 300w, https:\/\/www.region-schwabach.de\/wordpress\/wp-content\/uploads\/2017\/06\/werbung8-768x768.png 768w, https:\/\/www.region-schwabach.de\/wordpress\/wp-content\/uploads\/2017\/06\/werbung8-600x600.png 600w, https:\/\/www.region-schwabach.de\/wordpress\/wp-content\/uploads\/2017\/06\/werbung8.png 1200w\" sizes=\"(max-width: 1024px) 100vw, 1024px\" \/>\t\t\t\t\t\t\t\t<\/a>\n\t\t\t\t\t\t\t\t\t\t\t\t\t<\/div>\n\t\t\t\t<\/div>\n\t\t\t\t\t<\/div>\n\t\t<\/div>\n\t\t\t\t\t<\/div>\n\t\t<\/section>\n\t\t\t\t<\/div>\n\t\t","protected":false},"excerpt":{"rendered":"<div class=\"mh-excerpt\"><p>Mit 105 km\/h durch die Ortschaft Wei\u00dfenburg &#8211; Mit unglaublichen 105 km\/h (50 km\/h sind hier erlaubt!) wurde am Donnerstagvormittag, den 14.06.2018 ein Autofahrer in der Eichst\u00e4tter Landstra\u00dfe in Wei\u00dfenburg geblitzt, und kurz danach auf <a class=\"mh-excerpt-more\" href=\"https:\/\/www.region-schwabach.de\/wordpress\/34-jaehriger-pkw-fahrer-mit-105-km-h-in-weissenburg-geblitzt-aber-das-war-erst-der-anfang\/\" title=\"34-j\u00e4hriger PKW-Fahrer mit 105 km\/h in Wei\u00dfenburg geblitzt, aber das war erst der Anfang\">[&#8230;]<\/a><\/p>\n<\/div>","protected":false},"author":1,"featured_media":43142,"comment_status":"open","ping_status":"open","sticky":false,"template":"","format":"standard","meta":{"_cbd_carousel_blocks":"[]","footnotes":""},"categories":[15],"tags":[4142,1028,701,2004,728,2566,4532,4531,249],"class_list":{"0":"post-43140","1":"post","2":"type-post","3":"status-publish","4":"format-standard","5":"has-post-thumbnail","7":"category-polizeimeldungen","8":"tag-14-06-2018","9":"tag-b13","10":"tag-drogen","11":"tag-eichstaett","12":"tag-fahndung","13":"tag-ohne-fahrerlaubnis","14":"tag-radarkontrolle","15":"tag-radarmessung","16":"tag-weissenburg"},"_links":{"self":[{"href":"https:\/\/www.region-schwabach.de\/wordpress\/wp-json\/wp\/v2\/posts\/43140","targetHints":{"allow":["GET"]}}],"collection":[{"href":"https:\/\/www.region-schwabach.de\/wordpress\/wp-json\/wp\/v2\/posts"}],"about":[{"href":"https:\/\/www.region-schwabach.de\/wordpress\/wp-json\/wp\/v2\/types\/post"}],"author":[{"embeddable":true,"href":"https:\/\/www.region-schwabach.de\/wordpress\/wp-json\/wp\/v2\/users\/1"}],"replies":[{"embeddable":true,"href":"https:\/\/www.region-schwabach.de\/wordpress\/wp-json\/wp\/v2\/comments?post=43140"}],"version-history":[{"count":0,"href":"https:\/\/www.region-schwabach.de\/wordpress\/wp-json\/wp\/v2\/posts\/43140\/revisions"}],"wp:featuredmedia":[{"embeddable":true,"href":"https:\/\/www.region-schwabach.de\/wordpress\/wp-json\/wp\/v2\/media\/43142"}],"wp:attachment":[{"href":"https:\/\/www.region-schwabach.de\/wordpress\/wp-json\/wp\/v2\/media?parent=43140"}],"wp:term":[{"taxonomy":"category","embeddable":true,"href":"https:\/\/www.region-schwabach.de\/wordpress\/wp-json\/wp\/v2\/categories?post=43140"},{"taxonomy":"post_tag","embeddable":true,"href":"https:\/\/www.region-schwabach.de\/wordpress\/wp-json\/wp\/v2\/tags?post=43140"}],"curies":[{"name":"wp","href":"https:\/\/api.w.org\/{rel}","templated":true}]}}