{"id":43229,"date":"2018-06-16T09:36:49","date_gmt":"2018-06-16T07:36:49","guid":{"rendered":"http:\/\/www.region-schwabach.de\/wordpress\/?p=43229"},"modified":"2018-06-18T10:27:39","modified_gmt":"2018-06-18T08:27:39","slug":"schwerer-verkehrsunfall-zwischen-schwabach-und-wolkersdorf","status":"publish","type":"post","link":"https:\/\/www.region-schwabach.de\/wordpress\/schwerer-verkehrsunfall-zwischen-schwabach-und-wolkersdorf\/","title":{"rendered":"Schwerer Verkehrsunfall zwischen Schwabach und Wolkersdorf"},"content":{"rendered":"\t\t<div data-elementor-type=\"wp-post\" data-elementor-id=\"43229\" class=\"elementor elementor-43229 elementor-bc-flex-widget\">\n\t\t\t\t\t\t<section class=\"elementor-section elementor-top-section elementor-element elementor-element-1cuv9jr elementor-section-boxed elementor-section-height-default elementor-section-height-default\" data-id=\"1cuv9jr\" data-element_type=\"section\">\n\t\t\t\t\t\t<div class=\"elementor-container elementor-column-gap-default\">\n\t\t\t\t\t<div class=\"elementor-column elementor-col-66 elementor-top-column elementor-element elementor-element-q5zak7b\" data-id=\"q5zak7b\" data-element_type=\"column\">\n\t\t\t<div class=\"elementor-widget-wrap elementor-element-populated\">\n\t\t\t\t\t\t<div class=\"elementor-element elementor-element-86qws23 elementor-widget elementor-widget-text-editor\" data-id=\"86qws23\" data-element_type=\"widget\" data-widget_type=\"text-editor.default\">\n\t\t\t\t<div class=\"elementor-widget-container\">\n\t\t\t\t\t\t\t<h3 class=\"story-headline\"><strong>Schwerer Unfall am Wolkersdorfer Berg<\/strong><\/h3><p>Schwabach &#8211; Am Freitag, den 15.06.18, kam es gegen 21.30 Uhr auf der Strecke von Schwabach nach Wolkersdorf zu einem schweren Verkehrsunfallfuhr, als ein 19-j\u00e4hriger Fahranf\u00e4nger und sein 17-j\u00e4hriger Beifahrer mit ihrem BMW aus bisher ungekl\u00e4rten Gr\u00fcnden im 80-er Bereich ins Schleudern gerieten.<\/p><h3>Gegen Baum geprallt<\/h3><p>Kurz vor der Abzweigung zum Wolkersdorfer Berg verlor der Fahrer dann die Kontrolle \u00fcber sein Fahrzeug, und kam nach rechts von der Fahrbahn ab, schleuderte schlie\u00dflich\u00a0mit der linken Seite auf H\u00f6he des Fahrers gegen einen Baum.<\/p><h3>Insassen hatten Gl\u00fcck im Ungl\u00fcck<\/h3><p>Bei der Kollision\u00a0wurde der BMW stark besch\u00e4digt, die Insassen hatten aber Gl\u00fcck im Ungl\u00fcck, und wurden nicht so stark verletzt, wie es den ersten Anschein hatte. Die beiden Jugendlichen wurden noch vor Ort von der\u00a0Besatzung eines Rettungswagens, der zuf\u00e4llig zur Unfallstelle kam, versorgt.<\/p><h3>Viele Einsatzkr\u00e4fte am Unfallort<\/h3><p>Am Unfallort waren mehrere Freiwillige Feuerwehren, zwei Rettungsw\u00e4gen, zwei Not\u00e4rzte und ein Hubschrauber im Einsatz. Die Stra\u00dfe mu\u00dfte\u00a0f\u00fcr l\u00e4ngere Zeit gesperrt werden, bis der Fahrer aus dem Pkw befreit, mit dem Hubschrauber abtransportiert, und die Aufr\u00e4umarbeiten beendet werden konnten.<\/p>\t\t\t\t\t\t<\/div>\n\t\t\t\t<\/div>\n\t\t\t\t<div class=\"elementor-element elementor-element-1l7zbzo elementor-widget elementor-widget-google_maps\" data-id=\"1l7zbzo\" data-element_type=\"widget\" data-widget_type=\"google_maps.default\">\n\t\t\t\t<div class=\"elementor-widget-container\">\n\t\t\t\t\t<div class=\"elementor-custom-embed\">\n\t\t\t<iframe loading=\"lazy\"\n\t\t\t\t\tsrc=\"https:\/\/maps.google.com\/maps?q=49.356085%2C%2011.024306&#038;t=m&#038;z=16&#038;output=embed&#038;iwloc=near\"\n\t\t\t\t\ttitle=\"49.356085, 11.024306\"\n\t\t\t\t\taria-label=\"49.356085, 11.024306\"\n\t\t\t><\/iframe>\n\t\t<\/div>\n\t\t\t\t<\/div>\n\t\t\t\t<\/div>\n\t\t\t\t\t<\/div>\n\t\t<\/div>\n\t\t\t\t<div class=\"elementor-column elementor-col-33 elementor-top-column elementor-element elementor-element-0w0urt1\" data-id=\"0w0urt1\" data-element_type=\"column\">\n\t\t\t<div class=\"elementor-widget-wrap elementor-element-populated\">\n\t\t\t\t\t\t<div class=\"elementor-element elementor-element-mo6nk5i elementor-widget elementor-widget-image\" data-id=\"mo6nk5i\" data-element_type=\"widget\" data-widget_type=\"image.default\">\n\t\t\t\t<div class=\"elementor-widget-container\">\n\t\t\t\t\t\t\t\t\t\t\t\t\t\t<a href=\"http:\/\/www.region-schwabach.de\/wordpress\/werben-auf-region-schwabach\/\" target=\"_blank\">\n\t\t\t\t\t\t\t<img fetchpriority=\"high\" decoding=\"async\" width=\"1024\" height=\"1024\" src=\"https:\/\/www.region-schwabach.de\/wordpress\/wp-content\/uploads\/2017\/06\/werbung8-1024x1024.png\" class=\"attachment-large size-large wp-image-2484\" alt=\"\" srcset=\"https:\/\/www.region-schwabach.de\/wordpress\/wp-content\/uploads\/2017\/06\/werbung8-1024x1024.png 1024w, https:\/\/www.region-schwabach.de\/wordpress\/wp-content\/uploads\/2017\/06\/werbung8-150x150.png 150w, https:\/\/www.region-schwabach.de\/wordpress\/wp-content\/uploads\/2017\/06\/werbung8-300x300.png 300w, https:\/\/www.region-schwabach.de\/wordpress\/wp-content\/uploads\/2017\/06\/werbung8-768x768.png 768w, https:\/\/www.region-schwabach.de\/wordpress\/wp-content\/uploads\/2017\/06\/werbung8-600x600.png 600w, https:\/\/www.region-schwabach.de\/wordpress\/wp-content\/uploads\/2017\/06\/werbung8.png 1200w\" sizes=\"(max-width: 1024px) 100vw, 1024px\" \/>\t\t\t\t\t\t\t\t<\/a>\n\t\t\t\t\t\t\t\t\t\t\t\t\t<\/div>\n\t\t\t\t<\/div>\n\t\t\t\t\t<\/div>\n\t\t<\/div>\n\t\t\t\t\t<\/div>\n\t\t<\/section>\n\t\t\t\t<\/div>\n\t\t","protected":false},"excerpt":{"rendered":"<div class=\"mh-excerpt\"><p>Schwerer Unfall am Wolkersdorfer Berg Schwabach &#8211; Am Freitag, den 15.06.18, kam es gegen 21.30 Uhr auf der Strecke von Schwabach nach Wolkersdorf zu einem schweren Verkehrsunfallfuhr, als ein 19-j\u00e4hriger Fahranf\u00e4nger und sein 17-j\u00e4hriger Beifahrer <a class=\"mh-excerpt-more\" href=\"https:\/\/www.region-schwabach.de\/wordpress\/schwerer-verkehrsunfall-zwischen-schwabach-und-wolkersdorf\/\" title=\"Schwerer Verkehrsunfall zwischen Schwabach und Wolkersdorf\">[&#8230;]<\/a><\/p>\n<\/div>","protected":false},"author":1,"featured_media":43230,"comment_status":"open","ping_status":"open","sticky":false,"template":"","format":"standard","meta":{"_cbd_carousel_blocks":"[]","footnotes":""},"categories":[15],"tags":[4143,4542,1906,2277,2103,972,19,4095,1297,400,4543],"class_list":{"0":"post-43229","1":"post","2":"type-post","3":"status-publish","4":"format-standard","5":"has-post-thumbnail","7":"category-polizeimeldungen","8":"tag-15-06-2018","9":"tag-bergung","10":"tag-fahrbahn","11":"tag-notarzt","12":"tag-rettungsdienst","13":"tag-rettungshubschrauber","14":"tag-schwabach","15":"tag-schwerer-unfall","16":"tag-totalschaden","17":"tag-wolkersdorf","18":"tag-wolkersdorfer-berg"},"_links":{"self":[{"href":"https:\/\/www.region-schwabach.de\/wordpress\/wp-json\/wp\/v2\/posts\/43229","targetHints":{"allow":["GET"]}}],"collection":[{"href":"https:\/\/www.region-schwabach.de\/wordpress\/wp-json\/wp\/v2\/posts"}],"about":[{"href":"https:\/\/www.region-schwabach.de\/wordpress\/wp-json\/wp\/v2\/types\/post"}],"author":[{"embeddable":true,"href":"https:\/\/www.region-schwabach.de\/wordpress\/wp-json\/wp\/v2\/users\/1"}],"replies":[{"embeddable":true,"href":"https:\/\/www.region-schwabach.de\/wordpress\/wp-json\/wp\/v2\/comments?post=43229"}],"version-history":[{"count":0,"href":"https:\/\/www.region-schwabach.de\/wordpress\/wp-json\/wp\/v2\/posts\/43229\/revisions"}],"wp:featuredmedia":[{"embeddable":true,"href":"https:\/\/www.region-schwabach.de\/wordpress\/wp-json\/wp\/v2\/media\/43230"}],"wp:attachment":[{"href":"https:\/\/www.region-schwabach.de\/wordpress\/wp-json\/wp\/v2\/media?parent=43229"}],"wp:term":[{"taxonomy":"category","embeddable":true,"href":"https:\/\/www.region-schwabach.de\/wordpress\/wp-json\/wp\/v2\/categories?post=43229"},{"taxonomy":"post_tag","embeddable":true,"href":"https:\/\/www.region-schwabach.de\/wordpress\/wp-json\/wp\/v2\/tags?post=43229"}],"curies":[{"name":"wp","href":"https:\/\/api.w.org\/{rel}","templated":true}]}}