{"id":43979,"date":"2018-06-18T12:50:15","date_gmt":"2018-06-18T10:50:15","guid":{"rendered":"http:\/\/www.region-schwabach.de\/wordpress\/?p=43979"},"modified":"2018-06-18T12:57:49","modified_gmt":"2018-06-18T10:57:49","slug":"zwischenbilanz-der-polizei-zur-kirchweih-in-rednitzhembach","status":"publish","type":"post","link":"https:\/\/www.region-schwabach.de\/wordpress\/zwischenbilanz-der-polizei-zur-kirchweih-in-rednitzhembach\/","title":{"rendered":"Zwischenbilanz der Polizei zur Kirchweih in Rednitzhembach"},"content":{"rendered":"\t\t<div data-elementor-type=\"wp-post\" data-elementor-id=\"43979\" class=\"elementor elementor-43979 elementor-bc-flex-widget\">\n\t\t\t\t\t\t<section class=\"elementor-section elementor-top-section elementor-element elementor-element-1cuv9jr elementor-section-boxed elementor-section-height-default elementor-section-height-default\" data-id=\"1cuv9jr\" data-element_type=\"section\">\n\t\t\t\t\t\t<div class=\"elementor-container elementor-column-gap-default\">\n\t\t\t\t\t<div class=\"elementor-column elementor-col-66 elementor-top-column elementor-element elementor-element-q5zak7b\" data-id=\"q5zak7b\" data-element_type=\"column\">\n\t\t\t<div class=\"elementor-widget-wrap elementor-element-populated\">\n\t\t\t\t\t\t<div class=\"elementor-element elementor-element-86qws23 elementor-widget elementor-widget-text-editor\" data-id=\"86qws23\" data-element_type=\"widget\" data-widget_type=\"text-editor.default\">\n\t\t\t\t<div class=\"elementor-widget-container\">\n\t\t\t\t\t\t\t<h3>Zwischenbilanz der Polizei zur Kirchweih in Rednitzhembach<\/h3><p>Ein insgesamt relativ ruhiges Wochenende kann von der Kirchweih in Rednitzhembach vermeldet werden.<\/p><h3>Drogen waren Grund f\u00fcr Flucht vor der Polizei<\/h3><p>Am Freitagabend versuchte ein 18-j\u00e4hriger vor der Polizei zu fl\u00fcchten, als er am Rednitzhembacher Bahnhof kontrolliert werden sollte. Nach wenigen hundert Metern ging ihm jedoch die Puste aus. Der Grund seines Fluchtversuchs stellte sich dann recht schnell heraus &#8211; er hatte mehrere Gramm Marihuana bei sich. Der Heranwachsende versuchte sich der Tasche, in der er dieses mitf\u00fchrte, noch durch einen Wurf auf die angrenzenden Bahngleise zu entledigen. Diese konnte jedoch sp\u00e4ter aufgefunden werden. Er wurde vorl\u00e4ufig festgenommen. Ihn erwartet nun eine Anzeige wegen Versto\u00dfes gegen das Bet\u00e4ubungsmittelgesetz.<\/p><h3>18 J\u00e4hriger beleidigt Streifenbeamte<\/h3><p>In der Nacht von Freitag auf Samstag beleidigte ein 18-j\u00e4hriger aus Schwabach eine vorbeifahrende Streife mit der Abk\u00fcrzung \u201eACAB\u201c (All Cops are Bastards). Nachdem er sich nicht ausweisen konnte, wurde er zur \u00dcberpr\u00fcfung seiner Identit\u00e4t mitgenommen. Ein durchgef\u00fchrter Atemalkoholtest ergab einen Wert von fast 1,4 Promille. Den Heranwachsenden erwartet eine Anzeige wegen Beleidigung.<\/p><h3>Sachbesch\u00e4digung im Schaftnacher Weg<\/h3><p>Ebenfalls in der Nacht von Freitag auf Samstag, gegen etwa 01:00 Uhr, besch\u00e4digten Unbekannte eine Stein-Gartenmauer im Schaftnacher Weg. Die Mauer wurde auf einer L\u00e4nge von etwa zwei Metern eingerissen. Zeugen des Vorfalls m\u00f6gen sich bitte bei der Polizei in Roth melden.<\/p><h3>Grundlos ins Gesicht geschlagen<\/h3><p>Ein Unbekannter schlug einem 17-j\u00e4hrigen am Samstagabend auf dem Festplatz grundlos mit der Faust ins Gesicht. Der Jugendliche erlitt hierbei leichte Verletzungen und musste sich ambulant im Krankenhaus behandeln lassen. Auch hier bittet die Polizei in Roth m\u00f6gliche Zeugen des Vorfalls sich zu melden.<\/p><h3>K\u00f6rperverletzung und Sachbesch\u00e4digung<\/h3><p>Nur kurze Zeit sp\u00e4ter, gegen 23:30 Uhr, schlug ein 23-j\u00e4hriger aus Schwabach einem 18-j\u00e4hrigen aus Schwabach im Vorbeilaufen den Kopf gegen einen Zigarettenautomaten. Der 18-j\u00e4hrige wurde hierbei leicht verletzt, au\u00dferdem ging seine Brille zu Bruch. Beim Eintreffen der Polizei war der Tatverd\u00e4chtige aggressiv und renitent und konnte nur durch den Einsatz von Pfefferspray unter Kontrolle gebracht werden. Er wurde in Gewahrsam genommen. Ein Alkoholtest ergab einen Wert von fast 2,3 Promille. Er wurde in Gewahrsam genommen und musste die Nacht bei der Polizei verbringen. Au\u00dferdem erwarten ihn Anzeigen wegen K\u00f6rperverletzung und Sachbesch\u00e4digung.<\/p><p><strong>Simone Wiesenberg<\/strong><\/p>\t\t\t\t\t\t<\/div>\n\t\t\t\t<\/div>\n\t\t\t\t<div class=\"elementor-element elementor-element-1l7zbzo elementor-widget elementor-widget-google_maps\" data-id=\"1l7zbzo\" data-element_type=\"widget\" data-widget_type=\"google_maps.default\">\n\t\t\t\t<div class=\"elementor-widget-container\">\n\t\t\t\t\t<div class=\"elementor-custom-embed\">\n\t\t\t<iframe loading=\"lazy\"\n\t\t\t\t\tsrc=\"https:\/\/maps.google.com\/maps?q=49.300832%2C%2011.079902&#038;t=m&#038;z=17&#038;output=embed&#038;iwloc=near\"\n\t\t\t\t\ttitle=\"49.300832, 11.079902\"\n\t\t\t\t\taria-label=\"49.300832, 11.079902\"\n\t\t\t><\/iframe>\n\t\t<\/div>\n\t\t\t\t<\/div>\n\t\t\t\t<\/div>\n\t\t\t\t\t<\/div>\n\t\t<\/div>\n\t\t\t\t<div class=\"elementor-column elementor-col-33 elementor-top-column elementor-element elementor-element-0w0urt1\" data-id=\"0w0urt1\" data-element_type=\"column\">\n\t\t\t<div class=\"elementor-widget-wrap elementor-element-populated\">\n\t\t\t\t\t\t<div class=\"elementor-element elementor-element-mo6nk5i elementor-widget elementor-widget-image\" data-id=\"mo6nk5i\" data-element_type=\"widget\" data-widget_type=\"image.default\">\n\t\t\t\t<div class=\"elementor-widget-container\">\n\t\t\t\t\t\t\t\t\t\t\t\t\t\t<a href=\"http:\/\/www.region-schwabach.de\/wordpress\/werben-auf-region-schwabach\/\" target=\"_blank\">\n\t\t\t\t\t\t\t<img fetchpriority=\"high\" decoding=\"async\" width=\"1024\" height=\"1024\" src=\"https:\/\/www.region-schwabach.de\/wordpress\/wp-content\/uploads\/2017\/06\/werbung8-1024x1024.png\" class=\"attachment-large size-large wp-image-2484\" alt=\"\" srcset=\"https:\/\/www.region-schwabach.de\/wordpress\/wp-content\/uploads\/2017\/06\/werbung8-1024x1024.png 1024w, https:\/\/www.region-schwabach.de\/wordpress\/wp-content\/uploads\/2017\/06\/werbung8-150x150.png 150w, https:\/\/www.region-schwabach.de\/wordpress\/wp-content\/uploads\/2017\/06\/werbung8-300x300.png 300w, https:\/\/www.region-schwabach.de\/wordpress\/wp-content\/uploads\/2017\/06\/werbung8-768x768.png 768w, https:\/\/www.region-schwabach.de\/wordpress\/wp-content\/uploads\/2017\/06\/werbung8-600x600.png 600w, https:\/\/www.region-schwabach.de\/wordpress\/wp-content\/uploads\/2017\/06\/werbung8.png 1200w\" sizes=\"(max-width: 1024px) 100vw, 1024px\" \/>\t\t\t\t\t\t\t\t<\/a>\n\t\t\t\t\t\t\t\t\t\t\t\t\t<\/div>\n\t\t\t\t<\/div>\n\t\t\t\t\t<\/div>\n\t\t<\/div>\n\t\t\t\t\t<\/div>\n\t\t<\/section>\n\t\t\t\t<\/div>\n\t\t","protected":false},"excerpt":{"rendered":"<div class=\"mh-excerpt\"><p>Zwischenbilanz der Polizei zur Kirchweih in Rednitzhembach Ein insgesamt relativ ruhiges Wochenende kann von der Kirchweih in Rednitzhembach vermeldet werden. Drogen waren Grund f\u00fcr Flucht vor der Polizei Am Freitagabend versuchte ein 18-j\u00e4hriger vor der <a class=\"mh-excerpt-more\" href=\"https:\/\/www.region-schwabach.de\/wordpress\/zwischenbilanz-der-polizei-zur-kirchweih-in-rednitzhembach\/\" title=\"Zwischenbilanz der Polizei zur Kirchweih in Rednitzhembach\">[&#8230;]<\/a><\/p>\n<\/div>","protected":false},"author":1,"featured_media":43980,"comment_status":"open","ping_status":"open","sticky":false,"template":"","format":"standard","meta":{"_cbd_carousel_blocks":"[]","footnotes":""},"categories":[15],"tags":[4143,3142,4144,470,945,701,4027,515,981,493,32,4568,487,4567],"class_list":{"0":"post-43979","1":"post","2":"type-post","3":"status-publish","4":"format-standard","5":"has-post-thumbnail","7":"category-polizeimeldungen","8":"tag-15-06-2018","9":"tag-16-06-2018","10":"tag-17-06-2018","11":"tag-alkohol","12":"tag-beleidigung","13":"tag-drogen","14":"tag-kirchweih","15":"tag-koerperverletzung","16":"tag-polizei","17":"tag-rednitzhembach","18":"tag-roth","19":"tag-ruhiges-wochenende","20":"tag-sachbeschaedigung","21":"tag-zwischenbilanz"},"_links":{"self":[{"href":"https:\/\/www.region-schwabach.de\/wordpress\/wp-json\/wp\/v2\/posts\/43979","targetHints":{"allow":["GET"]}}],"collection":[{"href":"https:\/\/www.region-schwabach.de\/wordpress\/wp-json\/wp\/v2\/posts"}],"about":[{"href":"https:\/\/www.region-schwabach.de\/wordpress\/wp-json\/wp\/v2\/types\/post"}],"author":[{"embeddable":true,"href":"https:\/\/www.region-schwabach.de\/wordpress\/wp-json\/wp\/v2\/users\/1"}],"replies":[{"embeddable":true,"href":"https:\/\/www.region-schwabach.de\/wordpress\/wp-json\/wp\/v2\/comments?post=43979"}],"version-history":[{"count":0,"href":"https:\/\/www.region-schwabach.de\/wordpress\/wp-json\/wp\/v2\/posts\/43979\/revisions"}],"wp:featuredmedia":[{"embeddable":true,"href":"https:\/\/www.region-schwabach.de\/wordpress\/wp-json\/wp\/v2\/media\/43980"}],"wp:attachment":[{"href":"https:\/\/www.region-schwabach.de\/wordpress\/wp-json\/wp\/v2\/media?parent=43979"}],"wp:term":[{"taxonomy":"category","embeddable":true,"href":"https:\/\/www.region-schwabach.de\/wordpress\/wp-json\/wp\/v2\/categories?post=43979"},{"taxonomy":"post_tag","embeddable":true,"href":"https:\/\/www.region-schwabach.de\/wordpress\/wp-json\/wp\/v2\/tags?post=43979"}],"curies":[{"name":"wp","href":"https:\/\/api.w.org\/{rel}","templated":true}]}}