{"id":44032,"date":"2018-06-19T11:44:15","date_gmt":"2018-06-19T09:44:15","guid":{"rendered":"http:\/\/www.region-schwabach.de\/wordpress\/?p=44032"},"modified":"2018-06-19T11:51:13","modified_gmt":"2018-06-19T09:51:13","slug":"traktor-brennt-auf-wiese-bei-laibstadt-komplett-aus","status":"publish","type":"post","link":"https:\/\/www.region-schwabach.de\/wordpress\/traktor-brennt-auf-wiese-bei-laibstadt-komplett-aus\/","title":{"rendered":"Traktor brennt auf Wiese bei Laibstadt komplett aus"},"content":{"rendered":"\t\t<div data-elementor-type=\"wp-post\" data-elementor-id=\"44032\" class=\"elementor elementor-44032 elementor-bc-flex-widget\">\n\t\t\t\t\t\t<section class=\"elementor-section elementor-top-section elementor-element elementor-element-1cuv9jr elementor-section-boxed elementor-section-height-default elementor-section-height-default\" data-id=\"1cuv9jr\" data-element_type=\"section\">\n\t\t\t\t\t\t<div class=\"elementor-container elementor-column-gap-default\">\n\t\t\t\t\t<div class=\"elementor-column elementor-col-66 elementor-top-column elementor-element elementor-element-q5zak7b\" data-id=\"q5zak7b\" data-element_type=\"column\">\n\t\t\t<div class=\"elementor-widget-wrap elementor-element-populated\">\n\t\t\t\t\t\t<div class=\"elementor-element elementor-element-86qws23 elementor-widget elementor-widget-text-editor\" data-id=\"86qws23\" data-element_type=\"widget\" data-widget_type=\"text-editor.default\">\n\t\t\t\t<div class=\"elementor-widget-container\">\n\t\t\t\t\t\t\t<h3 class=\"story-headline\"><strong>Traktor ausgebrannt<\/strong><\/h3><p>Heideck &#8211; Am\u00a0Montagnachmittag, den 18.06.2018, fing auf einer Wiese bei Laibstadt ein Traktor im Bereich des Lenkstocks Feuer, und brannte im Anschlu\u00df komplett aus.<\/p><h3>Totalschaden entstanden<\/h3><p>Auch die herbeigerufenen Feuerwehren aus Laibstadt und Heideck konnten den Totalschaden in H\u00f6he von ca. 15.000 Euro nicht mehr verhindern. Die Ursache f\u00fcr den Brand d\u00fcrfte vermutlich ein technischer Defekt gewesen sein, verletzt wurde bei dem Brand aber gl\u00fccklicherweise niemand.<\/p>\t\t\t\t\t\t<\/div>\n\t\t\t\t<\/div>\n\t\t\t\t<div class=\"elementor-element elementor-element-1l7zbzo elementor-widget elementor-widget-google_maps\" data-id=\"1l7zbzo\" data-element_type=\"widget\" data-widget_type=\"google_maps.default\">\n\t\t\t\t<div class=\"elementor-widget-container\">\n\t\t\t\t\t<div class=\"elementor-custom-embed\">\n\t\t\t<iframe loading=\"lazy\"\n\t\t\t\t\tsrc=\"https:\/\/maps.google.com\/maps?q=Laibstadt%2C%20Heideck%2C%20Deutschland&#038;t=m&#038;z=15&#038;output=embed&#038;iwloc=near\"\n\t\t\t\t\ttitle=\"Laibstadt, Heideck, Deutschland\"\n\t\t\t\t\taria-label=\"Laibstadt, Heideck, Deutschland\"\n\t\t\t><\/iframe>\n\t\t<\/div>\n\t\t\t\t<\/div>\n\t\t\t\t<\/div>\n\t\t\t\t\t<\/div>\n\t\t<\/div>\n\t\t\t\t<div class=\"elementor-column elementor-col-33 elementor-top-column elementor-element elementor-element-0w0urt1\" data-id=\"0w0urt1\" data-element_type=\"column\">\n\t\t\t<div class=\"elementor-widget-wrap elementor-element-populated\">\n\t\t\t\t\t\t<div class=\"elementor-element elementor-element-mo6nk5i elementor-widget elementor-widget-image\" data-id=\"mo6nk5i\" data-element_type=\"widget\" data-widget_type=\"image.default\">\n\t\t\t\t<div class=\"elementor-widget-container\">\n\t\t\t\t\t\t\t\t\t\t\t\t\t\t<a href=\"http:\/\/www.region-schwabach.de\/wordpress\/werben-auf-region-schwabach\/\" target=\"_blank\">\n\t\t\t\t\t\t\t<img fetchpriority=\"high\" decoding=\"async\" width=\"1024\" height=\"1024\" src=\"https:\/\/www.region-schwabach.de\/wordpress\/wp-content\/uploads\/2017\/06\/werbung8-1024x1024.png\" class=\"attachment-large size-large wp-image-2484\" alt=\"\" srcset=\"https:\/\/www.region-schwabach.de\/wordpress\/wp-content\/uploads\/2017\/06\/werbung8-1024x1024.png 1024w, https:\/\/www.region-schwabach.de\/wordpress\/wp-content\/uploads\/2017\/06\/werbung8-150x150.png 150w, https:\/\/www.region-schwabach.de\/wordpress\/wp-content\/uploads\/2017\/06\/werbung8-300x300.png 300w, https:\/\/www.region-schwabach.de\/wordpress\/wp-content\/uploads\/2017\/06\/werbung8-768x768.png 768w, https:\/\/www.region-schwabach.de\/wordpress\/wp-content\/uploads\/2017\/06\/werbung8-600x600.png 600w, https:\/\/www.region-schwabach.de\/wordpress\/wp-content\/uploads\/2017\/06\/werbung8.png 1200w\" sizes=\"(max-width: 1024px) 100vw, 1024px\" \/>\t\t\t\t\t\t\t\t<\/a>\n\t\t\t\t\t\t\t\t\t\t\t\t\t<\/div>\n\t\t\t\t<\/div>\n\t\t\t\t\t<\/div>\n\t\t<\/div>\n\t\t\t\t\t<\/div>\n\t\t<\/section>\n\t\t\t\t<\/div>\n\t\t","protected":false},"excerpt":{"rendered":"<div class=\"mh-excerpt\"><p>Traktor ausgebrannt Heideck &#8211; Am\u00a0Montagnachmittag, den 18.06.2018, fing auf einer Wiese bei Laibstadt ein Traktor im Bereich des Lenkstocks Feuer, und brannte im Anschlu\u00df komplett aus. Totalschaden entstanden Auch die herbeigerufenen Feuerwehren aus Laibstadt und <a class=\"mh-excerpt-more\" href=\"https:\/\/www.region-schwabach.de\/wordpress\/traktor-brennt-auf-wiese-bei-laibstadt-komplett-aus\/\" title=\"Traktor brennt auf Wiese bei Laibstadt komplett aus\">[&#8230;]<\/a><\/p>\n<\/div>","protected":false},"author":1,"featured_media":44033,"comment_status":"open","ping_status":"open","sticky":false,"template":"","format":"standard","meta":{"_cbd_carousel_blocks":"[]","footnotes":""},"categories":[15],"tags":[4145,293,543,296,596,297,1398,4577,401,713,2083,1297,1395],"class_list":{"0":"post-44032","1":"post","2":"type-post","3":"status-publish","4":"format-standard","5":"has-post-thumbnail","7":"category-polizeimeldungen","8":"tag-18-06-2018","9":"tag-brand","10":"tag-feuer","11":"tag-feuerwehr","12":"tag-heideck","13":"tag-hilpoltstein","14":"tag-laibstadt","15":"tag-lenkstocks","16":"tag-sachschaden","17":"tag-schaden","18":"tag-technischer-defekt","19":"tag-totalschaden","20":"tag-wiese"},"_links":{"self":[{"href":"https:\/\/www.region-schwabach.de\/wordpress\/wp-json\/wp\/v2\/posts\/44032","targetHints":{"allow":["GET"]}}],"collection":[{"href":"https:\/\/www.region-schwabach.de\/wordpress\/wp-json\/wp\/v2\/posts"}],"about":[{"href":"https:\/\/www.region-schwabach.de\/wordpress\/wp-json\/wp\/v2\/types\/post"}],"author":[{"embeddable":true,"href":"https:\/\/www.region-schwabach.de\/wordpress\/wp-json\/wp\/v2\/users\/1"}],"replies":[{"embeddable":true,"href":"https:\/\/www.region-schwabach.de\/wordpress\/wp-json\/wp\/v2\/comments?post=44032"}],"version-history":[{"count":0,"href":"https:\/\/www.region-schwabach.de\/wordpress\/wp-json\/wp\/v2\/posts\/44032\/revisions"}],"wp:featuredmedia":[{"embeddable":true,"href":"https:\/\/www.region-schwabach.de\/wordpress\/wp-json\/wp\/v2\/media\/44033"}],"wp:attachment":[{"href":"https:\/\/www.region-schwabach.de\/wordpress\/wp-json\/wp\/v2\/media?parent=44032"}],"wp:term":[{"taxonomy":"category","embeddable":true,"href":"https:\/\/www.region-schwabach.de\/wordpress\/wp-json\/wp\/v2\/categories?post=44032"},{"taxonomy":"post_tag","embeddable":true,"href":"https:\/\/www.region-schwabach.de\/wordpress\/wp-json\/wp\/v2\/tags?post=44032"}],"curies":[{"name":"wp","href":"https:\/\/api.w.org\/{rel}","templated":true}]}}