{"id":44061,"date":"2018-07-02T00:10:07","date_gmt":"2018-07-01T22:10:07","guid":{"rendered":"http:\/\/www.region-schwabach.de\/wordpress\/?p=44061"},"modified":"2018-07-02T05:11:01","modified_gmt":"2018-07-02T03:11:01","slug":"seniorenfruehstueck-im-aurex-am-2-juli-2018","status":"publish","type":"post","link":"https:\/\/www.region-schwabach.de\/wordpress\/seniorenfruehstueck-im-aurex-am-2-juli-2018\/","title":{"rendered":"Seniorenfr\u00fchst\u00fcck im AUREX am 2. Juli 2018"},"content":{"rendered":"\t\t<div data-elementor-type=\"wp-post\" data-elementor-id=\"44061\" class=\"elementor elementor-44061 elementor-bc-flex-widget\">\n\t\t\t\t\t\t<section class=\"elementor-section elementor-top-section elementor-element elementor-element-678181b elementor-section-boxed elementor-section-height-default elementor-section-height-default\" data-id=\"678181b\" data-element_type=\"section\">\n\t\t\t\t\t\t<div class=\"elementor-container elementor-column-gap-default\">\n\t\t\t\t\t<div class=\"elementor-column elementor-col-66 elementor-top-column elementor-element elementor-element-6b34026\" data-id=\"6b34026\" data-element_type=\"column\">\n\t\t\t<div class=\"elementor-widget-wrap elementor-element-populated\">\n\t\t\t\t\t\t<div class=\"elementor-element elementor-element-443ab98 elementor-widget elementor-widget-text-editor\" data-id=\"443ab98\" data-element_type=\"widget\" data-widget_type=\"text-editor.default\">\n\t\t\t\t<div class=\"elementor-widget-container\">\n\t\t\t\t\t\t\t<h3>Senioren-Fr\u00fchst\u00fcck im AUREX<\/h3><p>Am Montag, den 02.07.2018, l\u00e4dt der\u00a0 Seniorenrat der Stadt Schwabach wieder zum Senioren-Fr\u00fchst\u00fcck ein.<\/p><h3>\u00a0\u201eVereinssport\u201c<\/h3><p>Ab 10 Uhr\u00a0informiert Uli Ziermann beim Seniorenfr\u00fchst\u00fcck \u00fcber das Thema Vereinssport.<\/p><h3>Info<\/h3><p>Das Fr\u00fchst\u00fcck findet von 10 bis 12 Uhr im AUREX (barrierefreier Zugang), K\u00f6nigstra\u00dfe 20a, statt.<\/p><h3>Weiterf\u00fchrende Links:<\/h3><p><a href=\"http:\/\/www.schwabach.de\/de\/zuhause-in-schwabach\/senioren\/seniorentermine.html\" target=\"_blank\" rel=\"noopener\">Weitere Seniorentermine finden Sie hier &#8230;<\/a><\/p>\t\t\t\t\t\t<\/div>\n\t\t\t\t<\/div>\n\t\t\t\t<div class=\"elementor-element elementor-element-21c3450 elementor-widget-divider--view-line elementor-widget elementor-widget-divider\" data-id=\"21c3450\" data-element_type=\"widget\" data-widget_type=\"divider.default\">\n\t\t\t\t<div class=\"elementor-widget-container\">\n\t\t\t\t\t<div class=\"elementor-divider\">\n\t\t\t<span class=\"elementor-divider-separator\">\n\t\t\t\t\t\t<\/span>\n\t\t<\/div>\n\t\t\t\t<\/div>\n\t\t\t\t<\/div>\n\t\t\t\t<div class=\"elementor-element elementor-element-f4c690c elementor-widget elementor-widget-google_maps\" data-id=\"f4c690c\" data-element_type=\"widget\" data-widget_type=\"google_maps.default\">\n\t\t\t\t<div class=\"elementor-widget-container\">\n\t\t\t\t\t<div class=\"elementor-custom-embed\">\n\t\t\t<iframe loading=\"lazy\"\n\t\t\t\t\tsrc=\"https:\/\/maps.google.com\/maps?q=K%C3%B6nigstra%C3%9Fe%2020%2C%20Schwabach%2C%20Deutschland&#038;t=m&#038;z=18&#038;output=embed&#038;iwloc=near\"\n\t\t\t\t\ttitle=\"K\u00f6nigstra\u00dfe 20, Schwabach, Deutschland\"\n\t\t\t\t\taria-label=\"K\u00f6nigstra\u00dfe 20, Schwabach, Deutschland\"\n\t\t\t><\/iframe>\n\t\t<\/div>\n\t\t\t\t<\/div>\n\t\t\t\t<\/div>\n\t\t\t\t\t<\/div>\n\t\t<\/div>\n\t\t\t\t<div class=\"elementor-column elementor-col-33 elementor-top-column elementor-element elementor-element-f645137\" data-id=\"f645137\" data-element_type=\"column\">\n\t\t\t<div class=\"elementor-widget-wrap elementor-element-populated\">\n\t\t\t\t\t\t<div class=\"elementor-element elementor-element-25043c1 elementor-widget elementor-widget-image\" data-id=\"25043c1\" data-element_type=\"widget\" data-widget_type=\"image.default\">\n\t\t\t\t<div class=\"elementor-widget-container\">\n\t\t\t\t\t\t\t\t\t\t\t\t\t<img fetchpriority=\"high\" decoding=\"async\" width=\"300\" height=\"300\" src=\"https:\/\/www.region-schwabach.de\/wordpress\/wp-content\/uploads\/2018\/04\/werbung1-300x300.png\" class=\"attachment-medium size-medium wp-image-35382\" alt=\"\" srcset=\"https:\/\/www.region-schwabach.de\/wordpress\/wp-content\/uploads\/2018\/04\/werbung1-300x300.png 300w, https:\/\/www.region-schwabach.de\/wordpress\/wp-content\/uploads\/2018\/04\/werbung1-150x150.png 150w, https:\/\/www.region-schwabach.de\/wordpress\/wp-content\/uploads\/2018\/04\/werbung1-768x768.png 768w, https:\/\/www.region-schwabach.de\/wordpress\/wp-content\/uploads\/2018\/04\/werbung1-1024x1024.png 1024w, https:\/\/www.region-schwabach.de\/wordpress\/wp-content\/uploads\/2018\/04\/werbung1.png 1200w\" sizes=\"(max-width: 300px) 100vw, 300px\" \/>\t\t\t\t\t\t\t\t\t\t\t\t\t<\/div>\n\t\t\t\t<\/div>\n\t\t\t\t\t<\/div>\n\t\t<\/div>\n\t\t\t\t\t<\/div>\n\t\t<\/section>\n\t\t\t\t<\/div>\n\t\t","protected":false},"excerpt":{"rendered":"<div class=\"mh-excerpt\"><p>Senioren-Fr\u00fchst\u00fcck im AUREX Am Montag, den 02.07.2018, l\u00e4dt der\u00a0 Seniorenrat der Stadt Schwabach wieder zum Senioren-Fr\u00fchst\u00fcck ein. \u00a0\u201eVereinssport\u201c Ab 10 Uhr\u00a0informiert Uli Ziermann beim Seniorenfr\u00fchst\u00fcck \u00fcber das Thema Vereinssport. Info Das Fr\u00fchst\u00fcck findet von 10 <a class=\"mh-excerpt-more\" href=\"https:\/\/www.region-schwabach.de\/wordpress\/seniorenfruehstueck-im-aurex-am-2-juli-2018\/\" title=\"Seniorenfr\u00fchst\u00fcck im AUREX am 2. Juli 2018\">[&#8230;]<\/a><\/p>\n<\/div>","protected":false},"author":1,"featured_media":0,"comment_status":"open","ping_status":"open","sticky":false,"template":"","format":"standard","meta":{"_cbd_carousel_blocks":"[]","footnotes":""},"categories":[16,1,61,231,46,140],"tags":[4068,4517,4587,4584,1480,19,4583,4070,4585,4586],"class_list":{"0":"post-44061","1":"post","2":"type-post","3":"status-publish","4":"format-standard","6":"category-aktuell","7":"category-allgemein","8":"category-rathaus","9":"category-veranstaltungsnews","10":"category-verbaende","11":"category-vereine","12":"tag-02-07-2018","13":"tag-aurex","14":"tag-fruehstueck","15":"tag-koenigsstrasse","16":"tag-rathaus","17":"tag-schwabach","18":"tag-seniorenfruehstueck","19":"tag-seniorenrat","20":"tag-uli-ziermann","21":"tag-vereinssport"},"_links":{"self":[{"href":"https:\/\/www.region-schwabach.de\/wordpress\/wp-json\/wp\/v2\/posts\/44061","targetHints":{"allow":["GET"]}}],"collection":[{"href":"https:\/\/www.region-schwabach.de\/wordpress\/wp-json\/wp\/v2\/posts"}],"about":[{"href":"https:\/\/www.region-schwabach.de\/wordpress\/wp-json\/wp\/v2\/types\/post"}],"author":[{"embeddable":true,"href":"https:\/\/www.region-schwabach.de\/wordpress\/wp-json\/wp\/v2\/users\/1"}],"replies":[{"embeddable":true,"href":"https:\/\/www.region-schwabach.de\/wordpress\/wp-json\/wp\/v2\/comments?post=44061"}],"version-history":[{"count":0,"href":"https:\/\/www.region-schwabach.de\/wordpress\/wp-json\/wp\/v2\/posts\/44061\/revisions"}],"wp:attachment":[{"href":"https:\/\/www.region-schwabach.de\/wordpress\/wp-json\/wp\/v2\/media?parent=44061"}],"wp:term":[{"taxonomy":"category","embeddable":true,"href":"https:\/\/www.region-schwabach.de\/wordpress\/wp-json\/wp\/v2\/categories?post=44061"},{"taxonomy":"post_tag","embeddable":true,"href":"https:\/\/www.region-schwabach.de\/wordpress\/wp-json\/wp\/v2\/tags?post=44061"}],"curies":[{"name":"wp","href":"https:\/\/api.w.org\/{rel}","templated":true}]}}