{"id":44068,"date":"2018-06-22T00:02:56","date_gmt":"2018-06-21T22:02:56","guid":{"rendered":"http:\/\/www.region-schwabach.de\/wordpress\/?p=44068"},"modified":"2018-06-22T07:11:42","modified_gmt":"2018-06-22T05:11:42","slug":"geaenderte-oeffnungszeiten-am-aktivspielplatz-fuer-den-21-und-22-juni-2018","status":"publish","type":"post","link":"https:\/\/www.region-schwabach.de\/wordpress\/geaenderte-oeffnungszeiten-am-aktivspielplatz-fuer-den-21-und-22-juni-2018\/","title":{"rendered":"Ge\u00e4nderte \u00d6ffnungszeiten am Aktivspielplatz f\u00fcr den 21. und 22. Juni 2018"},"content":{"rendered":"\t\t<div data-elementor-type=\"wp-post\" data-elementor-id=\"44068\" class=\"elementor elementor-44068 elementor-bc-flex-widget\">\n\t\t\t\t\t\t<section class=\"elementor-section elementor-top-section elementor-element elementor-element-9b24ed3 elementor-section-boxed elementor-section-height-default elementor-section-height-default\" data-id=\"9b24ed3\" data-element_type=\"section\">\n\t\t\t\t\t\t<div class=\"elementor-container elementor-column-gap-default\">\n\t\t\t\t\t<div class=\"elementor-column elementor-col-66 elementor-top-column elementor-element elementor-element-76c8d87\" data-id=\"76c8d87\" data-element_type=\"column\">\n\t\t\t<div class=\"elementor-widget-wrap elementor-element-populated\">\n\t\t\t\t\t\t<div class=\"elementor-element elementor-element-5483482 elementor-widget elementor-widget-text-editor\" data-id=\"5483482\" data-element_type=\"widget\" data-widget_type=\"text-editor.default\">\n\t\t\t\t<div class=\"elementor-widget-container\">\n\t\t\t\t\t\t\t<h3>Aktivspielplatz mit ge\u00e4nderten \u00d6ffnungszeiten<\/h3><p>Der Aktivspielplatz Goldnagel\u00a0schlie\u00dft am Donnerstag, den 21. Juni 2018, wegen einer internen Veranstaltung bereits um 17:00 Uhr und bleibt am Freitag, den 22. Juni 2018, wegen der Fahrt zum Bayerischen Kinderfilmfestival den ganzen Tag geschlossen.<\/p>\t\t\t\t\t\t<\/div>\n\t\t\t\t<\/div>\n\t\t\t\t<div class=\"elementor-element elementor-element-d418039 elementor-widget-divider--view-line elementor-widget elementor-widget-divider\" data-id=\"d418039\" data-element_type=\"widget\" data-widget_type=\"divider.default\">\n\t\t\t\t<div class=\"elementor-widget-container\">\n\t\t\t\t\t<div class=\"elementor-divider\">\n\t\t\t<span class=\"elementor-divider-separator\">\n\t\t\t\t\t\t<\/span>\n\t\t<\/div>\n\t\t\t\t<\/div>\n\t\t\t\t<\/div>\n\t\t\t\t<div class=\"elementor-element elementor-element-af929da elementor-widget elementor-widget-google_maps\" data-id=\"af929da\" data-element_type=\"widget\" data-widget_type=\"google_maps.default\">\n\t\t\t\t<div class=\"elementor-widget-container\">\n\t\t\t\t\t<div class=\"elementor-custom-embed\">\n\t\t\t<iframe loading=\"lazy\"\n\t\t\t\t\tsrc=\"https:\/\/maps.google.com\/maps?q=Wasserstra%C3%9Fe%201C%2C%20Schwabach%2C%20Deutschland&#038;t=m&#038;z=16&#038;output=embed&#038;iwloc=near\"\n\t\t\t\t\ttitle=\"Wasserstra\u00dfe 1C, Schwabach, Deutschland\"\n\t\t\t\t\taria-label=\"Wasserstra\u00dfe 1C, Schwabach, Deutschland\"\n\t\t\t><\/iframe>\n\t\t<\/div>\n\t\t\t\t<\/div>\n\t\t\t\t<\/div>\n\t\t\t\t<div class=\"elementor-element elementor-element-4567c7b elementor-widget-divider--view-line elementor-widget elementor-widget-divider\" data-id=\"4567c7b\" data-element_type=\"widget\" data-widget_type=\"divider.default\">\n\t\t\t\t<div class=\"elementor-widget-container\">\n\t\t\t\t\t<div class=\"elementor-divider\">\n\t\t\t<span class=\"elementor-divider-separator\">\n\t\t\t\t\t\t<\/span>\n\t\t<\/div>\n\t\t\t\t<\/div>\n\t\t\t\t<\/div>\n\t\t\t\t\t<\/div>\n\t\t<\/div>\n\t\t\t\t<div class=\"elementor-column elementor-col-33 elementor-top-column elementor-element elementor-element-3956350\" data-id=\"3956350\" data-element_type=\"column\">\n\t\t\t<div class=\"elementor-widget-wrap elementor-element-populated\">\n\t\t\t\t\t\t<div class=\"elementor-element elementor-element-c0eb513 elementor-widget elementor-widget-image\" data-id=\"c0eb513\" data-element_type=\"widget\" data-widget_type=\"image.default\">\n\t\t\t\t<div class=\"elementor-widget-container\">\n\t\t\t\t\t\t\t\t\t\t\t\t\t<img fetchpriority=\"high\" decoding=\"async\" width=\"300\" height=\"300\" src=\"https:\/\/www.region-schwabach.de\/wordpress\/wp-content\/uploads\/2018\/05\/werbung1-300x300.png\" class=\"attachment-medium size-medium wp-image-40718\" alt=\"\" srcset=\"https:\/\/www.region-schwabach.de\/wordpress\/wp-content\/uploads\/2018\/05\/werbung1-300x300.png 300w, https:\/\/www.region-schwabach.de\/wordpress\/wp-content\/uploads\/2018\/05\/werbung1-150x150.png 150w, https:\/\/www.region-schwabach.de\/wordpress\/wp-content\/uploads\/2018\/05\/werbung1-768x768.png 768w, https:\/\/www.region-schwabach.de\/wordpress\/wp-content\/uploads\/2018\/05\/werbung1-1024x1024.png 1024w, https:\/\/www.region-schwabach.de\/wordpress\/wp-content\/uploads\/2018\/05\/werbung1.png 1200w\" sizes=\"(max-width: 300px) 100vw, 300px\" \/>\t\t\t\t\t\t\t\t\t\t\t\t\t<\/div>\n\t\t\t\t<\/div>\n\t\t\t\t\t<\/div>\n\t\t<\/div>\n\t\t\t\t\t<\/div>\n\t\t<\/section>\n\t\t\t\t<\/div>\n\t\t","protected":false},"excerpt":{"rendered":"<div class=\"mh-excerpt\"><p>Aktivspielplatz mit ge\u00e4nderten \u00d6ffnungszeiten Der Aktivspielplatz Goldnagel\u00a0schlie\u00dft am Donnerstag, den 21. Juni 2018, wegen einer internen Veranstaltung bereits um 17:00 Uhr und bleibt am Freitag, den 22. Juni 2018, wegen der Fahrt zum Bayerischen Kinderfilmfestival <a class=\"mh-excerpt-more\" href=\"https:\/\/www.region-schwabach.de\/wordpress\/geaenderte-oeffnungszeiten-am-aktivspielplatz-fuer-den-21-und-22-juni-2018\/\" title=\"Ge\u00e4nderte \u00d6ffnungszeiten am Aktivspielplatz f\u00fcr den 21. und 22. Juni 2018\">[&#8230;]<\/a><\/p>\n<\/div>","protected":false},"author":1,"featured_media":44069,"comment_status":"open","ping_status":"open","sticky":false,"template":"","format":"standard","meta":{"_cbd_carousel_blocks":"[]","footnotes":""},"categories":[16,1,287,231,46,204],"tags":[4148,4149,4230,4589,4231,4588,19],"class_list":{"0":"post-44068","1":"post","2":"type-post","3":"status-publish","4":"format-standard","5":"has-post-thumbnail","7":"category-aktuell","8":"category-allgemein","9":"category-jugend-und-familie","10":"category-veranstaltungsnews","11":"category-verbaende","12":"category-wettbewerb","13":"tag-21-06-2018","14":"tag-22-06-2018","15":"tag-aktivspielplatz","16":"tag-bayerisches-kinderfilmfestival","17":"tag-goldnagel","18":"tag-interne-veranstaltung","19":"tag-schwabach"},"_links":{"self":[{"href":"https:\/\/www.region-schwabach.de\/wordpress\/wp-json\/wp\/v2\/posts\/44068","targetHints":{"allow":["GET"]}}],"collection":[{"href":"https:\/\/www.region-schwabach.de\/wordpress\/wp-json\/wp\/v2\/posts"}],"about":[{"href":"https:\/\/www.region-schwabach.de\/wordpress\/wp-json\/wp\/v2\/types\/post"}],"author":[{"embeddable":true,"href":"https:\/\/www.region-schwabach.de\/wordpress\/wp-json\/wp\/v2\/users\/1"}],"replies":[{"embeddable":true,"href":"https:\/\/www.region-schwabach.de\/wordpress\/wp-json\/wp\/v2\/comments?post=44068"}],"version-history":[{"count":0,"href":"https:\/\/www.region-schwabach.de\/wordpress\/wp-json\/wp\/v2\/posts\/44068\/revisions"}],"wp:featuredmedia":[{"embeddable":true,"href":"https:\/\/www.region-schwabach.de\/wordpress\/wp-json\/wp\/v2\/media\/44069"}],"wp:attachment":[{"href":"https:\/\/www.region-schwabach.de\/wordpress\/wp-json\/wp\/v2\/media?parent=44068"}],"wp:term":[{"taxonomy":"category","embeddable":true,"href":"https:\/\/www.region-schwabach.de\/wordpress\/wp-json\/wp\/v2\/categories?post=44068"},{"taxonomy":"post_tag","embeddable":true,"href":"https:\/\/www.region-schwabach.de\/wordpress\/wp-json\/wp\/v2\/tags?post=44068"}],"curies":[{"name":"wp","href":"https:\/\/api.w.org\/{rel}","templated":true}]}}