{"id":44122,"date":"2018-06-24T00:04:24","date_gmt":"2018-06-23T22:04:24","guid":{"rendered":"http:\/\/www.region-schwabach.de\/wordpress\/?p=44122"},"modified":"2018-06-23T23:34:10","modified_gmt":"2018-06-23T21:34:10","slug":"kindertrempelmarkt-im-stadtpark-am-24-juni-2018","status":"publish","type":"post","link":"https:\/\/www.region-schwabach.de\/wordpress\/kindertrempelmarkt-im-stadtpark-am-24-juni-2018\/","title":{"rendered":"Kindertrempelmarkt im Stadtpark am 24. Juni 2018"},"content":{"rendered":"\t\t<div data-elementor-type=\"wp-post\" data-elementor-id=\"44122\" class=\"elementor elementor-44122 elementor-bc-flex-widget\">\n\t\t\t\t\t\t<section class=\"elementor-section elementor-top-section elementor-element elementor-element-678181b elementor-section-boxed elementor-section-height-default elementor-section-height-default\" data-id=\"678181b\" data-element_type=\"section\">\n\t\t\t\t\t\t<div class=\"elementor-container elementor-column-gap-default\">\n\t\t\t\t\t<div class=\"elementor-column elementor-col-66 elementor-top-column elementor-element elementor-element-6b34026\" data-id=\"6b34026\" data-element_type=\"column\">\n\t\t\t<div class=\"elementor-widget-wrap elementor-element-populated\">\n\t\t\t\t\t\t<div class=\"elementor-element elementor-element-443ab98 elementor-widget elementor-widget-text-editor\" data-id=\"443ab98\" data-element_type=\"widget\" data-widget_type=\"text-editor.default\">\n\t\t\t\t<div class=\"elementor-widget-container\">\n\t\t\t\t\t\t\t<h3>Flohmarkt im Stadtpark<\/h3><p>Schwabach &#8211; Am Sonntag, den 24.06.2018, findet in der Zeit von 10.00 Uhr bis 15.00 Uhr <strong>(bei jedem Wetter)<\/strong> wieder der beliebte, j\u00e4hrlich stattfindende Kindertrempelmarkt im Stadtpark statt.<\/p><h3>Verkaufsfl\u00e4che rund um den Pavillon<\/h3><p>Alle Kinder k\u00f6nnen an diesem Tag wieder kostenlos trempeln, verkauft wird dabei rund um den Pavillon im Stadtpark. Die Verkaufspl\u00e4tze mit einer Gr\u00f6\u00dfe von 2 x 2 Meter sind mit Kegeln markiert, und werden von Helfern der Werbe- &amp; Stadtgemeinschaft Schwabach e.V., sowie des Verkehrsvereins Schwabach e.V. zugeteilt.\u00a0<\/p><h3>Parkpl\u00e4tze rund um den Stadtpark<\/h3><p>Ein Befahren des Stadtparks f\u00fcr die Anlieferung ist nicht m\u00f6glich. F\u00fcr die Eltern stehen aber gen\u00fcgend Parkpl\u00e4tze rund um den Stadtpark zur Verf\u00fcgung.<\/p><p>Veranstalter des Kindertrempelmarkt sind wie immer der Verkehrsverein Schwabach e.V, und die Werbe- &amp; Stadtgemeinschaft Schwabach e.V.<\/p><h3>Weiterf\u00fchrende Links:<\/h3><p><a href=\"http:\/\/www.werbe-stadtgemeinschaft.de\/\" target=\"_blank\" rel=\"noopener\">Homepage der\u00a0der Werbe- und Stadtgemeinschaft &#8230;<\/a><\/p>\t\t\t\t\t\t<\/div>\n\t\t\t\t<\/div>\n\t\t\t\t<div class=\"elementor-element elementor-element-21c3450 elementor-widget-divider--view-line elementor-widget elementor-widget-divider\" data-id=\"21c3450\" data-element_type=\"widget\" data-widget_type=\"divider.default\">\n\t\t\t\t<div class=\"elementor-widget-container\">\n\t\t\t\t\t<div class=\"elementor-divider\">\n\t\t\t<span class=\"elementor-divider-separator\">\n\t\t\t\t\t\t<\/span>\n\t\t<\/div>\n\t\t\t\t<\/div>\n\t\t\t\t<\/div>\n\t\t\t\t<div class=\"elementor-element elementor-element-f4c690c elementor-widget elementor-widget-google_maps\" data-id=\"f4c690c\" data-element_type=\"widget\" data-widget_type=\"google_maps.default\">\n\t\t\t\t<div class=\"elementor-widget-container\">\n\t\t\t\t\t<div class=\"elementor-custom-embed\">\n\t\t\t<iframe loading=\"lazy\"\n\t\t\t\t\tsrc=\"https:\/\/maps.google.com\/maps?q=Stadtpark%2C%20Schwabach%2C%20Deutschland&#038;t=m&#038;z=15&#038;output=embed&#038;iwloc=near\"\n\t\t\t\t\ttitle=\"Stadtpark, Schwabach, Deutschland\"\n\t\t\t\t\taria-label=\"Stadtpark, Schwabach, Deutschland\"\n\t\t\t><\/iframe>\n\t\t<\/div>\n\t\t\t\t<\/div>\n\t\t\t\t<\/div>\n\t\t\t\t\t<\/div>\n\t\t<\/div>\n\t\t\t\t<div class=\"elementor-column elementor-col-33 elementor-top-column elementor-element elementor-element-f645137\" data-id=\"f645137\" data-element_type=\"column\">\n\t\t\t<div class=\"elementor-widget-wrap elementor-element-populated\">\n\t\t\t\t\t\t<div class=\"elementor-element elementor-element-25043c1 elementor-widget elementor-widget-image\" data-id=\"25043c1\" data-element_type=\"widget\" data-widget_type=\"image.default\">\n\t\t\t\t<div class=\"elementor-widget-container\">\n\t\t\t\t\t\t\t\t\t\t\t\t\t<img fetchpriority=\"high\" decoding=\"async\" width=\"300\" height=\"300\" src=\"https:\/\/www.region-schwabach.de\/wordpress\/wp-content\/uploads\/2018\/04\/werbung1-300x300.png\" class=\"attachment-medium size-medium wp-image-35382\" alt=\"\" srcset=\"https:\/\/www.region-schwabach.de\/wordpress\/wp-content\/uploads\/2018\/04\/werbung1-300x300.png 300w, https:\/\/www.region-schwabach.de\/wordpress\/wp-content\/uploads\/2018\/04\/werbung1-150x150.png 150w, https:\/\/www.region-schwabach.de\/wordpress\/wp-content\/uploads\/2018\/04\/werbung1-768x768.png 768w, https:\/\/www.region-schwabach.de\/wordpress\/wp-content\/uploads\/2018\/04\/werbung1-1024x1024.png 1024w, https:\/\/www.region-schwabach.de\/wordpress\/wp-content\/uploads\/2018\/04\/werbung1.png 1200w\" sizes=\"(max-width: 300px) 100vw, 300px\" \/>\t\t\t\t\t\t\t\t\t\t\t\t\t<\/div>\n\t\t\t\t<\/div>\n\t\t\t\t\t<\/div>\n\t\t<\/div>\n\t\t\t\t\t<\/div>\n\t\t<\/section>\n\t\t\t\t<\/div>\n\t\t","protected":false},"excerpt":{"rendered":"<div class=\"mh-excerpt\"><p>Flohmarkt im Stadtpark Schwabach &#8211; Am Sonntag, den 24.06.2018, findet in der Zeit von 10.00 Uhr bis 15.00 Uhr (bei jedem Wetter) wieder der beliebte, j\u00e4hrlich stattfindende Kindertrempelmarkt im Stadtpark statt. Verkaufsfl\u00e4che rund um den <a class=\"mh-excerpt-more\" href=\"https:\/\/www.region-schwabach.de\/wordpress\/kindertrempelmarkt-im-stadtpark-am-24-juni-2018\/\" title=\"Kindertrempelmarkt im Stadtpark am 24. Juni 2018\">[&#8230;]<\/a><\/p>\n<\/div>","protected":false},"author":1,"featured_media":44123,"comment_status":"open","ping_status":"open","sticky":false,"template":"","format":"standard","meta":{"_cbd_carousel_blocks":"[]","footnotes":""},"categories":[16,1,78,287,61,231,140],"tags":[4150,4234,1126,4602,1480,19,1086,4603,4605,4604],"class_list":{"0":"post-44122","1":"post","2":"type-post","3":"status-publish","4":"format-standard","5":"has-post-thumbnail","7":"category-aktuell","8":"category-allgemein","9":"category-handel-und-wirtschaft","10":"category-jugend-und-familie","11":"category-rathaus","12":"category-veranstaltungsnews","13":"category-vereine","14":"tag-24-06-2018","15":"tag-flohmarkt","16":"tag-kinder","17":"tag-kindertrempelmarkt","18":"tag-rathaus","19":"tag-schwabach","20":"tag-stadtpark","21":"tag-trempelmarkt","22":"tag-verkehrsverein","23":"tag-werbe-und-stadtgemeinschaft"},"_links":{"self":[{"href":"https:\/\/www.region-schwabach.de\/wordpress\/wp-json\/wp\/v2\/posts\/44122","targetHints":{"allow":["GET"]}}],"collection":[{"href":"https:\/\/www.region-schwabach.de\/wordpress\/wp-json\/wp\/v2\/posts"}],"about":[{"href":"https:\/\/www.region-schwabach.de\/wordpress\/wp-json\/wp\/v2\/types\/post"}],"author":[{"embeddable":true,"href":"https:\/\/www.region-schwabach.de\/wordpress\/wp-json\/wp\/v2\/users\/1"}],"replies":[{"embeddable":true,"href":"https:\/\/www.region-schwabach.de\/wordpress\/wp-json\/wp\/v2\/comments?post=44122"}],"version-history":[{"count":0,"href":"https:\/\/www.region-schwabach.de\/wordpress\/wp-json\/wp\/v2\/posts\/44122\/revisions"}],"wp:featuredmedia":[{"embeddable":true,"href":"https:\/\/www.region-schwabach.de\/wordpress\/wp-json\/wp\/v2\/media\/44123"}],"wp:attachment":[{"href":"https:\/\/www.region-schwabach.de\/wordpress\/wp-json\/wp\/v2\/media?parent=44122"}],"wp:term":[{"taxonomy":"category","embeddable":true,"href":"https:\/\/www.region-schwabach.de\/wordpress\/wp-json\/wp\/v2\/categories?post=44122"},{"taxonomy":"post_tag","embeddable":true,"href":"https:\/\/www.region-schwabach.de\/wordpress\/wp-json\/wp\/v2\/tags?post=44122"}],"curies":[{"name":"wp","href":"https:\/\/api.w.org\/{rel}","templated":true}]}}