{"id":44136,"date":"2018-06-21T09:19:06","date_gmt":"2018-06-21T07:19:06","guid":{"rendered":"http:\/\/www.region-schwabach.de\/wordpress\/?p=44136"},"modified":"2018-06-21T09:41:36","modified_gmt":"2018-06-21T07:41:36","slug":"erneute-warnmeldung-betruegerische-spendensammler-unterwegs","status":"publish","type":"post","link":"https:\/\/www.region-schwabach.de\/wordpress\/erneute-warnmeldung-betruegerische-spendensammler-unterwegs\/","title":{"rendered":"Erneute Warnmeldung &#8211; Betr\u00fcgerische Spendensammler unterwegs"},"content":{"rendered":"\t\t<div data-elementor-type=\"wp-post\" data-elementor-id=\"44136\" class=\"elementor elementor-44136 elementor-bc-flex-widget\">\n\t\t\t\t\t\t<section class=\"elementor-section elementor-top-section elementor-element elementor-element-1cuv9jr elementor-section-boxed elementor-section-height-default elementor-section-height-default\" data-id=\"1cuv9jr\" data-element_type=\"section\">\n\t\t\t\t\t\t<div class=\"elementor-container elementor-column-gap-default\">\n\t\t\t\t\t<div class=\"elementor-column elementor-col-66 elementor-top-column elementor-element elementor-element-q5zak7b\" data-id=\"q5zak7b\" data-element_type=\"column\">\n\t\t\t<div class=\"elementor-widget-wrap elementor-element-populated\">\n\t\t\t\t\t\t<div class=\"elementor-element elementor-element-86qws23 elementor-widget elementor-widget-text-editor\" data-id=\"86qws23\" data-element_type=\"widget\" data-widget_type=\"text-editor.default\">\n\t\t\t\t<div class=\"elementor-widget-container\">\n\t\t\t\t\t\t\t<h3 class=\"story-headline\">Betr\u00fcgerische Spendensammler unterwegs<\/h3><p>Mittelfranken\/Schwabach (ots) &#8211;\u00a0In den vergangenen Tagen traten in Mittelfranken wiederholt Gruppierungen auf, die Spenden f\u00fcr einen vermeintlich gemeinn\u00fctzigen Zweck sammelten. Die mittelfr\u00e4nkische Polizei hat in diesem Zusammenhang mehrere Strafverfahren eingeleitet.<\/p><h3>Bereits Festnahmen erfolgt<\/h3><p>Bereits am Montag (18.06.2018) waren insgesamt sieben Personen in Schwabach vorl\u00e4ufig festgenommen worden. Diese hatten unter Vorhalt einer Spendenliste auf Parkpl\u00e4tzen im Stadtgebiet Schwabach f\u00fcr den &#8222;Landesverband f\u00fcr behinderte und taubstumme Kinder&#8220; gesammelt. Da ein solcher Verband nicht existiert, wird den Personen nun vorgeworfen, in betr\u00fcgerischer Absicht Spenden gesammelt zu haben. Gegen die beteiligten Personen wurde bei der Kriminalpolizei ein entsprechendes Ermittlungsverfahren wegen Betrugs eingeleitet.<\/p><h3>Betr\u00fcger in ganz Mittelfranken unterwegs<\/h3><p>Auch in anderen Gemeinden (z.B. Lauf a. d. Pegnitz, Altdorf) hat die mittelfr\u00e4nkische Polizei gleichartige Vorf\u00e4lle registriert. Mehrk\u00f6pfige Gruppen, die in der Regel aus S\u00fcdosteuropa stammen, sammeln auf Parkpl\u00e4tzen vor Banken und Gesch\u00e4ften unter dem Vorwand, mit dem Geld gemeinn\u00fctzige Projekte des &#8222;Landesverbands f\u00fcr taubstumme Kinder&#8220; zu unterst\u00fctzen. Neben der Tatsache, dass dieser Umstand frei erfunden ist, kommt es durch diese Personengruppen auch zu weitergehenden Sicherheitsst\u00f6rungen. So werden Personen unter anderem auch zur Herausgabe von Spenden &#8222;gedr\u00e4ngt&#8220; oder sogar Opfer von Diebst\u00e4hlen dieser T\u00e4ter.<\/p><h3>Polizei r\u00e4t zur Vorsicht<\/h3><p>Die mittelfr\u00e4nkische Polizei r\u00e4t im Zusammenhang mit den vermeintlichen Spendensammlern zur Vorsicht und bittet darum, die Polizei zu verst\u00e4ndigen, wenn man derartige Sammlungen feststellt.<\/p><p><strong>Michael Konrad<\/strong><\/p><p>Original-Content von: Polizeipr\u00e4sidium Mittelfranken<\/p>\t\t\t\t\t\t<\/div>\n\t\t\t\t<\/div>\n\t\t\t\t<div class=\"elementor-element elementor-element-1l7zbzo elementor-widget elementor-widget-google_maps\" data-id=\"1l7zbzo\" data-element_type=\"widget\" data-widget_type=\"google_maps.default\">\n\t\t\t\t<div class=\"elementor-widget-container\">\n\t\t\t\t\t<div class=\"elementor-custom-embed\">\n\t\t\t<iframe loading=\"lazy\"\n\t\t\t\t\tsrc=\"https:\/\/maps.google.com\/maps?q=Schwabach%2C%20Deutschland&#038;t=m&#038;z=14&#038;output=embed&#038;iwloc=near\"\n\t\t\t\t\ttitle=\"Schwabach, Deutschland\"\n\t\t\t\t\taria-label=\"Schwabach, Deutschland\"\n\t\t\t><\/iframe>\n\t\t<\/div>\n\t\t\t\t<\/div>\n\t\t\t\t<\/div>\n\t\t\t\t\t<\/div>\n\t\t<\/div>\n\t\t\t\t<div class=\"elementor-column elementor-col-33 elementor-top-column elementor-element elementor-element-0w0urt1\" data-id=\"0w0urt1\" data-element_type=\"column\">\n\t\t\t<div class=\"elementor-widget-wrap elementor-element-populated\">\n\t\t\t\t\t\t<div class=\"elementor-element elementor-element-mo6nk5i elementor-widget elementor-widget-image\" data-id=\"mo6nk5i\" data-element_type=\"widget\" data-widget_type=\"image.default\">\n\t\t\t\t<div class=\"elementor-widget-container\">\n\t\t\t\t\t\t\t\t\t\t\t\t\t\t<a href=\"http:\/\/www.region-schwabach.de\/wordpress\/werben-auf-region-schwabach\/\" target=\"_blank\">\n\t\t\t\t\t\t\t<img fetchpriority=\"high\" decoding=\"async\" width=\"1024\" height=\"1024\" src=\"https:\/\/www.region-schwabach.de\/wordpress\/wp-content\/uploads\/2017\/06\/werbung8-1024x1024.png\" class=\"attachment-large size-large wp-image-2484\" alt=\"\" srcset=\"https:\/\/www.region-schwabach.de\/wordpress\/wp-content\/uploads\/2017\/06\/werbung8-1024x1024.png 1024w, https:\/\/www.region-schwabach.de\/wordpress\/wp-content\/uploads\/2017\/06\/werbung8-150x150.png 150w, https:\/\/www.region-schwabach.de\/wordpress\/wp-content\/uploads\/2017\/06\/werbung8-300x300.png 300w, https:\/\/www.region-schwabach.de\/wordpress\/wp-content\/uploads\/2017\/06\/werbung8-768x768.png 768w, https:\/\/www.region-schwabach.de\/wordpress\/wp-content\/uploads\/2017\/06\/werbung8-600x600.png 600w, https:\/\/www.region-schwabach.de\/wordpress\/wp-content\/uploads\/2017\/06\/werbung8.png 1200w\" sizes=\"(max-width: 1024px) 100vw, 1024px\" \/>\t\t\t\t\t\t\t\t<\/a>\n\t\t\t\t\t\t\t\t\t\t\t\t\t<\/div>\n\t\t\t\t<\/div>\n\t\t\t\t\t<\/div>\n\t\t<\/div>\n\t\t\t\t\t<\/div>\n\t\t<\/section>\n\t\t\t\t<\/div>\n\t\t","protected":false},"excerpt":{"rendered":"<div class=\"mh-excerpt\"><p>Betr\u00fcgerische Spendensammler unterwegs Mittelfranken\/Schwabach (ots) &#8211;\u00a0In den vergangenen Tagen traten in Mittelfranken wiederholt Gruppierungen auf, die Spenden f\u00fcr einen vermeintlich gemeinn\u00fctzigen Zweck sammelten. Die mittelfr\u00e4nkische Polizei hat in diesem Zusammenhang mehrere Strafverfahren eingeleitet. Bereits Festnahmen <a class=\"mh-excerpt-more\" href=\"https:\/\/www.region-schwabach.de\/wordpress\/erneute-warnmeldung-betruegerische-spendensammler-unterwegs\/\" title=\"Erneute Warnmeldung &#8211; Betr\u00fcgerische Spendensammler unterwegs\">[&#8230;]<\/a><\/p>\n<\/div>","protected":false},"author":1,"featured_media":44137,"comment_status":"open","ping_status":"open","sticky":false,"template":"","format":"standard","meta":{"_cbd_carousel_blocks":"[]","footnotes":""},"categories":[16,15],"tags":[4611,664,1519,4610,3918,268,19,4207,4209,4206,3891],"class_list":{"0":"post-44136","1":"post","2":"type-post","3":"status-publish","4":"format-standard","5":"has-post-thumbnail","7":"category-aktuell","8":"category-polizeimeldungen","9":"tag-landesverband-fuer-behinderte-und-taubstumme-kinder","10":"tag-betrug","11":"tag-ermittlungsverfahren","12":"tag-gemeinnuetzige-zwecke","13":"tag-juni-2018","14":"tag-mittelfranken","15":"tag-schwabach","16":"tag-spenden","17":"tag-spendenliste","18":"tag-spendensammler","19":"tag-warnmeldung"},"_links":{"self":[{"href":"https:\/\/www.region-schwabach.de\/wordpress\/wp-json\/wp\/v2\/posts\/44136","targetHints":{"allow":["GET"]}}],"collection":[{"href":"https:\/\/www.region-schwabach.de\/wordpress\/wp-json\/wp\/v2\/posts"}],"about":[{"href":"https:\/\/www.region-schwabach.de\/wordpress\/wp-json\/wp\/v2\/types\/post"}],"author":[{"embeddable":true,"href":"https:\/\/www.region-schwabach.de\/wordpress\/wp-json\/wp\/v2\/users\/1"}],"replies":[{"embeddable":true,"href":"https:\/\/www.region-schwabach.de\/wordpress\/wp-json\/wp\/v2\/comments?post=44136"}],"version-history":[{"count":0,"href":"https:\/\/www.region-schwabach.de\/wordpress\/wp-json\/wp\/v2\/posts\/44136\/revisions"}],"wp:featuredmedia":[{"embeddable":true,"href":"https:\/\/www.region-schwabach.de\/wordpress\/wp-json\/wp\/v2\/media\/44137"}],"wp:attachment":[{"href":"https:\/\/www.region-schwabach.de\/wordpress\/wp-json\/wp\/v2\/media?parent=44136"}],"wp:term":[{"taxonomy":"category","embeddable":true,"href":"https:\/\/www.region-schwabach.de\/wordpress\/wp-json\/wp\/v2\/categories?post=44136"},{"taxonomy":"post_tag","embeddable":true,"href":"https:\/\/www.region-schwabach.de\/wordpress\/wp-json\/wp\/v2\/tags?post=44136"}],"curies":[{"name":"wp","href":"https:\/\/api.w.org\/{rel}","templated":true}]}}