{"id":44152,"date":"2018-06-21T09:20:45","date_gmt":"2018-06-21T07:20:45","guid":{"rendered":"http:\/\/www.region-schwabach.de\/wordpress\/?p=44152"},"modified":"2018-06-21T09:41:09","modified_gmt":"2018-06-21T07:41:09","slug":"holzstoss-zwischen-greding-und-kraftsbuch-abgebrannt","status":"publish","type":"post","link":"https:\/\/www.region-schwabach.de\/wordpress\/holzstoss-zwischen-greding-und-kraftsbuch-abgebrannt\/","title":{"rendered":"Holzsto\u00df zwischen Greding und Kraftsbuch abgebrannt"},"content":{"rendered":"\t\t<div data-elementor-type=\"wp-post\" data-elementor-id=\"44152\" class=\"elementor elementor-44152 elementor-bc-flex-widget\">\n\t\t\t\t\t\t<section class=\"elementor-section elementor-top-section elementor-element elementor-element-1cuv9jr elementor-section-boxed elementor-section-height-default elementor-section-height-default\" data-id=\"1cuv9jr\" data-element_type=\"section\">\n\t\t\t\t\t\t<div class=\"elementor-container elementor-column-gap-default\">\n\t\t\t\t\t<div class=\"elementor-column elementor-col-66 elementor-top-column elementor-element elementor-element-q5zak7b\" data-id=\"q5zak7b\" data-element_type=\"column\">\n\t\t\t<div class=\"elementor-widget-wrap elementor-element-populated\">\n\t\t\t\t\t\t<div class=\"elementor-element elementor-element-86qws23 elementor-widget elementor-widget-text-editor\" data-id=\"86qws23\" data-element_type=\"widget\" data-widget_type=\"text-editor.default\">\n\t\t\t\t<div class=\"elementor-widget-container\">\n\t\t\t\t\t\t\t<h3 class=\"story-headline\"><strong>Holzsto\u00df abgebrannt<\/strong><\/h3><p>Greding &#8211; In der Nacht von Mittwoch, den 20.06.2018, auf Donnerstag, den 21.06.2018, bemerkte ein Autofahrer ein Feuer neben der Staatsstra\u00dfe zwischen Greding und Kraftsbuch, und verst\u00e4ndigte daraufhin die Einsatzkr\u00e4fte.<\/p><h3>Brandursache noch ungekl\u00e4rt<\/h3><p>Als diese am Einsatzort eintrafen, stellte sich heraus, dass ein gr\u00f6\u00dferer Holzsto\u00df in Brand geraten war, und das Feuer auch auf ein angrenzendes Getreidefeld und eine Wiese \u00fcbergegriffen hatte, wodurch nach ersten Sch\u00e4tzungen ein Sachschaden in H\u00f6he von insgesamt ca. 3.000 Euro entstanden sein d\u00fcrfte. Zur Brandursache gibt es noch keine Erkenntnisse, es wird in alle Richtungen ermittelt.<\/p><h3>Polizei bittet um Mithilfe<\/h3><p>Personen, die verd\u00e4chtige Beobachtungen gemacht haben, werden gebeten,\u00a0diese der Polizei in Hilpoltstein unter der Rufnummer 09174-4789-0 mitzuteilen.<\/p>\t\t\t\t\t\t<\/div>\n\t\t\t\t<\/div>\n\t\t\t\t<div class=\"elementor-element elementor-element-1l7zbzo elementor-widget elementor-widget-google_maps\" data-id=\"1l7zbzo\" data-element_type=\"widget\" data-widget_type=\"google_maps.default\">\n\t\t\t\t<div class=\"elementor-widget-container\">\n\t\t\t\t\t<div class=\"elementor-custom-embed\">\n\t\t\t<iframe loading=\"lazy\"\n\t\t\t\t\tsrc=\"https:\/\/maps.google.com\/maps?q=49.042480%2C%2011.326877&#038;t=m&#038;z=14&#038;output=embed&#038;iwloc=near\"\n\t\t\t\t\ttitle=\"49.042480, 11.326877\"\n\t\t\t\t\taria-label=\"49.042480, 11.326877\"\n\t\t\t><\/iframe>\n\t\t<\/div>\n\t\t\t\t<\/div>\n\t\t\t\t<\/div>\n\t\t\t\t\t<\/div>\n\t\t<\/div>\n\t\t\t\t<div class=\"elementor-column elementor-col-33 elementor-top-column elementor-element elementor-element-0w0urt1\" data-id=\"0w0urt1\" data-element_type=\"column\">\n\t\t\t<div class=\"elementor-widget-wrap elementor-element-populated\">\n\t\t\t\t\t\t<div class=\"elementor-element elementor-element-mo6nk5i elementor-widget elementor-widget-image\" data-id=\"mo6nk5i\" data-element_type=\"widget\" data-widget_type=\"image.default\">\n\t\t\t\t<div class=\"elementor-widget-container\">\n\t\t\t\t\t\t\t\t\t\t\t\t\t\t<a href=\"http:\/\/www.region-schwabach.de\/wordpress\/werben-auf-region-schwabach\/\" target=\"_blank\">\n\t\t\t\t\t\t\t<img fetchpriority=\"high\" decoding=\"async\" width=\"1024\" height=\"1024\" src=\"https:\/\/www.region-schwabach.de\/wordpress\/wp-content\/uploads\/2017\/06\/werbung8-1024x1024.png\" class=\"attachment-large size-large wp-image-2484\" alt=\"\" srcset=\"https:\/\/www.region-schwabach.de\/wordpress\/wp-content\/uploads\/2017\/06\/werbung8-1024x1024.png 1024w, https:\/\/www.region-schwabach.de\/wordpress\/wp-content\/uploads\/2017\/06\/werbung8-150x150.png 150w, https:\/\/www.region-schwabach.de\/wordpress\/wp-content\/uploads\/2017\/06\/werbung8-300x300.png 300w, https:\/\/www.region-schwabach.de\/wordpress\/wp-content\/uploads\/2017\/06\/werbung8-768x768.png 768w, https:\/\/www.region-schwabach.de\/wordpress\/wp-content\/uploads\/2017\/06\/werbung8-600x600.png 600w, https:\/\/www.region-schwabach.de\/wordpress\/wp-content\/uploads\/2017\/06\/werbung8.png 1200w\" sizes=\"(max-width: 1024px) 100vw, 1024px\" \/>\t\t\t\t\t\t\t\t<\/a>\n\t\t\t\t\t\t\t\t\t\t\t\t\t<\/div>\n\t\t\t\t<\/div>\n\t\t\t\t\t<\/div>\n\t\t<\/div>\n\t\t\t\t\t<\/div>\n\t\t<\/section>\n\t\t\t\t<\/div>\n\t\t","protected":false},"excerpt":{"rendered":"<div class=\"mh-excerpt\"><p>Holzsto\u00df abgebrannt Greding &#8211; In der Nacht von Mittwoch, den 20.06.2018, auf Donnerstag, den 21.06.2018, bemerkte ein Autofahrer ein Feuer neben der Staatsstra\u00dfe zwischen Greding und Kraftsbuch, und verst\u00e4ndigte daraufhin die Einsatzkr\u00e4fte. Brandursache noch ungekl\u00e4rt <a class=\"mh-excerpt-more\" href=\"https:\/\/www.region-schwabach.de\/wordpress\/holzstoss-zwischen-greding-und-kraftsbuch-abgebrannt\/\" title=\"Holzsto\u00df zwischen Greding und Kraftsbuch abgebrannt\">[&#8230;]<\/a><\/p>\n<\/div>","protected":false},"author":1,"featured_media":44153,"comment_status":"open","ping_status":"open","sticky":false,"template":"","format":"standard","meta":{"_cbd_carousel_blocks":"[]","footnotes":""},"categories":[15],"tags":[4147,4148,293,543,296,4613,1354,297,1418,4539,401,713,1093,1395],"class_list":{"0":"post-44152","1":"post","2":"type-post","3":"status-publish","4":"format-standard","5":"has-post-thumbnail","7":"category-polizeimeldungen","8":"tag-20-06-2018","9":"tag-21-06-2018","10":"tag-brand","11":"tag-feuer","12":"tag-feuerwehr","13":"tag-getreidefeld","14":"tag-greding","15":"tag-hilpoltstein","16":"tag-holzstoss","17":"tag-kraftsbuch","18":"tag-sachschaden","19":"tag-schaden","20":"tag-staatsstrasse","21":"tag-wiese"},"_links":{"self":[{"href":"https:\/\/www.region-schwabach.de\/wordpress\/wp-json\/wp\/v2\/posts\/44152","targetHints":{"allow":["GET"]}}],"collection":[{"href":"https:\/\/www.region-schwabach.de\/wordpress\/wp-json\/wp\/v2\/posts"}],"about":[{"href":"https:\/\/www.region-schwabach.de\/wordpress\/wp-json\/wp\/v2\/types\/post"}],"author":[{"embeddable":true,"href":"https:\/\/www.region-schwabach.de\/wordpress\/wp-json\/wp\/v2\/users\/1"}],"replies":[{"embeddable":true,"href":"https:\/\/www.region-schwabach.de\/wordpress\/wp-json\/wp\/v2\/comments?post=44152"}],"version-history":[{"count":0,"href":"https:\/\/www.region-schwabach.de\/wordpress\/wp-json\/wp\/v2\/posts\/44152\/revisions"}],"wp:featuredmedia":[{"embeddable":true,"href":"https:\/\/www.region-schwabach.de\/wordpress\/wp-json\/wp\/v2\/media\/44153"}],"wp:attachment":[{"href":"https:\/\/www.region-schwabach.de\/wordpress\/wp-json\/wp\/v2\/media?parent=44152"}],"wp:term":[{"taxonomy":"category","embeddable":true,"href":"https:\/\/www.region-schwabach.de\/wordpress\/wp-json\/wp\/v2\/categories?post=44152"},{"taxonomy":"post_tag","embeddable":true,"href":"https:\/\/www.region-schwabach.de\/wordpress\/wp-json\/wp\/v2\/tags?post=44152"}],"curies":[{"name":"wp","href":"https:\/\/api.w.org\/{rel}","templated":true}]}}