{"id":447,"date":"2017-04-03T10:15:30","date_gmt":"2017-04-03T08:15:30","guid":{"rendered":"http:\/\/www.region-schwabach.de\/wordpress\/?p=447"},"modified":"2017-10-16T00:39:09","modified_gmt":"2017-10-15T22:39:09","slug":"strassensperrung-forstweg-maisenlach-5-april-bis-ca-ende-april-2017","status":"publish","type":"post","link":"https:\/\/www.region-schwabach.de\/wordpress\/strassensperrung-forstweg-maisenlach-5-april-bis-ca-ende-april-2017\/","title":{"rendered":"Stra\u00dfensperrung &#8222;Forstweg-Maisenlach&#8220; (5. April bis ca. Ende April 2017)"},"content":{"rendered":"\t\t<div data-elementor-type=\"wp-post\" data-elementor-id=\"447\" class=\"elementor elementor-447 elementor-bc-flex-widget\">\n\t\t\t\t\t\t<section class=\"elementor-section elementor-top-section elementor-element elementor-element-dapdwle elementor-section-boxed elementor-section-height-default elementor-section-height-default\" data-id=\"dapdwle\" data-element_type=\"section\">\n\t\t\t\t\t\t<div class=\"elementor-container elementor-column-gap-default\">\n\t\t\t\t\t<div class=\"elementor-column elementor-col-100 elementor-top-column elementor-element elementor-element-v6b0qfc\" data-id=\"v6b0qfc\" data-element_type=\"column\">\n\t\t\t<div class=\"elementor-widget-wrap elementor-element-populated\">\n\t\t\t\t\t\t<div class=\"elementor-element elementor-element-af55hmq elementor-widget elementor-widget-text-editor\" data-id=\"af55hmq\" data-element_type=\"widget\" data-widget_type=\"text-editor.default\">\n\t\t\t\t<div class=\"elementor-widget-container\">\n\t\t\t\t\t\t\t<h3>Arbeiten am Entw\u00e4sserungssytem<\/h3><p>Aufgrund von Arbeiten am Entw\u00e4sserungssystem &#8211; im Zusammenhang mit dem Ausbau der BAB A6 &#8211; wird der Forstweg in der Maisenlach (im Bereich &#8222;An der Autobahn&#8220; ab 05.04.2017 bis ca.\u00a0Ende April 2017 gesperrt.<\/p><h3>Fu\u00dfg\u00e4nger und Radfahrer betroffen<\/h3><p>Wegen\u00a0der stattfindenden Arbeiten wird der Weg in diesem Bereich f\u00fcr Fu\u00dfg\u00e4nger und Radfahrer gesperrt.<\/p>\t\t\t\t\t\t<\/div>\n\t\t\t\t<\/div>\n\t\t\t\t<div class=\"elementor-element elementor-element-4q3uh0s elementor-widget elementor-widget-google_maps\" data-id=\"4q3uh0s\" data-element_type=\"widget\" data-widget_type=\"google_maps.default\">\n\t\t\t\t<div class=\"elementor-widget-container\">\n\t\t\t\t\t<div class=\"elementor-custom-embed\">\n\t\t\t<iframe loading=\"lazy\"\n\t\t\t\t\tsrc=\"https:\/\/maps.google.com\/maps?q=An%20der%20Autobahn%2C%20Schwabach%2C%20Deutschland&#038;t=m&#038;z=15&#038;output=embed&#038;iwloc=near\"\n\t\t\t\t\ttitle=\"An der Autobahn, Schwabach, Deutschland\"\n\t\t\t\t\taria-label=\"An der Autobahn, Schwabach, Deutschland\"\n\t\t\t><\/iframe>\n\t\t<\/div>\n\t\t\t\t<\/div>\n\t\t\t\t<\/div>\n\t\t\t\t\t<\/div>\n\t\t<\/div>\n\t\t\t\t\t<\/div>\n\t\t<\/section>\n\t\t\t\t<\/div>\n\t\t","protected":false},"excerpt":{"rendered":"<div class=\"mh-excerpt\"><p>Arbeiten am Entw\u00e4sserungssytem Aufgrund von Arbeiten am Entw\u00e4sserungssystem &#8211; im Zusammenhang mit dem Ausbau der BAB A6 &#8211; wird der Forstweg in der Maisenlach (im Bereich &#8222;An der Autobahn&#8220; ab 05.04.2017 bis ca.\u00a0Ende April 2017 <a class=\"mh-excerpt-more\" href=\"https:\/\/www.region-schwabach.de\/wordpress\/strassensperrung-forstweg-maisenlach-5-april-bis-ca-ende-april-2017\/\" title=\"Stra\u00dfensperrung &#8222;Forstweg-Maisenlach&#8220; (5. April bis ca. Ende April 2017)\">[&#8230;]<\/a><\/p>\n<\/div>","protected":false},"author":1,"featured_media":14962,"comment_status":"open","ping_status":"open","sticky":false,"template":"","format":"standard","meta":{"_cbd_carousel_blocks":"[]","footnotes":""},"categories":[14],"tags":[],"class_list":{"0":"post-447","1":"post","2":"type-post","3":"status-publish","4":"format-standard","5":"has-post-thumbnail","7":"category-verkehrsinfos"},"_links":{"self":[{"href":"https:\/\/www.region-schwabach.de\/wordpress\/wp-json\/wp\/v2\/posts\/447","targetHints":{"allow":["GET"]}}],"collection":[{"href":"https:\/\/www.region-schwabach.de\/wordpress\/wp-json\/wp\/v2\/posts"}],"about":[{"href":"https:\/\/www.region-schwabach.de\/wordpress\/wp-json\/wp\/v2\/types\/post"}],"author":[{"embeddable":true,"href":"https:\/\/www.region-schwabach.de\/wordpress\/wp-json\/wp\/v2\/users\/1"}],"replies":[{"embeddable":true,"href":"https:\/\/www.region-schwabach.de\/wordpress\/wp-json\/wp\/v2\/comments?post=447"}],"version-history":[{"count":0,"href":"https:\/\/www.region-schwabach.de\/wordpress\/wp-json\/wp\/v2\/posts\/447\/revisions"}],"wp:featuredmedia":[{"embeddable":true,"href":"https:\/\/www.region-schwabach.de\/wordpress\/wp-json\/wp\/v2\/media\/14962"}],"wp:attachment":[{"href":"https:\/\/www.region-schwabach.de\/wordpress\/wp-json\/wp\/v2\/media?parent=447"}],"wp:term":[{"taxonomy":"category","embeddable":true,"href":"https:\/\/www.region-schwabach.de\/wordpress\/wp-json\/wp\/v2\/categories?post=447"},{"taxonomy":"post_tag","embeddable":true,"href":"https:\/\/www.region-schwabach.de\/wordpress\/wp-json\/wp\/v2\/tags?post=447"}],"curies":[{"name":"wp","href":"https:\/\/api.w.org\/{rel}","templated":true}]}}