{"id":45097,"date":"2018-06-26T10:28:51","date_gmt":"2018-06-26T08:28:51","guid":{"rendered":"http:\/\/www.region-schwabach.de\/wordpress\/?p=45097"},"modified":"2018-06-26T10:38:57","modified_gmt":"2018-06-26T08:38:57","slug":"rettungssanitaeter-in-wendelstein-durch-betrunkenen-jugendlichen-behindert","status":"publish","type":"post","link":"https:\/\/www.region-schwabach.de\/wordpress\/rettungssanitaeter-in-wendelstein-durch-betrunkenen-jugendlichen-behindert\/","title":{"rendered":"Rettungssanit\u00e4ter in Wendelstein durch betrunkenen Jugendlichen behindert"},"content":{"rendered":"\t\t<div data-elementor-type=\"wp-post\" data-elementor-id=\"45097\" class=\"elementor elementor-45097 elementor-bc-flex-widget\">\n\t\t\t\t\t\t<section class=\"elementor-section elementor-top-section elementor-element elementor-element-1cuv9jr elementor-section-boxed elementor-section-height-default elementor-section-height-default\" data-id=\"1cuv9jr\" data-element_type=\"section\">\n\t\t\t\t\t\t<div class=\"elementor-container elementor-column-gap-default\">\n\t\t\t\t\t<div class=\"elementor-column elementor-col-66 elementor-top-column elementor-element elementor-element-q5zak7b\" data-id=\"q5zak7b\" data-element_type=\"column\">\n\t\t\t<div class=\"elementor-widget-wrap elementor-element-populated\">\n\t\t\t\t\t\t<div class=\"elementor-element elementor-element-86qws23 elementor-widget elementor-widget-text-editor\" data-id=\"86qws23\" data-element_type=\"widget\" data-widget_type=\"text-editor.default\">\n\t\t\t\t<div class=\"elementor-widget-container\">\n\t\t\t\t\t\t\t<h3>Betrunkener Jugendlicher behindert Rettungssanit\u00e4ter bei Einsatz<\/h3><p>Wendelstein &#8211; Bereits am vergangenen Freitag, den 22.06.2018, kam es gegen 22:15 Uhr zu einem bedauerlichen Vorfall zwischen Rettungssanit\u00e4tern und betrunkenen Jugendlichen in Wendelstein.<\/p><h3>Sanit\u00e4ter zu Einsatz gerufen<\/h3><p>Die Sanit\u00e4ter wurden wegen einer stark alkoholisierten Person in die Stra\u00dfe &#8222;Am Schie\u00dfhaus&#8220; in Wendelstein gerufen, da dieser aufgrund Alkoholvergiftung dringender medizinischer Hilfe bedurfte.<\/p><h3>18 J\u00e4hriger greift Sanit\u00e4ter an<\/h3><p>Ein dort anwesender 18-j\u00e4hriger Jugendlicher, der mit rund 1,18 Promille ebenfalls alkoholisiert war, ging sofort auf die Sanit\u00e4ter los und beleidigte diese. Auch hinderte er die Sanit\u00e4ter daran, dem eigentlichen Patienten zu Hilfe zu kommen, da er ihnen den Zugang versperrte und sich nicht wegbewegen lie\u00df.<\/p><h3>Einsatz der Polizei n\u00f6tig<\/h3><p>Erst nach Eintreffen einer Streifenbesatzung der PI Schwabach konnte der renitente Jugendliche beiseite genommen und den Sanit\u00e4tern der Zugang zum Patienten erm\u00f6glicht werden. Den Aggressor erwartet nun eine Anzeige wegen Widerstand gegen Vollstreckungsbeamten gleichgestellten Personen und Beleidigung.<\/p><h3>Empfindliche Strafe m\u00f6glich<\/h3><p>Die Behinderung von Rettungskr\u00e4ften wie Sanit\u00e4ter oder Feuerwehr bei der Aus\u00fcbung ihrer T\u00e4tigkeit ist moralisch verwerflich und wird &#8211; zurecht &#8211; nicht nur gesellschaftlich ge\u00e4chtet, sondern kann auch eine empfindliche Strafe der Justiz nach sich ziehen.\u00a0 \u00a0<\/p><p><strong>Heinzeller, POK<\/strong><\/p>\t\t\t\t\t\t<\/div>\n\t\t\t\t<\/div>\n\t\t\t\t<div class=\"elementor-element elementor-element-02bb6d2 elementor-widget-divider--view-line elementor-widget elementor-widget-divider\" data-id=\"02bb6d2\" data-element_type=\"widget\" data-widget_type=\"divider.default\">\n\t\t\t\t<div class=\"elementor-widget-container\">\n\t\t\t\t\t<div class=\"elementor-divider\">\n\t\t\t<span class=\"elementor-divider-separator\">\n\t\t\t\t\t\t<\/span>\n\t\t<\/div>\n\t\t\t\t<\/div>\n\t\t\t\t<\/div>\n\t\t\t\t<div class=\"elementor-element elementor-element-1l7zbzo elementor-widget elementor-widget-google_maps\" data-id=\"1l7zbzo\" data-element_type=\"widget\" data-widget_type=\"google_maps.default\">\n\t\t\t\t<div class=\"elementor-widget-container\">\n\t\t\t\t\t<div class=\"elementor-custom-embed\">\n\t\t\t<iframe loading=\"lazy\"\n\t\t\t\t\tsrc=\"https:\/\/maps.google.com\/maps?q=Am%20Schie%C3%9Fhaus%2C%20Wendelstein%2C%20Deutschland&#038;t=m&#038;z=16&#038;output=embed&#038;iwloc=near\"\n\t\t\t\t\ttitle=\"Am Schie\u00dfhaus, Wendelstein, Deutschland\"\n\t\t\t\t\taria-label=\"Am Schie\u00dfhaus, Wendelstein, Deutschland\"\n\t\t\t><\/iframe>\n\t\t<\/div>\n\t\t\t\t<\/div>\n\t\t\t\t<\/div>\n\t\t\t\t\t<\/div>\n\t\t<\/div>\n\t\t\t\t<div class=\"elementor-column elementor-col-33 elementor-top-column elementor-element elementor-element-0w0urt1\" data-id=\"0w0urt1\" data-element_type=\"column\">\n\t\t\t<div class=\"elementor-widget-wrap elementor-element-populated\">\n\t\t\t\t\t\t<div class=\"elementor-element elementor-element-mo6nk5i elementor-widget elementor-widget-image\" data-id=\"mo6nk5i\" data-element_type=\"widget\" data-widget_type=\"image.default\">\n\t\t\t\t<div class=\"elementor-widget-container\">\n\t\t\t\t\t\t\t\t\t\t\t\t\t\t<a href=\"http:\/\/www.region-schwabach.de\/wordpress\/werben-auf-region-schwabach\/\" target=\"_blank\">\n\t\t\t\t\t\t\t<img fetchpriority=\"high\" decoding=\"async\" width=\"1024\" height=\"1024\" src=\"https:\/\/www.region-schwabach.de\/wordpress\/wp-content\/uploads\/2017\/06\/werbung8-1024x1024.png\" class=\"attachment-large size-large wp-image-2484\" alt=\"\" srcset=\"https:\/\/www.region-schwabach.de\/wordpress\/wp-content\/uploads\/2017\/06\/werbung8-1024x1024.png 1024w, https:\/\/www.region-schwabach.de\/wordpress\/wp-content\/uploads\/2017\/06\/werbung8-150x150.png 150w, https:\/\/www.region-schwabach.de\/wordpress\/wp-content\/uploads\/2017\/06\/werbung8-300x300.png 300w, https:\/\/www.region-schwabach.de\/wordpress\/wp-content\/uploads\/2017\/06\/werbung8-768x768.png 768w, https:\/\/www.region-schwabach.de\/wordpress\/wp-content\/uploads\/2017\/06\/werbung8-600x600.png 600w, https:\/\/www.region-schwabach.de\/wordpress\/wp-content\/uploads\/2017\/06\/werbung8.png 1200w\" sizes=\"(max-width: 1024px) 100vw, 1024px\" \/>\t\t\t\t\t\t\t\t<\/a>\n\t\t\t\t\t\t\t\t\t\t\t\t\t<\/div>\n\t\t\t\t<\/div>\n\t\t\t\t\t<\/div>\n\t\t<\/div>\n\t\t\t\t\t<\/div>\n\t\t<\/section>\n\t\t\t\t<\/div>\n\t\t","protected":false},"excerpt":{"rendered":"<div class=\"mh-excerpt\"><p>Betrunkener Jugendlicher behindert Rettungssanit\u00e4ter bei Einsatz Wendelstein &#8211; Bereits am vergangenen Freitag, den 22.06.2018, kam es gegen 22:15 Uhr zu einem bedauerlichen Vorfall zwischen Rettungssanit\u00e4tern und betrunkenen Jugendlichen in Wendelstein. Sanit\u00e4ter zu Einsatz gerufen Die <a class=\"mh-excerpt-more\" href=\"https:\/\/www.region-schwabach.de\/wordpress\/rettungssanitaeter-in-wendelstein-durch-betrunkenen-jugendlichen-behindert\/\" title=\"Rettungssanit\u00e4ter in Wendelstein durch betrunkenen Jugendlichen behindert\">[&#8230;]<\/a><\/p>\n<\/div>","protected":false},"author":1,"featured_media":45098,"comment_status":"open","ping_status":"open","sticky":false,"template":"","format":"standard","meta":{"_cbd_carousel_blocks":"[]","footnotes":""},"categories":[15],"tags":[4149,470,4677,4679,945,488,2103,4678,19,31],"class_list":{"0":"post-45097","1":"post","2":"type-post","3":"status-publish","4":"format-standard","5":"has-post-thumbnail","7":"category-polizeimeldungen","8":"tag-22-06-2018","9":"tag-alkohol","10":"tag-am-schiesshaus","11":"tag-behinderung","12":"tag-beleidigung","13":"tag-jugendliche","14":"tag-rettungsdienst","15":"tag-sanitaeter","16":"tag-schwabach","17":"tag-wendelstein"},"_links":{"self":[{"href":"https:\/\/www.region-schwabach.de\/wordpress\/wp-json\/wp\/v2\/posts\/45097","targetHints":{"allow":["GET"]}}],"collection":[{"href":"https:\/\/www.region-schwabach.de\/wordpress\/wp-json\/wp\/v2\/posts"}],"about":[{"href":"https:\/\/www.region-schwabach.de\/wordpress\/wp-json\/wp\/v2\/types\/post"}],"author":[{"embeddable":true,"href":"https:\/\/www.region-schwabach.de\/wordpress\/wp-json\/wp\/v2\/users\/1"}],"replies":[{"embeddable":true,"href":"https:\/\/www.region-schwabach.de\/wordpress\/wp-json\/wp\/v2\/comments?post=45097"}],"version-history":[{"count":0,"href":"https:\/\/www.region-schwabach.de\/wordpress\/wp-json\/wp\/v2\/posts\/45097\/revisions"}],"wp:featuredmedia":[{"embeddable":true,"href":"https:\/\/www.region-schwabach.de\/wordpress\/wp-json\/wp\/v2\/media\/45098"}],"wp:attachment":[{"href":"https:\/\/www.region-schwabach.de\/wordpress\/wp-json\/wp\/v2\/media?parent=45097"}],"wp:term":[{"taxonomy":"category","embeddable":true,"href":"https:\/\/www.region-schwabach.de\/wordpress\/wp-json\/wp\/v2\/categories?post=45097"},{"taxonomy":"post_tag","embeddable":true,"href":"https:\/\/www.region-schwabach.de\/wordpress\/wp-json\/wp\/v2\/tags?post=45097"}],"curies":[{"name":"wp","href":"https:\/\/api.w.org\/{rel}","templated":true}]}}