{"id":45153,"date":"2018-06-27T00:09:26","date_gmt":"2018-06-26T22:09:26","guid":{"rendered":"http:\/\/www.region-schwabach.de\/wordpress\/?p=45153"},"modified":"2018-06-26T23:29:09","modified_gmt":"2018-06-26T21:29:09","slug":"baustelle-friedrichstrasse-ueber-den-roten-teppich-zum-shoppen","status":"publish","type":"post","link":"https:\/\/www.region-schwabach.de\/wordpress\/baustelle-friedrichstrasse-ueber-den-roten-teppich-zum-shoppen\/","title":{"rendered":"Baustelle Friedrichstra\u00dfe: \u00dcber den roten Teppich zum Shoppen"},"content":{"rendered":"\t\t<div data-elementor-type=\"wp-post\" data-elementor-id=\"45153\" class=\"elementor elementor-45153 elementor-bc-flex-widget\">\n\t\t\t\t\t\t<section class=\"elementor-section elementor-top-section elementor-element elementor-element-678181b elementor-section-boxed elementor-section-height-default elementor-section-height-default\" data-id=\"678181b\" data-element_type=\"section\">\n\t\t\t\t\t\t<div class=\"elementor-container elementor-column-gap-default\">\n\t\t\t\t\t<div class=\"elementor-column elementor-col-66 elementor-top-column elementor-element elementor-element-6b34026\" data-id=\"6b34026\" data-element_type=\"column\">\n\t\t\t<div class=\"elementor-widget-wrap elementor-element-populated\">\n\t\t\t\t\t\t<div class=\"elementor-element elementor-element-443ab98 elementor-widget elementor-widget-text-editor\" data-id=\"443ab98\" data-element_type=\"widget\" data-widget_type=\"text-editor.default\">\n\t\t\t\t<div class=\"elementor-widget-container\">\n\t\t\t\t\t\t\t<h3>Neutor-\/Friedrich-\/H\u00f6rdlertorstra\u00dfe:<\/h3><h3>\u00dcber den roten Teppich zum Shoppenh<\/h3><p>Vor gut einem Monat haben die Bauarbeiten des ersten Bauabschnitts f\u00fcr den\u00a0Stra\u00dfenbau in der Friedrichstra\u00dfe begonnen. \u201eTrotz mancher \u00dcberraschung im\u00a0Untergrund ist der Bauablauf im Zeitplan\u201c, berichtet Christina Greiner vom<br \/>st\u00e4dtischen Tiefbauamt.<\/p><h3>Das Beste aus der Situation machen<\/h3><p>Die Mitarbeiter der Firma \u201eHoller und der Steinsetzer\u201c haben ein offenes Ohr\u00a0f\u00fcr die Anregungen und W\u00fcnsche der Anlieger. \u201eEs herrscht ein sehr gutes\u00a0Miteinander zwischen B\u00fcrgern, der Baufirma und der Stadt\u201c, so Greiners\u00a0Kollege J\u00f6rg Maier. \u201eGemeinsam wird versucht, das Beste aus der belastenden\u00a0Situation zu machen.\u201c<\/p><p>Das best\u00e4tigt auch der Besitzer des alteingesessenen Radgesch\u00e4fts \u201eFahrrad\u00a0Halbmeier\u201c, Hans Halbmeier, vor dessen Laden derzeit die Arbeiten stattfinden.<\/p><h3>Roter Teppich eine nette Idee<\/h3><p>\u201eEine nette Idee ist der rote Teppich, der vom Tiefbauamt ausgelegt\u00a0wurde. Man erkennt sofort, wo zu laufen ist, au\u00dferdem bleiben die Schuhe\u00a0etwas sauberer. Meine Kunden kommen ins Gesch\u00e4ft und sagen als erstes:\u00a0\u201aShoppen \u00fcber den roten Teppich, das ist ja was ganz Neues; sowas kennt\u00a0man ja nur aus Monaco!\u2018\u201c<\/p><h3>Zeitplan:<\/h3><p>Bis Ende November soll der erste Bauabschnitt wieder komplett befahrbar\u00a0sein. Anfang Juli wird bereits mit den Pflasterarbeiten ab der Stra\u00dfe \u201eAuf der\u00a0Aich\u201c begonnen. W\u00e4hrend des B\u00fcrgerfestes und bei der \u201agoldschl\u00e4ger nacht\u2018\u00a0werden die Arbeiten so geplant, dass auch die Caf\u00e9s und Gastronomiebetriebe\u00a0bei diesen Ereignissen mitfeiern k\u00f6nnen.<\/p><p>F\u00fcr weitere Informationen stehen Christina Greiner (Telefon 09122 860-564;\u00a0E-Mail: <a href=\"mailto:christina.greiner@schwabach.de\" target=\"_blank\" rel=\"noopener\">christina.greiner@schwabach.de<\/a>) oder J\u00f6rg Maier (Telefon 09122 860-563; E-Mail: <a href=\"mailto:joerg.maier@schwabach.de\" target=\"_blank\" rel=\"noopener\">joerg.maier@schwabach.de<\/a>) zur Verf\u00fcgung.<\/p><p><strong>Foto:<\/strong> Hans Halbmeier, Polier Volker Rosenthal und J\u00f6rg Maier auf dem roten\u00a0Teppich vor dem Fahrrad-Fachgesch\u00e4ft<\/p>\t\t\t\t\t\t<\/div>\n\t\t\t\t<\/div>\n\t\t\t\t<div class=\"elementor-element elementor-element-0c834d7 elementor-widget-divider--view-line elementor-widget elementor-widget-divider\" data-id=\"0c834d7\" data-element_type=\"widget\" data-widget_type=\"divider.default\">\n\t\t\t\t<div class=\"elementor-widget-container\">\n\t\t\t\t\t<div class=\"elementor-divider\">\n\t\t\t<span class=\"elementor-divider-separator\">\n\t\t\t\t\t\t<\/span>\n\t\t<\/div>\n\t\t\t\t<\/div>\n\t\t\t\t<\/div>\n\t\t\t\t<div class=\"elementor-element elementor-element-325f51f elementor-widget elementor-widget-google_maps\" data-id=\"325f51f\" data-element_type=\"widget\" data-widget_type=\"google_maps.default\">\n\t\t\t\t<div class=\"elementor-widget-container\">\n\t\t\t\t\t<div class=\"elementor-custom-embed\">\n\t\t\t<iframe loading=\"lazy\"\n\t\t\t\t\tsrc=\"https:\/\/maps.google.com\/maps?q=Friedrichstra%C3%9Fe%2C%20Schwabach%2C%20Deutschland&#038;t=m&#038;z=17&#038;output=embed&#038;iwloc=near\"\n\t\t\t\t\ttitle=\"Friedrichstra\u00dfe, Schwabach, Deutschland\"\n\t\t\t\t\taria-label=\"Friedrichstra\u00dfe, Schwabach, Deutschland\"\n\t\t\t><\/iframe>\n\t\t<\/div>\n\t\t\t\t<\/div>\n\t\t\t\t<\/div>\n\t\t\t\t\t<\/div>\n\t\t<\/div>\n\t\t\t\t<div class=\"elementor-column elementor-col-33 elementor-top-column elementor-element elementor-element-f645137\" data-id=\"f645137\" data-element_type=\"column\">\n\t\t\t<div class=\"elementor-widget-wrap elementor-element-populated\">\n\t\t\t\t\t\t<div class=\"elementor-element elementor-element-25043c1 elementor-widget elementor-widget-image\" data-id=\"25043c1\" data-element_type=\"widget\" data-widget_type=\"image.default\">\n\t\t\t\t<div class=\"elementor-widget-container\">\n\t\t\t\t\t\t\t\t\t\t\t\t\t<img fetchpriority=\"high\" decoding=\"async\" width=\"300\" height=\"300\" src=\"https:\/\/www.region-schwabach.de\/wordpress\/wp-content\/uploads\/2018\/04\/werbung1-300x300.png\" class=\"attachment-medium size-medium wp-image-35382\" alt=\"\" srcset=\"https:\/\/www.region-schwabach.de\/wordpress\/wp-content\/uploads\/2018\/04\/werbung1-300x300.png 300w, https:\/\/www.region-schwabach.de\/wordpress\/wp-content\/uploads\/2018\/04\/werbung1-150x150.png 150w, https:\/\/www.region-schwabach.de\/wordpress\/wp-content\/uploads\/2018\/04\/werbung1-768x768.png 768w, https:\/\/www.region-schwabach.de\/wordpress\/wp-content\/uploads\/2018\/04\/werbung1-1024x1024.png 1024w, https:\/\/www.region-schwabach.de\/wordpress\/wp-content\/uploads\/2018\/04\/werbung1.png 1200w\" sizes=\"(max-width: 300px) 100vw, 300px\" \/>\t\t\t\t\t\t\t\t\t\t\t\t\t<\/div>\n\t\t\t\t<\/div>\n\t\t\t\t\t<\/div>\n\t\t<\/div>\n\t\t\t\t\t<\/div>\n\t\t<\/section>\n\t\t\t\t<\/div>\n\t\t","protected":false},"excerpt":{"rendered":"<div class=\"mh-excerpt\"><p>Neutor-\/Friedrich-\/H\u00f6rdlertorstra\u00dfe: \u00dcber den roten Teppich zum Shoppenh Vor gut einem Monat haben die Bauarbeiten des ersten Bauabschnitts f\u00fcr den\u00a0Stra\u00dfenbau in der Friedrichstra\u00dfe begonnen. \u201eTrotz mancher \u00dcberraschung im\u00a0Untergrund ist der Bauablauf im Zeitplan\u201c, berichtet Christina Greiner <a class=\"mh-excerpt-more\" href=\"https:\/\/www.region-schwabach.de\/wordpress\/baustelle-friedrichstrasse-ueber-den-roten-teppich-zum-shoppen\/\" title=\"Baustelle Friedrichstra\u00dfe: \u00dcber den roten Teppich zum Shoppen\">[&#8230;]<\/a><\/p>\n<\/div>","protected":false},"author":1,"featured_media":45154,"comment_status":"open","ping_status":"open","sticky":false,"template":"","format":"standard","meta":{"_cbd_carousel_blocks":"[]","footnotes":""},"categories":[16,1,78,61,14],"tags":[4695,526,1054,4693,19,4694,4696],"class_list":{"0":"post-45153","1":"post","2":"type-post","3":"status-publish","4":"format-standard","5":"has-post-thumbnail","7":"category-aktuell","8":"category-allgemein","9":"category-handel-und-wirtschaft","10":"category-rathaus","11":"category-verkehrsinfos","12":"tag-bauablauf-im-zeitplan","13":"tag-baustelle","14":"tag-friedrichstrasse","15":"tag-roter-teppich","16":"tag-schwabach","17":"tag-shoppen","18":"tag-ueberraschungen-im-untergrund"},"_links":{"self":[{"href":"https:\/\/www.region-schwabach.de\/wordpress\/wp-json\/wp\/v2\/posts\/45153","targetHints":{"allow":["GET"]}}],"collection":[{"href":"https:\/\/www.region-schwabach.de\/wordpress\/wp-json\/wp\/v2\/posts"}],"about":[{"href":"https:\/\/www.region-schwabach.de\/wordpress\/wp-json\/wp\/v2\/types\/post"}],"author":[{"embeddable":true,"href":"https:\/\/www.region-schwabach.de\/wordpress\/wp-json\/wp\/v2\/users\/1"}],"replies":[{"embeddable":true,"href":"https:\/\/www.region-schwabach.de\/wordpress\/wp-json\/wp\/v2\/comments?post=45153"}],"version-history":[{"count":0,"href":"https:\/\/www.region-schwabach.de\/wordpress\/wp-json\/wp\/v2\/posts\/45153\/revisions"}],"wp:featuredmedia":[{"embeddable":true,"href":"https:\/\/www.region-schwabach.de\/wordpress\/wp-json\/wp\/v2\/media\/45154"}],"wp:attachment":[{"href":"https:\/\/www.region-schwabach.de\/wordpress\/wp-json\/wp\/v2\/media?parent=45153"}],"wp:term":[{"taxonomy":"category","embeddable":true,"href":"https:\/\/www.region-schwabach.de\/wordpress\/wp-json\/wp\/v2\/categories?post=45153"},{"taxonomy":"post_tag","embeddable":true,"href":"https:\/\/www.region-schwabach.de\/wordpress\/wp-json\/wp\/v2\/tags?post=45153"}],"curies":[{"name":"wp","href":"https:\/\/api.w.org\/{rel}","templated":true}]}}