{"id":45239,"date":"2018-06-27T13:31:43","date_gmt":"2018-06-27T11:31:43","guid":{"rendered":"http:\/\/www.region-schwabach.de\/wordpress\/?p=45239"},"modified":"2018-06-27T13:36:50","modified_gmt":"2018-06-27T11:36:50","slug":"update-familientragoedie-in-gunzenhausen-vier-tote","status":"publish","type":"post","link":"https:\/\/www.region-schwabach.de\/wordpress\/update-familientragoedie-in-gunzenhausen-vier-tote\/","title":{"rendered":"UPDATE &#8211; Familientrag\u00f6die in Gunzenhausen &#8211; vier Tote"},"content":{"rendered":"\t\t<div data-elementor-type=\"wp-post\" data-elementor-id=\"45239\" class=\"elementor elementor-45239 elementor-bc-flex-widget\">\n\t\t\t\t\t\t<section class=\"elementor-section elementor-top-section elementor-element elementor-element-1cuv9jr elementor-section-boxed elementor-section-height-default elementor-section-height-default\" data-id=\"1cuv9jr\" data-element_type=\"section\">\n\t\t\t\t\t\t<div class=\"elementor-container elementor-column-gap-default\">\n\t\t\t\t\t<div class=\"elementor-column elementor-col-66 elementor-top-column elementor-element elementor-element-q5zak7b\" data-id=\"q5zak7b\" data-element_type=\"column\">\n\t\t\t<div class=\"elementor-widget-wrap elementor-element-populated\">\n\t\t\t\t\t\t<div class=\"elementor-element elementor-element-86qws23 elementor-widget elementor-widget-text-editor\" data-id=\"86qws23\" data-element_type=\"widget\" data-widget_type=\"text-editor.default\">\n\t\t\t\t<div class=\"elementor-widget-container\">\n\t\t\t\t\t\t\t<h3 class=\"story-headline\">Familiendrama mit vier Toten<\/h3><p>Gunzenhausen\/Ansbach (ots) &#8211; Wie bereits gestern berichtet kam es in den Morgenstunden des 26.06.2018 in Gunzenhausen zu einer Familientrag\u00f6die, in deren Verlauf drei Kinder und ihre Mutter get\u00f6tet wurden <a href=\"https:\/\/www.region-schwabach.de\/wordpress\/familientragoedie-in-gunzenhausen-vier-tote\/\" target=\"_blank\" rel=\"noopener\">(siehe Meldung\u00a0vom 26.06.2018 &#8230;)<\/a>. Gegen den 31-j\u00e4hrigen Ehemann und Vater besteht dringender Tatverdacht. Die Kripo Ansbach und die Staatsanwaltschaft Ansbach haben die Ermittlungen \u00fcbernommen.<\/p><p>Am 26.06.2018, kurz vor 06.00 Uhr, teilte ein Zeuge \u00fcber Notruf der Einsatzzentrale mit, dass in einer Wohnung in der Bismarckstra\u00dfe in Gunzenhausen eine tote Frau (29) und ihre drei Kinder (3, 7 und 9 Jahre alt) liegen. Der Ehemann und Vater der Kinder lag bei Eintreffen der Streife schwer verletzt vor dem Anwesen. Er war vom Balkon im 3. Stock in die Tiefe gesprungen.<\/p><p>W\u00e4hrend der schwer Verletzte vom Notarzt versorgt und in ein Krankenhaus gebracht wurde, \u00fcbernahmen Beamte der Kripo Ansbach die Spurensicherung und die Ermittlungen unter enger Einbindung der Staatsanwaltschaft Ansbach und eines Rechtsmediziners vor Ort.<\/p><p>Nach den bisherigen kriminalpolizeilichen Erkenntnissen stellt sich der Sachverhalt wie folgt dar.<\/p><p>Die 29-j\u00e4hrige Ehefrau beabsichtigte offensichtlich, aufgrund zur\u00fcckliegender Misshandlungen der Kinder und ihrer Person durch den Tatverd\u00e4chtigen (31), eine Trennung herbeizuf\u00fchren. Bereits am 21.06.2018 waren dem Ehemann die Schl\u00fcssel f\u00fcr die gemeinsame Wohnung abgenommen und ein Kontakt- und N\u00e4herungsverbot ausgesprochen worden, nachdem die Polizei \u00fcber eine Zeugin informiert worden war, dass der Familienvater seine beiden S\u00f6hne verpr\u00fcgeln soll und dies von der Ehefrau und den Kindern m\u00fcndlich best\u00e4tigt worden war. Eine f\u00f6rmliche Anzeige mit Strafantragstellung hatte sie am 25.06.2018 bei der zust\u00e4ndigen Polizeiinspektion erstattet.<\/p><p>Zus\u00e4tzlich wurde am 25.06.2018 eine Gef\u00e4hrderansprache mit Gewahrsamsandrohung bei Nichtbeachtung durchgef\u00fchrt. F\u00fcr den 26.06.2018 bestand eine Vorladung beim Sachbearbeiter f\u00fcr H\u00e4usliche Gewalt, die der Tatverd\u00e4chtige mit vereinbart hat. Ebenso wurden sofort die zust\u00e4ndigen Interventions- \/ Betreuungsstellen eingebunden.<\/p><p>Am 26.06.2018, kurz vor 06:00 Uhr, kam der Tatverd\u00e4chtige unter dem Vorwand seine Arbeitskleidung abholen zu wollen, in die N\u00e4he des ehemals gemeinsamen Wohnanwesens. Mittels eines fingierten Anrufes lie\u00df er sich die angeblich dringend ben\u00f6tigten Gegenst\u00e4nde von einem Verwandten, der sich mittlerweile in der Wohnung aufhielt, vor das Haus bringen. Gleichzeitig verschaffte er sich unbemerkt Zugang zum Mehrfamilienhaus und drang gewaltsam in die Wohnung der Get\u00f6teten und ihrer Kinder ein. Laut Obduktionsbericht verletzte er mit einem Messer die Frau und seine drei Kinder t\u00f6dlich. Als der Verwandte zur\u00fcck in die Wohnung im 3. Stock kam, sprang der Mann \u00fcber den Balkon in die Tiefe.<\/p><p>Angeh\u00f6rige, Zeugen und Mitsch\u00fcler der get\u00f6teten Jungen (7 und 9 Jahre) sowie die Spielgef\u00e4hrten des dreij\u00e4hrigen M\u00e4dchens wurden noch am Tattag durch verschiedene Kriseninterventionsteams betreut.<\/p><p>Die Ermittlungen bez\u00fcglich der genauen Hintergr\u00fcnde dauern noch an. Der Tatverd\u00e4chtige konnte aufgrund seiner Verletzungen noch nicht vernommen werden. Er befindet sich noch in einer Klinik.<\/p><p>Auf Antrag der Staatsanwaltschaft Ansbach hat das Amtsgericht Ansbach Haftbefehl wegen Mordes in vier F\u00e4llen gestellt.<\/p><p><b>Elke Sch\u00f6nwald\/n<\/b><\/p><p>Original-Content von: Polizeipr\u00e4sidium Mittelfranken<\/p>\t\t\t\t\t\t<\/div>\n\t\t\t\t<\/div>\n\t\t\t\t<div class=\"elementor-element elementor-element-1l7zbzo elementor-widget elementor-widget-google_maps\" data-id=\"1l7zbzo\" data-element_type=\"widget\" data-widget_type=\"google_maps.default\">\n\t\t\t\t<div class=\"elementor-widget-container\">\n\t\t\t\t\t<div class=\"elementor-custom-embed\">\n\t\t\t<iframe loading=\"lazy\"\n\t\t\t\t\tsrc=\"https:\/\/maps.google.com\/maps?q=Bismarckstra%C3%9Fe%2C%20Gunzenhausen%2C%20Deutschland&#038;t=m&#038;z=17&#038;output=embed&#038;iwloc=near\"\n\t\t\t\t\ttitle=\"Bismarckstra\u00dfe, Gunzenhausen, Deutschland\"\n\t\t\t\t\taria-label=\"Bismarckstra\u00dfe, Gunzenhausen, Deutschland\"\n\t\t\t><\/iframe>\n\t\t<\/div>\n\t\t\t\t<\/div>\n\t\t\t\t<\/div>\n\t\t\t\t\t<\/div>\n\t\t<\/div>\n\t\t\t\t<div class=\"elementor-column elementor-col-33 elementor-top-column elementor-element elementor-element-0w0urt1\" data-id=\"0w0urt1\" data-element_type=\"column\">\n\t\t\t<div class=\"elementor-widget-wrap elementor-element-populated\">\n\t\t\t\t\t\t<div class=\"elementor-element elementor-element-mo6nk5i elementor-widget elementor-widget-image\" data-id=\"mo6nk5i\" data-element_type=\"widget\" data-widget_type=\"image.default\">\n\t\t\t\t<div class=\"elementor-widget-container\">\n\t\t\t\t\t\t\t\t\t\t\t\t\t\t<a href=\"http:\/\/www.region-schwabach.de\/wordpress\/werben-auf-region-schwabach\/\" target=\"_blank\">\n\t\t\t\t\t\t\t<img fetchpriority=\"high\" decoding=\"async\" width=\"1024\" height=\"1024\" src=\"https:\/\/www.region-schwabach.de\/wordpress\/wp-content\/uploads\/2017\/06\/werbung8-1024x1024.png\" class=\"attachment-large size-large wp-image-2484\" alt=\"\" srcset=\"https:\/\/www.region-schwabach.de\/wordpress\/wp-content\/uploads\/2017\/06\/werbung8-1024x1024.png 1024w, https:\/\/www.region-schwabach.de\/wordpress\/wp-content\/uploads\/2017\/06\/werbung8-150x150.png 150w, https:\/\/www.region-schwabach.de\/wordpress\/wp-content\/uploads\/2017\/06\/werbung8-300x300.png 300w, https:\/\/www.region-schwabach.de\/wordpress\/wp-content\/uploads\/2017\/06\/werbung8-768x768.png 768w, https:\/\/www.region-schwabach.de\/wordpress\/wp-content\/uploads\/2017\/06\/werbung8-600x600.png 600w, https:\/\/www.region-schwabach.de\/wordpress\/wp-content\/uploads\/2017\/06\/werbung8.png 1200w\" sizes=\"(max-width: 1024px) 100vw, 1024px\" \/>\t\t\t\t\t\t\t\t<\/a>\n\t\t\t\t\t\t\t\t\t\t\t\t\t<\/div>\n\t\t\t\t<\/div>\n\t\t\t\t\t<\/div>\n\t\t<\/div>\n\t\t\t\t\t<\/div>\n\t\t<\/section>\n\t\t\t\t<\/div>\n\t\t","protected":false},"excerpt":{"rendered":"<div class=\"mh-excerpt\"><p>Familiendrama mit vier Toten Gunzenhausen\/Ansbach (ots) &#8211; Wie bereits gestern berichtet kam es in den Morgenstunden des 26.06.2018 in Gunzenhausen zu einer Familientrag\u00f6die, in deren Verlauf drei Kinder und ihre Mutter get\u00f6tet wurden (siehe Meldung\u00a0vom <a class=\"mh-excerpt-more\" href=\"https:\/\/www.region-schwabach.de\/wordpress\/update-familientragoedie-in-gunzenhausen-vier-tote\/\" title=\"UPDATE &#8211; Familientrag\u00f6die in Gunzenhausen &#8211; vier Tote\">[&#8230;]<\/a><\/p>\n<\/div>","protected":false},"author":1,"featured_media":45067,"comment_status":"open","ping_status":"open","sticky":false,"template":"","format":"standard","meta":{"_cbd_carousel_blocks":"[]","footnotes":""},"categories":[16,15],"tags":[4152,4671,4670,2065,1043,1126,1548,4672,875],"class_list":{"0":"post-45239","1":"post","2":"type-post","3":"status-publish","4":"format-standard","5":"has-post-thumbnail","7":"category-aktuell","8":"category-polizeimeldungen","9":"tag-26-06-2018","10":"tag-bismarckstrasse","11":"tag-familientragoedie","12":"tag-frau","13":"tag-gunzenhausen","14":"tag-kinder","15":"tag-mann","16":"tag-schwer-verletzter","17":"tag-sturz"},"_links":{"self":[{"href":"https:\/\/www.region-schwabach.de\/wordpress\/wp-json\/wp\/v2\/posts\/45239","targetHints":{"allow":["GET"]}}],"collection":[{"href":"https:\/\/www.region-schwabach.de\/wordpress\/wp-json\/wp\/v2\/posts"}],"about":[{"href":"https:\/\/www.region-schwabach.de\/wordpress\/wp-json\/wp\/v2\/types\/post"}],"author":[{"embeddable":true,"href":"https:\/\/www.region-schwabach.de\/wordpress\/wp-json\/wp\/v2\/users\/1"}],"replies":[{"embeddable":true,"href":"https:\/\/www.region-schwabach.de\/wordpress\/wp-json\/wp\/v2\/comments?post=45239"}],"version-history":[{"count":0,"href":"https:\/\/www.region-schwabach.de\/wordpress\/wp-json\/wp\/v2\/posts\/45239\/revisions"}],"wp:featuredmedia":[{"embeddable":true,"href":"https:\/\/www.region-schwabach.de\/wordpress\/wp-json\/wp\/v2\/media\/45067"}],"wp:attachment":[{"href":"https:\/\/www.region-schwabach.de\/wordpress\/wp-json\/wp\/v2\/media?parent=45239"}],"wp:term":[{"taxonomy":"category","embeddable":true,"href":"https:\/\/www.region-schwabach.de\/wordpress\/wp-json\/wp\/v2\/categories?post=45239"},{"taxonomy":"post_tag","embeddable":true,"href":"https:\/\/www.region-schwabach.de\/wordpress\/wp-json\/wp\/v2\/tags?post=45239"}],"curies":[{"name":"wp","href":"https:\/\/api.w.org\/{rel}","templated":true}]}}