{"id":45372,"date":"2018-06-30T09:37:18","date_gmt":"2018-06-30T07:37:18","guid":{"rendered":"http:\/\/www.region-schwabach.de\/wordpress\/?p=45372"},"modified":"2018-06-30T09:46:48","modified_gmt":"2018-06-30T07:46:48","slug":"alkoholisierter-landwirt-verursacht-unfall-mit-radlader","status":"publish","type":"post","link":"https:\/\/www.region-schwabach.de\/wordpress\/alkoholisierter-landwirt-verursacht-unfall-mit-radlader\/","title":{"rendered":"Alkoholisierter Landwirt verursacht Unfall mit Radlader"},"content":{"rendered":"\t\t<div data-elementor-type=\"wp-post\" data-elementor-id=\"45372\" class=\"elementor elementor-45372 elementor-bc-flex-widget\">\n\t\t\t\t\t\t<section class=\"elementor-section elementor-top-section elementor-element elementor-element-1cuv9jr elementor-section-boxed elementor-section-height-default elementor-section-height-default\" data-id=\"1cuv9jr\" data-element_type=\"section\">\n\t\t\t\t\t\t<div class=\"elementor-container elementor-column-gap-default\">\n\t\t\t\t\t<div class=\"elementor-column elementor-col-66 elementor-top-column elementor-element elementor-element-q5zak7b\" data-id=\"q5zak7b\" data-element_type=\"column\">\n\t\t\t<div class=\"elementor-widget-wrap elementor-element-populated\">\n\t\t\t\t\t\t<div class=\"elementor-element elementor-element-86qws23 elementor-widget elementor-widget-text-editor\" data-id=\"86qws23\" data-element_type=\"widget\" data-widget_type=\"text-editor.default\">\n\t\t\t\t<div class=\"elementor-widget-container\">\n\t\t\t\t\t\t\t<h3 class=\"story-headline\">Unfall mit Radlader unter Alkoholeinflu\u00df verursacht<\/h3><p>Thalm\u00e4ssing &#8211; Am Freitag, den 29.06.2018,\u00a0 fuhr ein 29-j\u00e4hriger Landwirt r\u00fcckw\u00e4rts aus einer Hofausfahrt auf die Stra\u00dfe, \u00fcbersah dabei jedoch einen Kleintransporter, und besch\u00e4digte diesen mit der Radladergabel. Im Anschlu\u00df rollte der Radlader dann noch weiter, und stie\u00df gegen einen weiteren Pkw hinter dem Kleintransporter, so da\u00df ein Schaden in H\u00f6he von insgesamt ca. 9.000 Euro entstand.<\/p><h3>Anzeige wegen Gef\u00e4hrdung des Stra\u00dfenverkehrs<\/h3><p>Bei der Unfallaufnahme bemerkten die Beamten, da\u00df der Unfallverursacher nach Alkohol roch, was ein durchgef\u00fchrter Alkoholtest (Wert von 0,88 mg\/l) dann auch best\u00e4ttigte. Den Landwirt erwartet nun eine Anzeige wegen Gef\u00e4hrdung des Stra\u00dfenverkehrs unter dem Einflu\u00df von Alkohol.<\/p>\t\t\t\t\t\t<\/div>\n\t\t\t\t<\/div>\n\t\t\t\t<div class=\"elementor-element elementor-element-ace1283 elementor-widget-divider--view-line elementor-widget elementor-widget-divider\" data-id=\"ace1283\" data-element_type=\"widget\" data-widget_type=\"divider.default\">\n\t\t\t\t<div class=\"elementor-widget-container\">\n\t\t\t\t\t<div class=\"elementor-divider\">\n\t\t\t<span class=\"elementor-divider-separator\">\n\t\t\t\t\t\t<\/span>\n\t\t<\/div>\n\t\t\t\t<\/div>\n\t\t\t\t<\/div>\n\t\t\t\t<div class=\"elementor-element elementor-element-1l7zbzo elementor-widget elementor-widget-google_maps\" data-id=\"1l7zbzo\" data-element_type=\"widget\" data-widget_type=\"google_maps.default\">\n\t\t\t\t<div class=\"elementor-widget-container\">\n\t\t\t\t\t<div class=\"elementor-custom-embed\">\n\t\t\t<iframe loading=\"lazy\"\n\t\t\t\t\tsrc=\"https:\/\/maps.google.com\/maps?q=Thalm%C3%A4ssing%2C%20Deutschland&#038;t=m&#038;z=15&#038;output=embed&#038;iwloc=near\"\n\t\t\t\t\ttitle=\"Thalm\u00e4ssing, Deutschland\"\n\t\t\t\t\taria-label=\"Thalm\u00e4ssing, Deutschland\"\n\t\t\t><\/iframe>\n\t\t<\/div>\n\t\t\t\t<\/div>\n\t\t\t\t<\/div>\n\t\t\t\t\t<\/div>\n\t\t<\/div>\n\t\t\t\t<div class=\"elementor-column elementor-col-33 elementor-top-column elementor-element elementor-element-0w0urt1\" data-id=\"0w0urt1\" data-element_type=\"column\">\n\t\t\t<div class=\"elementor-widget-wrap elementor-element-populated\">\n\t\t\t\t\t\t<div class=\"elementor-element elementor-element-mo6nk5i elementor-widget elementor-widget-image\" data-id=\"mo6nk5i\" data-element_type=\"widget\" data-widget_type=\"image.default\">\n\t\t\t\t<div class=\"elementor-widget-container\">\n\t\t\t\t\t\t\t\t\t\t\t\t\t\t<a href=\"http:\/\/www.region-schwabach.de\/wordpress\/werben-auf-region-schwabach\/\" target=\"_blank\">\n\t\t\t\t\t\t\t<img fetchpriority=\"high\" decoding=\"async\" width=\"1024\" height=\"1024\" src=\"https:\/\/www.region-schwabach.de\/wordpress\/wp-content\/uploads\/2017\/06\/werbung8-1024x1024.png\" class=\"attachment-large size-large wp-image-2484\" alt=\"\" srcset=\"https:\/\/www.region-schwabach.de\/wordpress\/wp-content\/uploads\/2017\/06\/werbung8-1024x1024.png 1024w, https:\/\/www.region-schwabach.de\/wordpress\/wp-content\/uploads\/2017\/06\/werbung8-150x150.png 150w, https:\/\/www.region-schwabach.de\/wordpress\/wp-content\/uploads\/2017\/06\/werbung8-300x300.png 300w, https:\/\/www.region-schwabach.de\/wordpress\/wp-content\/uploads\/2017\/06\/werbung8-768x768.png 768w, https:\/\/www.region-schwabach.de\/wordpress\/wp-content\/uploads\/2017\/06\/werbung8-600x600.png 600w, https:\/\/www.region-schwabach.de\/wordpress\/wp-content\/uploads\/2017\/06\/werbung8.png 1200w\" sizes=\"(max-width: 1024px) 100vw, 1024px\" \/>\t\t\t\t\t\t\t\t<\/a>\n\t\t\t\t\t\t\t\t\t\t\t\t\t<\/div>\n\t\t\t\t<\/div>\n\t\t\t\t\t<\/div>\n\t\t<\/div>\n\t\t\t\t\t<\/div>\n\t\t<\/section>\n\t\t\t\t<\/div>\n\t\t","protected":false},"excerpt":{"rendered":"<div class=\"mh-excerpt\"><p>Unfall mit Radlader unter Alkoholeinflu\u00df verursacht Thalm\u00e4ssing &#8211; Am Freitag, den 29.06.2018,\u00a0 fuhr ein 29-j\u00e4hriger Landwirt r\u00fcckw\u00e4rts aus einer Hofausfahrt auf die Stra\u00dfe, \u00fcbersah dabei jedoch einen Kleintransporter, und besch\u00e4digte diesen mit der Radladergabel. Im <a class=\"mh-excerpt-more\" href=\"https:\/\/www.region-schwabach.de\/wordpress\/alkoholisierter-landwirt-verursacht-unfall-mit-radlader\/\" title=\"Alkoholisierter Landwirt verursacht Unfall mit Radlader\">[&#8230;]<\/a><\/p>\n<\/div>","protected":false},"author":1,"featured_media":45373,"comment_status":"open","ping_status":"open","sticky":false,"template":"","format":"standard","meta":{"_cbd_carousel_blocks":"[]","footnotes":""},"categories":[15],"tags":[4155,470,1820,1301,297,4760,4759,1094,401,713,2714,334],"class_list":{"0":"post-45372","1":"post","2":"type-post","3":"status-publish","4":"format-standard","5":"has-post-thumbnail","7":"category-polizeimeldungen","8":"tag-29-06-2018","9":"tag-alkohol","10":"tag-alkoholtest","11":"tag-anzeige","12":"tag-hilpoltstein","13":"tag-hofausfahrt","14":"tag-landwirt","15":"tag-radlader","16":"tag-sachschaden","17":"tag-schaden","18":"tag-thalmannsfeld","19":"tag-unfall"},"_links":{"self":[{"href":"https:\/\/www.region-schwabach.de\/wordpress\/wp-json\/wp\/v2\/posts\/45372","targetHints":{"allow":["GET"]}}],"collection":[{"href":"https:\/\/www.region-schwabach.de\/wordpress\/wp-json\/wp\/v2\/posts"}],"about":[{"href":"https:\/\/www.region-schwabach.de\/wordpress\/wp-json\/wp\/v2\/types\/post"}],"author":[{"embeddable":true,"href":"https:\/\/www.region-schwabach.de\/wordpress\/wp-json\/wp\/v2\/users\/1"}],"replies":[{"embeddable":true,"href":"https:\/\/www.region-schwabach.de\/wordpress\/wp-json\/wp\/v2\/comments?post=45372"}],"version-history":[{"count":0,"href":"https:\/\/www.region-schwabach.de\/wordpress\/wp-json\/wp\/v2\/posts\/45372\/revisions"}],"wp:featuredmedia":[{"embeddable":true,"href":"https:\/\/www.region-schwabach.de\/wordpress\/wp-json\/wp\/v2\/media\/45373"}],"wp:attachment":[{"href":"https:\/\/www.region-schwabach.de\/wordpress\/wp-json\/wp\/v2\/media?parent=45372"}],"wp:term":[{"taxonomy":"category","embeddable":true,"href":"https:\/\/www.region-schwabach.de\/wordpress\/wp-json\/wp\/v2\/categories?post=45372"},{"taxonomy":"post_tag","embeddable":true,"href":"https:\/\/www.region-schwabach.de\/wordpress\/wp-json\/wp\/v2\/tags?post=45372"}],"curies":[{"name":"wp","href":"https:\/\/api.w.org\/{rel}","templated":true}]}}