{"id":46138,"date":"2018-07-03T15:06:00","date_gmt":"2018-07-03T13:06:00","guid":{"rendered":"http:\/\/www.region-schwabach.de\/wordpress\/?p=46138"},"modified":"2018-07-03T15:11:30","modified_gmt":"2018-07-03T13:11:30","slug":"toedlicher-verkehrsunfall-im-rother-ortsteil-belmbrach","status":"publish","type":"post","link":"https:\/\/www.region-schwabach.de\/wordpress\/toedlicher-verkehrsunfall-im-rother-ortsteil-belmbrach\/","title":{"rendered":"T\u00f6dlicher Verkehrsunfall mit Radfahrerin im Rother Ortsteil Belmbrach"},"content":{"rendered":"\t\t<div data-elementor-type=\"wp-post\" data-elementor-id=\"46138\" class=\"elementor elementor-46138 elementor-bc-flex-widget\">\n\t\t\t\t\t\t<section class=\"elementor-section elementor-top-section elementor-element elementor-element-1cuv9jr elementor-section-boxed elementor-section-height-default elementor-section-height-default\" data-id=\"1cuv9jr\" data-element_type=\"section\">\n\t\t\t\t\t\t<div class=\"elementor-container elementor-column-gap-default\">\n\t\t\t\t\t<div class=\"elementor-column elementor-col-66 elementor-top-column elementor-element elementor-element-q5zak7b\" data-id=\"q5zak7b\" data-element_type=\"column\">\n\t\t\t<div class=\"elementor-widget-wrap elementor-element-populated\">\n\t\t\t\t\t\t<div class=\"elementor-element elementor-element-86qws23 elementor-widget elementor-widget-text-editor\" data-id=\"86qws23\" data-element_type=\"widget\" data-widget_type=\"text-editor.default\">\n\t\t\t\t<div class=\"elementor-widget-container\">\n\t\t\t\t\t\t\t<h3 class=\"story-headline\">T\u00f6dlicher Verkehrsunfall<\/h3><p>Roth (ots) &#8211;\u00a0Am Dienstagmittag (03.07.2018) ereignete sich ein folgenschwerer Verkehrsunfall im Gemeindegebiet Roth. Eine Frau wurde t\u00f6dlich verletzt.<\/p><h3>Unfall zur Mittagszeit<\/h3><p>Gegen 12:40 Uhr befuhr ein Mann mit seinem Pkw Ford die \u00c4u\u00dfere Belmbracher Stra\u00dfe in Fahrtrichtung Eckersm\u00fchlen. Am Ortsausgang des Rother Stadtteils Belmbrach kollidierte er aus noch nicht gekl\u00e4rter Ursache mit einer Fahrradfahrerin, welche von &#8222;Zu den H\u00f6fen&#8220; kommend in die Stra\u00dfe einfuhr.<\/p><h3>Schwer verletzte Frau starb noch am Unfallort<\/h3><p>Die Frau wurde hierbei so schwer verletzt, dass sie noch an der Unfallstelle verstarb. Der Fahrer des Pkw erlitt einen Schock und musste entsprechend medizinisch versorgt werden.<\/p><h3>Stra\u00dfe gesperrt<\/h3><p>Die Unfallstelle ist bis auf unbestimmte Zeit in beide Fahrtrichtungen f\u00fcr den Stra\u00dfenverkehr gesperrt (Stand: 13:40 Uhr). Autofahrer werden gebeten den Bereich gro\u00dfr\u00e4umig zu umfahren. Auf Anordnung der Staatsanwaltschaft wurde ein Sachverst\u00e4ndiger mit Kl\u00e4rung des Unfallhergangs beauftragt.<\/p><p><strong>Michael Petzold<\/strong><\/p><p>Original-Content von: Polizeipr\u00e4sidium Mittelfranken<\/p>\t\t\t\t\t\t<\/div>\n\t\t\t\t<\/div>\n\t\t\t\t<div class=\"elementor-element elementor-element-1l7zbzo elementor-widget elementor-widget-google_maps\" data-id=\"1l7zbzo\" data-element_type=\"widget\" data-widget_type=\"google_maps.default\">\n\t\t\t\t<div class=\"elementor-widget-container\">\n\t\t\t\t\t<div class=\"elementor-custom-embed\">\n\t\t\t<iframe loading=\"lazy\"\n\t\t\t\t\tsrc=\"https:\/\/maps.google.com\/maps?q=49.229850%2C%2011.103935&#038;t=m&#038;z=15&#038;output=embed&#038;iwloc=near\"\n\t\t\t\t\ttitle=\"49.229850, 11.103935\"\n\t\t\t\t\taria-label=\"49.229850, 11.103935\"\n\t\t\t><\/iframe>\n\t\t<\/div>\n\t\t\t\t<\/div>\n\t\t\t\t<\/div>\n\t\t\t\t\t<\/div>\n\t\t<\/div>\n\t\t\t\t<div class=\"elementor-column elementor-col-33 elementor-top-column elementor-element elementor-element-0w0urt1\" data-id=\"0w0urt1\" data-element_type=\"column\">\n\t\t\t<div class=\"elementor-widget-wrap elementor-element-populated\">\n\t\t\t\t\t\t<div class=\"elementor-element elementor-element-mo6nk5i elementor-widget elementor-widget-image\" data-id=\"mo6nk5i\" data-element_type=\"widget\" data-widget_type=\"image.default\">\n\t\t\t\t<div class=\"elementor-widget-container\">\n\t\t\t\t\t\t\t\t\t\t\t\t\t\t<a href=\"http:\/\/www.region-schwabach.de\/wordpress\/werben-auf-region-schwabach\/\" target=\"_blank\">\n\t\t\t\t\t\t\t<img fetchpriority=\"high\" decoding=\"async\" width=\"1024\" height=\"1024\" src=\"https:\/\/www.region-schwabach.de\/wordpress\/wp-content\/uploads\/2017\/06\/werbung8-1024x1024.png\" class=\"attachment-large size-large wp-image-2484\" alt=\"\" srcset=\"https:\/\/www.region-schwabach.de\/wordpress\/wp-content\/uploads\/2017\/06\/werbung8-1024x1024.png 1024w, https:\/\/www.region-schwabach.de\/wordpress\/wp-content\/uploads\/2017\/06\/werbung8-150x150.png 150w, https:\/\/www.region-schwabach.de\/wordpress\/wp-content\/uploads\/2017\/06\/werbung8-300x300.png 300w, https:\/\/www.region-schwabach.de\/wordpress\/wp-content\/uploads\/2017\/06\/werbung8-768x768.png 768w, https:\/\/www.region-schwabach.de\/wordpress\/wp-content\/uploads\/2017\/06\/werbung8-600x600.png 600w, https:\/\/www.region-schwabach.de\/wordpress\/wp-content\/uploads\/2017\/06\/werbung8.png 1200w\" sizes=\"(max-width: 1024px) 100vw, 1024px\" \/>\t\t\t\t\t\t\t\t<\/a>\n\t\t\t\t\t\t\t\t\t\t\t\t\t<\/div>\n\t\t\t\t<\/div>\n\t\t\t\t\t<\/div>\n\t\t<\/div>\n\t\t\t\t\t<\/div>\n\t\t<\/section>\n\t\t\t\t<\/div>\n\t\t","protected":false},"excerpt":{"rendered":"<div class=\"mh-excerpt\"><p>T\u00f6dlicher Verkehrsunfall Roth (ots) &#8211;\u00a0Am Dienstagmittag (03.07.2018) ereignete sich ein folgenschwerer Verkehrsunfall im Gemeindegebiet Roth. Eine Frau wurde t\u00f6dlich verletzt. Unfall zur Mittagszeit Gegen 12:40 Uhr befuhr ein Mann mit seinem Pkw Ford die \u00c4u\u00dfere <a class=\"mh-excerpt-more\" href=\"https:\/\/www.region-schwabach.de\/wordpress\/toedlicher-verkehrsunfall-im-rother-ortsteil-belmbrach\/\" title=\"T\u00f6dlicher Verkehrsunfall mit Radfahrerin im Rother Ortsteil Belmbrach\">[&#8230;]<\/a><\/p>\n<\/div>","protected":false},"author":1,"featured_media":46139,"comment_status":"open","ping_status":"open","sticky":false,"template":"","format":"standard","meta":{"_cbd_carousel_blocks":"[]","footnotes":""},"categories":[16,15],"tags":[4068,4805,1419,221,643,1246,463,32,3213,3393],"class_list":{"0":"post-46138","1":"post","2":"type-post","3":"status-publish","4":"format-standard","5":"has-post-thumbnail","7":"category-aktuell","8":"category-polizeimeldungen","9":"tag-02-07-2018","10":"tag-aeussere-belmbracher-strasse","11":"tag-belmbrach","12":"tag-eckersmuehlen","13":"tag-fahrrad","14":"tag-ford","15":"tag-pkw","16":"tag-roth","17":"tag-schock","18":"tag-toedlich-verletzt"},"_links":{"self":[{"href":"https:\/\/www.region-schwabach.de\/wordpress\/wp-json\/wp\/v2\/posts\/46138","targetHints":{"allow":["GET"]}}],"collection":[{"href":"https:\/\/www.region-schwabach.de\/wordpress\/wp-json\/wp\/v2\/posts"}],"about":[{"href":"https:\/\/www.region-schwabach.de\/wordpress\/wp-json\/wp\/v2\/types\/post"}],"author":[{"embeddable":true,"href":"https:\/\/www.region-schwabach.de\/wordpress\/wp-json\/wp\/v2\/users\/1"}],"replies":[{"embeddable":true,"href":"https:\/\/www.region-schwabach.de\/wordpress\/wp-json\/wp\/v2\/comments?post=46138"}],"version-history":[{"count":0,"href":"https:\/\/www.region-schwabach.de\/wordpress\/wp-json\/wp\/v2\/posts\/46138\/revisions"}],"wp:featuredmedia":[{"embeddable":true,"href":"https:\/\/www.region-schwabach.de\/wordpress\/wp-json\/wp\/v2\/media\/46139"}],"wp:attachment":[{"href":"https:\/\/www.region-schwabach.de\/wordpress\/wp-json\/wp\/v2\/media?parent=46138"}],"wp:term":[{"taxonomy":"category","embeddable":true,"href":"https:\/\/www.region-schwabach.de\/wordpress\/wp-json\/wp\/v2\/categories?post=46138"},{"taxonomy":"post_tag","embeddable":true,"href":"https:\/\/www.region-schwabach.de\/wordpress\/wp-json\/wp\/v2\/tags?post=46138"}],"curies":[{"name":"wp","href":"https:\/\/api.w.org\/{rel}","templated":true}]}}