{"id":46166,"date":"2018-10-07T00:03:31","date_gmt":"2018-10-06T22:03:31","guid":{"rendered":"http:\/\/www.region-schwabach.de\/wordpress\/?p=46166"},"modified":"2018-10-06T21:52:21","modified_gmt":"2018-10-06T19:52:21","slug":"sonderausstellung-70-jahre-kuenstlerbund-schwabach","status":"publish","type":"post","link":"https:\/\/www.region-schwabach.de\/wordpress\/sonderausstellung-70-jahre-kuenstlerbund-schwabach\/","title":{"rendered":"Sonderausstellung &#8222;70 Jahre K\u00fcnstlerbund Schwabach&#8220;"},"content":{"rendered":"\t\t<div data-elementor-type=\"wp-post\" data-elementor-id=\"46166\" class=\"elementor elementor-46166 elementor-bc-flex-widget\">\n\t\t\t\t\t\t<section class=\"elementor-section elementor-top-section elementor-element elementor-element-678181b elementor-section-boxed elementor-section-height-default elementor-section-height-default\" data-id=\"678181b\" data-element_type=\"section\">\n\t\t\t\t\t\t<div class=\"elementor-container elementor-column-gap-default\">\n\t\t\t\t\t<div class=\"elementor-column elementor-col-66 elementor-top-column elementor-element elementor-element-6b34026\" data-id=\"6b34026\" data-element_type=\"column\">\n\t\t\t<div class=\"elementor-widget-wrap elementor-element-populated\">\n\t\t\t\t\t\t<div class=\"elementor-element elementor-element-443ab98 elementor-widget elementor-widget-text-editor\" data-id=\"443ab98\" data-element_type=\"widget\" data-widget_type=\"text-editor.default\">\n\t\t\t\t<div class=\"elementor-widget-container\">\n\t\t\t\t\t\t\t<div class=\"fieldsattachment after_article\"><h3 class=\"idgroup_7 group_container\">Sonderausstellung &#8222;70 Jahre K\u00fcnstlerbund Schwabach&#8220;<\/h3><div class=\"idgroup_7 group_container\">Schwabach &#8211; Zusammen mit dem \u201eK\u00fcnstlerbund Schwabach e.V.\u201c gew\u00e4hrt das Stadtmuseum vom 8. Juli 2018 bis zum 7. Oktober 2018 einen spannenden R\u00fcckblick auf 70 Jahre Vereinsgeschichte.<\/div><\/div><div>\u00a0<\/div><h3>Grafikmappe in kleiner Sonderschau<\/h3><div>Zu diesem denkw\u00fcrdigen Jubil\u00e4um ver\u00f6ffentlichten die heutigen Mitglieder eine Grafikmappe,\u00a0deren Werke nun in dieser kleinen Sonderschau zu sehen sind.<\/div><div>\u00a0<\/div><h3>Forschungserkenntnisse\u00a0zur Geschichte des K\u00fcnstlerbundes<\/h3><div><p>Dabei werden neueste Forschungserkenntnisse\u00a0zur Geschichte des K\u00fcnstlerbundes pr\u00e4sentiert, wobei\u00a0das rege Gesellschaftsleben der Nachkriegszeit\u00a0ebenso wie die gro\u00dfen k\u00fcnstlerischen Erfolge,\u00a0aber auch so manche Debatten und Kontroversen beleuchtet werden.<\/p><h3>Tageb\u00fcchern, Chroniken,\u00a0Zeitungsartikel, Fotos und Gem\u00e4lde<\/h3><p>Zu bestaunen sind bei der sehenswerten Ausstellung eine interessante Auswahl an illustrierten Tageb\u00fcchern und Chroniken,\u00a0Zeitungsartikeln, Fotos und Gem\u00e4lden, welche die Geschichte vom erfolgreichen Schaffen\u00a0der K\u00fcnstlerinnen und K\u00fcnstler erz\u00e4hlen.<\/p><\/div><div class=\"fieldsattachment after_article\"><h3>Infos:<\/h3><ul style=\"list-style-type: disc;\"><li class=\"idgroup_7 group_container\"><strong>Termin<\/strong>: Sonntag, den 8. Juli 2018, bis Sonntag, den 7. Oktober 2018<\/li><li class=\"idgroup_7 group_container\"><strong>Ort<\/strong>: Stadtmuseum, Museumssstra\u00dfe 1, 91126 Schwabach<\/li><li class=\"idgroup_7 group_container\"><strong>Eintritt<\/strong>: 5,- Euro \/ 2,50 Euro<\/li><\/ul><\/div><h3>F\u00fchrungen durch die Ausstellung:<\/h3><p>45-min\u00fctige F\u00fchrungen durch die Ausstellung mit Frau Dr. Christine Demele gibt es am:<\/p><ul style=\"list-style-type: disc;\"><li>Sonntag, den 19.08.2018<\/li><li>Sonntag, den 16.09.2018<\/li><li>Sonntag, den 07.10.2018<\/li><\/ul><p>Beginn der F\u00fchrung ist jeweils um 11:00 Uhr,\u00a0Treffpunkt ist an der Museumskasse.<\/p><h3>Weiterf\u00fchrende Links:<\/h3><p><a href=\"http:\/\/www.kuenstlerbund-schwabach.de\/index.html\" target=\"_blank\" rel=\"noopener\">Homepage vom K\u00fcnstlerbund Schwabach e.V. &#8230;<\/a><\/p><p><a href=\"http:\/\/www.schwabach.de\/de\/schwabach-erleben\/kultur\/einrichtungen\/stadtmuseum.html\" target=\"_blank\" rel=\"noopener\">Homepage vom Stadtmuseum Schwabach &#8230;<\/a><\/p>\t\t\t\t\t\t<\/div>\n\t\t\t\t<\/div>\n\t\t\t\t<div class=\"elementor-element elementor-element-21c3450 elementor-widget-divider--view-line elementor-widget elementor-widget-divider\" data-id=\"21c3450\" data-element_type=\"widget\" data-widget_type=\"divider.default\">\n\t\t\t\t<div class=\"elementor-widget-container\">\n\t\t\t\t\t<div class=\"elementor-divider\">\n\t\t\t<span class=\"elementor-divider-separator\">\n\t\t\t\t\t\t<\/span>\n\t\t<\/div>\n\t\t\t\t<\/div>\n\t\t\t\t<\/div>\n\t\t\t\t<div class=\"elementor-element elementor-element-f4c690c elementor-widget elementor-widget-google_maps\" data-id=\"f4c690c\" data-element_type=\"widget\" data-widget_type=\"google_maps.default\">\n\t\t\t\t<div class=\"elementor-widget-container\">\n\t\t\t\t\t<div class=\"elementor-custom-embed\">\n\t\t\t<iframe loading=\"lazy\"\n\t\t\t\t\tsrc=\"https:\/\/maps.google.com\/maps?q=Museumsstra%C3%9Fe%201%2C%20Schwabach%2C%20Deutschland&#038;t=m&#038;z=17&#038;output=embed&#038;iwloc=near\"\n\t\t\t\t\ttitle=\"Museumsstra\u00dfe 1, Schwabach, Deutschland\"\n\t\t\t\t\taria-label=\"Museumsstra\u00dfe 1, Schwabach, Deutschland\"\n\t\t\t><\/iframe>\n\t\t<\/div>\n\t\t\t\t<\/div>\n\t\t\t\t<\/div>\n\t\t\t\t\t<\/div>\n\t\t<\/div>\n\t\t\t\t<div class=\"elementor-column elementor-col-33 elementor-top-column elementor-element elementor-element-f645137\" data-id=\"f645137\" data-element_type=\"column\">\n\t\t\t<div class=\"elementor-widget-wrap elementor-element-populated\">\n\t\t\t\t\t\t<div class=\"elementor-element elementor-element-25043c1 elementor-widget elementor-widget-image\" data-id=\"25043c1\" data-element_type=\"widget\" data-widget_type=\"image.default\">\n\t\t\t\t<div class=\"elementor-widget-container\">\n\t\t\t\t\t\t\t\t\t\t\t\t\t<img fetchpriority=\"high\" decoding=\"async\" width=\"300\" height=\"300\" src=\"https:\/\/www.region-schwabach.de\/wordpress\/wp-content\/uploads\/2018\/04\/werbung1-300x300.png\" class=\"attachment-medium size-medium wp-image-35382\" alt=\"\" srcset=\"https:\/\/www.region-schwabach.de\/wordpress\/wp-content\/uploads\/2018\/04\/werbung1-300x300.png 300w, https:\/\/www.region-schwabach.de\/wordpress\/wp-content\/uploads\/2018\/04\/werbung1-150x150.png 150w, https:\/\/www.region-schwabach.de\/wordpress\/wp-content\/uploads\/2018\/04\/werbung1-768x768.png 768w, https:\/\/www.region-schwabach.de\/wordpress\/wp-content\/uploads\/2018\/04\/werbung1-1024x1024.png 1024w, https:\/\/www.region-schwabach.de\/wordpress\/wp-content\/uploads\/2018\/04\/werbung1.png 1200w\" sizes=\"(max-width: 300px) 100vw, 300px\" \/>\t\t\t\t\t\t\t\t\t\t\t\t\t<\/div>\n\t\t\t\t<\/div>\n\t\t\t\t\t<\/div>\n\t\t<\/div>\n\t\t\t\t\t<\/div>\n\t\t<\/section>\n\t\t\t\t<\/div>\n\t\t","protected":false},"excerpt":{"rendered":"<div class=\"mh-excerpt\"><p>Sonderausstellung &#8222;70 Jahre K\u00fcnstlerbund Schwabach&#8220; Schwabach &#8211; Zusammen mit dem \u201eK\u00fcnstlerbund Schwabach e.V.\u201c gew\u00e4hrt das Stadtmuseum vom 8. Juli 2018 bis zum 7. Oktober 2018 einen spannenden R\u00fcckblick auf 70 Jahre Vereinsgeschichte.\u00a0 Grafikmappe in kleiner <a class=\"mh-excerpt-more\" href=\"https:\/\/www.region-schwabach.de\/wordpress\/sonderausstellung-70-jahre-kuenstlerbund-schwabach\/\" title=\"Sonderausstellung &#8222;70 Jahre K\u00fcnstlerbund Schwabach&#8220;\">[&#8230;]<\/a><\/p>\n<\/div>","protected":false},"author":1,"featured_media":46167,"comment_status":"open","ping_status":"open","sticky":false,"template":"","format":"standard","meta":{"_cbd_carousel_blocks":"[]","footnotes":""},"categories":[16,1,287,61,231,140],"tags":[4811,3155,4813,420,1480,19,4812,3739],"class_list":{"0":"post-46166","1":"post","2":"type-post","3":"status-publish","4":"format-standard","5":"has-post-thumbnail","7":"category-aktuell","8":"category-allgemein","9":"category-jugend-und-familie","10":"category-rathaus","11":"category-veranstaltungsnews","12":"category-vereine","13":"tag-8-juli-2018-bis-7-oktober-2018","14":"tag-ausstellung","15":"tag-kuenstlerbund","16":"tag-museumsstrasse","17":"tag-rathaus","18":"tag-schwabach","19":"tag-sonderausstellung","20":"tag-stadtmuseum"},"_links":{"self":[{"href":"https:\/\/www.region-schwabach.de\/wordpress\/wp-json\/wp\/v2\/posts\/46166","targetHints":{"allow":["GET"]}}],"collection":[{"href":"https:\/\/www.region-schwabach.de\/wordpress\/wp-json\/wp\/v2\/posts"}],"about":[{"href":"https:\/\/www.region-schwabach.de\/wordpress\/wp-json\/wp\/v2\/types\/post"}],"author":[{"embeddable":true,"href":"https:\/\/www.region-schwabach.de\/wordpress\/wp-json\/wp\/v2\/users\/1"}],"replies":[{"embeddable":true,"href":"https:\/\/www.region-schwabach.de\/wordpress\/wp-json\/wp\/v2\/comments?post=46166"}],"version-history":[{"count":0,"href":"https:\/\/www.region-schwabach.de\/wordpress\/wp-json\/wp\/v2\/posts\/46166\/revisions"}],"wp:featuredmedia":[{"embeddable":true,"href":"https:\/\/www.region-schwabach.de\/wordpress\/wp-json\/wp\/v2\/media\/46167"}],"wp:attachment":[{"href":"https:\/\/www.region-schwabach.de\/wordpress\/wp-json\/wp\/v2\/media?parent=46166"}],"wp:term":[{"taxonomy":"category","embeddable":true,"href":"https:\/\/www.region-schwabach.de\/wordpress\/wp-json\/wp\/v2\/categories?post=46166"},{"taxonomy":"post_tag","embeddable":true,"href":"https:\/\/www.region-schwabach.de\/wordpress\/wp-json\/wp\/v2\/tags?post=46166"}],"curies":[{"name":"wp","href":"https:\/\/api.w.org\/{rel}","templated":true}]}}