{"id":46682,"date":"2018-07-08T12:55:02","date_gmt":"2018-07-08T10:55:02","guid":{"rendered":"http:\/\/www.region-schwabach.de\/wordpress\/?p=46682"},"modified":"2018-07-08T13:09:21","modified_gmt":"2018-07-08T11:09:21","slug":"polizei-sucht-zeugen-fuer-zwei-verkehrsunfallfluchten-in-schwabach","status":"publish","type":"post","link":"https:\/\/www.region-schwabach.de\/wordpress\/polizei-sucht-zeugen-fuer-zwei-verkehrsunfallfluchten-in-schwabach\/","title":{"rendered":"Polizei sucht Zeugen f\u00fcr zwei Verkehrsunfallfluchten in Schwabach"},"content":{"rendered":"\t\t<div data-elementor-type=\"wp-post\" data-elementor-id=\"46682\" class=\"elementor elementor-46682 elementor-bc-flex-widget\">\n\t\t\t\t\t\t<section class=\"elementor-section elementor-top-section elementor-element elementor-element-1cuv9jr elementor-section-boxed elementor-section-height-default elementor-section-height-default\" data-id=\"1cuv9jr\" data-element_type=\"section\">\n\t\t\t\t\t\t<div class=\"elementor-container elementor-column-gap-default\">\n\t\t\t\t\t<div class=\"elementor-column elementor-col-66 elementor-top-column elementor-element elementor-element-q5zak7b\" data-id=\"q5zak7b\" data-element_type=\"column\">\n\t\t\t<div class=\"elementor-widget-wrap elementor-element-populated\">\n\t\t\t\t\t\t<div class=\"elementor-element elementor-element-86qws23 elementor-widget elementor-widget-text-editor\" data-id=\"86qws23\" data-element_type=\"widget\" data-widget_type=\"text-editor.default\">\n\t\t\t\t<div class=\"elementor-widget-container\">\n\t\t\t\t\t\t\t<h3 class=\"story-headline\"><strong>Zeugen f\u00fcr zwei Verkehrsunfallfluchten vom Freitag gesucht<\/strong><\/h3><h3>Gewerbegebiet Alte Rother Stra\u00dfe<\/h3><p>Schwabach &#8211; Am Freitag, den 06.07.2018, hat ein bisher unbekannter Fahrzeugf\u00fchrer (vermutlich ein LKW-Fahrer) in der Zeit zwischen 12.00 Uhr und 12.30 Uhr, im Gewerbegebiet an der Alten Rother Stra\u00dfe in Schwabach den Doppelstabmattenzaun einer dort ans\u00e4ssigen Firma angefahren, und dabei einen Schaden in H\u00f6he von ca. 1.600 Euro verursacht, bevor er vom Unfallort fl\u00fcchtete.<u><\/u><\/p><h3>Benkendorfer Stra\u00dfe<\/h3><p>Schwabach &#8211; Ebenfalls am Freitag, den 06.07.2018, hat ein bisher Unbekannter in der Zeit zwischen 06.15 Uhr und 15.20 Uhr, in der Benkendorfer Stra\u00dfe in Schwabach einen dort geparkten blauen Pkw angefahren, und dabei die linke Fahrzeugseite verkratzt, wodurch ein Sachschaden in H\u00f6he von ca.1.000 Euro entstanden ist. Auch hier fl\u00fcchtete der Unfallverursacher ohne sich um den entstandenen Schaden zu k\u00fcmmern.<\/p><h3>Polizei bittet um Mithilfe<\/h3><p>Personen, die verd\u00e4chtige Beobachtungen gemacht haben, werden gebeten,\u00a0diese der Polizei in Schwabach unter der Rufnummer 0912-927-0 mitzuteilen.<\/p>\t\t\t\t\t\t<\/div>\n\t\t\t\t<\/div>\n\t\t\t\t<div class=\"elementor-element elementor-element-ace1283 elementor-widget-divider--view-line elementor-widget elementor-widget-divider\" data-id=\"ace1283\" data-element_type=\"widget\" data-widget_type=\"divider.default\">\n\t\t\t\t<div class=\"elementor-widget-container\">\n\t\t\t\t\t<div class=\"elementor-divider\">\n\t\t\t<span class=\"elementor-divider-separator\">\n\t\t\t\t\t\t<\/span>\n\t\t<\/div>\n\t\t\t\t<\/div>\n\t\t\t\t<\/div>\n\t\t\t\t<div class=\"elementor-element elementor-element-1l7zbzo elementor-widget elementor-widget-google_maps\" data-id=\"1l7zbzo\" data-element_type=\"widget\" data-widget_type=\"google_maps.default\">\n\t\t\t\t<div class=\"elementor-widget-container\">\n\t\t\t\t\t<div class=\"elementor-custom-embed\">\n\t\t\t<iframe loading=\"lazy\"\n\t\t\t\t\tsrc=\"https:\/\/maps.google.com\/maps?q=Alte%20Rother%20Stra%C3%9Fe%2C%20Schwabach%2C%20Deutschland&#038;t=m&#038;z=17&#038;output=embed&#038;iwloc=near\"\n\t\t\t\t\ttitle=\"Alte Rother Stra\u00dfe, Schwabach, Deutschland\"\n\t\t\t\t\taria-label=\"Alte Rother Stra\u00dfe, Schwabach, Deutschland\"\n\t\t\t><\/iframe>\n\t\t<\/div>\n\t\t\t\t<\/div>\n\t\t\t\t<\/div>\n\t\t\t\t<div class=\"elementor-element elementor-element-2c58083 elementor-widget elementor-widget-google_maps\" data-id=\"2c58083\" data-element_type=\"widget\" data-widget_type=\"google_maps.default\">\n\t\t\t\t<div class=\"elementor-widget-container\">\n\t\t\t\t\t<div class=\"elementor-custom-embed\">\n\t\t\t<iframe loading=\"lazy\"\n\t\t\t\t\tsrc=\"https:\/\/maps.google.com\/maps?q=Benkendorfer%20Stra%C3%9Fe%2C%20Schwabach%2C%20Deutschland&#038;t=m&#038;z=17&#038;output=embed&#038;iwloc=near\"\n\t\t\t\t\ttitle=\"Benkendorfer Stra\u00dfe, Schwabach, Deutschland\"\n\t\t\t\t\taria-label=\"Benkendorfer Stra\u00dfe, Schwabach, Deutschland\"\n\t\t\t><\/iframe>\n\t\t<\/div>\n\t\t\t\t<\/div>\n\t\t\t\t<\/div>\n\t\t\t\t\t<\/div>\n\t\t<\/div>\n\t\t\t\t<div class=\"elementor-column elementor-col-33 elementor-top-column elementor-element elementor-element-0w0urt1\" data-id=\"0w0urt1\" data-element_type=\"column\">\n\t\t\t<div class=\"elementor-widget-wrap elementor-element-populated\">\n\t\t\t\t\t\t<div class=\"elementor-element elementor-element-mo6nk5i elementor-widget elementor-widget-image\" data-id=\"mo6nk5i\" data-element_type=\"widget\" data-widget_type=\"image.default\">\n\t\t\t\t<div class=\"elementor-widget-container\">\n\t\t\t\t\t\t\t\t\t\t\t\t\t\t<a href=\"http:\/\/www.region-schwabach.de\/wordpress\/werben-auf-region-schwabach\/\" target=\"_blank\">\n\t\t\t\t\t\t\t<img fetchpriority=\"high\" decoding=\"async\" width=\"1024\" height=\"1024\" src=\"https:\/\/www.region-schwabach.de\/wordpress\/wp-content\/uploads\/2017\/06\/werbung8-1024x1024.png\" class=\"attachment-large size-large wp-image-2484\" alt=\"\" srcset=\"https:\/\/www.region-schwabach.de\/wordpress\/wp-content\/uploads\/2017\/06\/werbung8-1024x1024.png 1024w, https:\/\/www.region-schwabach.de\/wordpress\/wp-content\/uploads\/2017\/06\/werbung8-150x150.png 150w, https:\/\/www.region-schwabach.de\/wordpress\/wp-content\/uploads\/2017\/06\/werbung8-300x300.png 300w, https:\/\/www.region-schwabach.de\/wordpress\/wp-content\/uploads\/2017\/06\/werbung8-768x768.png 768w, https:\/\/www.region-schwabach.de\/wordpress\/wp-content\/uploads\/2017\/06\/werbung8-600x600.png 600w, https:\/\/www.region-schwabach.de\/wordpress\/wp-content\/uploads\/2017\/06\/werbung8.png 1200w\" sizes=\"(max-width: 1024px) 100vw, 1024px\" \/>\t\t\t\t\t\t\t\t<\/a>\n\t\t\t\t\t\t\t\t\t\t\t\t\t<\/div>\n\t\t\t\t<\/div>\n\t\t\t\t\t<\/div>\n\t\t<\/div>\n\t\t\t\t\t<\/div>\n\t\t<\/section>\n\t\t\t\t<\/div>\n\t\t","protected":false},"excerpt":{"rendered":"<div class=\"mh-excerpt\"><p>Zeugen f\u00fcr zwei Verkehrsunfallfluchten vom Freitag gesucht Gewerbegebiet Alte Rother Stra\u00dfe Schwabach &#8211; Am Freitag, den 06.07.2018, hat ein bisher unbekannter Fahrzeugf\u00fchrer (vermutlich ein LKW-Fahrer) in der Zeit zwischen 12.00 Uhr und 12.30 Uhr, im <a class=\"mh-excerpt-more\" href=\"https:\/\/www.region-schwabach.de\/wordpress\/polizei-sucht-zeugen-fuer-zwei-verkehrsunfallfluchten-in-schwabach\/\" title=\"Polizei sucht Zeugen f\u00fcr zwei Verkehrsunfallfluchten in Schwabach\">[&#8230;]<\/a><\/p>\n<\/div>","protected":false},"author":1,"featured_media":46683,"comment_status":"open","ping_status":"open","sticky":false,"template":"","format":"standard","meta":{"_cbd_carousel_blocks":"[]","footnotes":""},"categories":[15],"tags":[4281,1276,4904,454,545,261,463,401,713,19,457,2269,4903],"class_list":{"0":"post-46682","1":"post","2":"type-post","3":"status-publish","4":"format-standard","5":"has-post-thumbnail","7":"category-polizeimeldungen","8":"tag-06-07-2018","9":"tag-alte-rother-strasse","10":"tag-benkendorfer-strasse","11":"tag-fahrerflucht","12":"tag-gewerbegebiet","13":"tag-lkw","14":"tag-pkw","15":"tag-sachschaden","16":"tag-schaden","17":"tag-schwabach","18":"tag-unfallflucht","19":"tag-zaun","20":"tag-zeugen-gesucht"},"_links":{"self":[{"href":"https:\/\/www.region-schwabach.de\/wordpress\/wp-json\/wp\/v2\/posts\/46682","targetHints":{"allow":["GET"]}}],"collection":[{"href":"https:\/\/www.region-schwabach.de\/wordpress\/wp-json\/wp\/v2\/posts"}],"about":[{"href":"https:\/\/www.region-schwabach.de\/wordpress\/wp-json\/wp\/v2\/types\/post"}],"author":[{"embeddable":true,"href":"https:\/\/www.region-schwabach.de\/wordpress\/wp-json\/wp\/v2\/users\/1"}],"replies":[{"embeddable":true,"href":"https:\/\/www.region-schwabach.de\/wordpress\/wp-json\/wp\/v2\/comments?post=46682"}],"version-history":[{"count":0,"href":"https:\/\/www.region-schwabach.de\/wordpress\/wp-json\/wp\/v2\/posts\/46682\/revisions"}],"wp:featuredmedia":[{"embeddable":true,"href":"https:\/\/www.region-schwabach.de\/wordpress\/wp-json\/wp\/v2\/media\/46683"}],"wp:attachment":[{"href":"https:\/\/www.region-schwabach.de\/wordpress\/wp-json\/wp\/v2\/media?parent=46682"}],"wp:term":[{"taxonomy":"category","embeddable":true,"href":"https:\/\/www.region-schwabach.de\/wordpress\/wp-json\/wp\/v2\/categories?post=46682"},{"taxonomy":"post_tag","embeddable":true,"href":"https:\/\/www.region-schwabach.de\/wordpress\/wp-json\/wp\/v2\/tags?post=46682"}],"curies":[{"name":"wp","href":"https:\/\/api.w.org\/{rel}","templated":true}]}}