{"id":46880,"date":"2018-07-09T10:02:20","date_gmt":"2018-07-09T08:02:20","guid":{"rendered":"http:\/\/www.region-schwabach.de\/wordpress\/?p=46880"},"modified":"2018-07-09T11:02:31","modified_gmt":"2018-07-09T09:02:31","slug":"zeugen-fuer-fahrlaessige-brandstiftung-am-jaegersee-gesucht","status":"publish","type":"post","link":"https:\/\/www.region-schwabach.de\/wordpress\/zeugen-fuer-fahrlaessige-brandstiftung-am-jaegersee-gesucht\/","title":{"rendered":"Zeugen f\u00fcr fahrl\u00e4ssige Brandstiftung am J\u00e4gersee gesucht"},"content":{"rendered":"\t\t<div data-elementor-type=\"wp-post\" data-elementor-id=\"46880\" class=\"elementor elementor-46880 elementor-bc-flex-widget\">\n\t\t\t\t\t\t<section class=\"elementor-section elementor-top-section elementor-element elementor-element-1cuv9jr elementor-section-boxed elementor-section-height-default elementor-section-height-default\" data-id=\"1cuv9jr\" data-element_type=\"section\">\n\t\t\t\t\t\t<div class=\"elementor-container elementor-column-gap-default\">\n\t\t\t\t\t<div class=\"elementor-column elementor-col-66 elementor-top-column elementor-element elementor-element-q5zak7b\" data-id=\"q5zak7b\" data-element_type=\"column\">\n\t\t\t<div class=\"elementor-widget-wrap elementor-element-populated\">\n\t\t\t\t\t\t<div class=\"elementor-element elementor-element-86qws23 elementor-widget elementor-widget-text-editor\" data-id=\"86qws23\" data-element_type=\"widget\" data-widget_type=\"text-editor.default\">\n\t\t\t\t<div class=\"elementor-widget-container\">\n\t\t\t\t\t\t\t<h3 class=\"story-headline\"><strong>Zeugen f\u00fcr fahrl\u00e4ssige Brandstiftung gesucht<\/strong><\/h3><p><span style=\"font-family: georgia, palatino, serif; font-size: 12pt;\">Schwabach &#8211;\u00a0In der Zeit\u00a0 zwischen Freitag. den 06.07.2018, und Samstag, den 07.07.2018 kam es in einem Waldst\u00fcck beim J\u00e4gersee zu einer fahrl\u00e4ssigen Brandstiftung.<\/span><\/p><h3>Aufmerksamer Passant verhindert Schlimmeres<\/h3><p class=\"MsoNormal\"><span style=\"font-size: 12pt; font-family: georgia, palatino, serif;\">Ein aufmerksamer Passant entdeckte dabei einen ca. 3 Meter x 5 Meter gro\u00dfern Schwelbrand, der dann durch die herbeigerufene Feuerwehr aus Feucht gel\u00f6scht werden konnte, die so auch\u00a0<\/span><span style=\"font-size: 12pt; font-family: georgia, palatino, serif;\">einen gr\u00f6\u00dferer Schaden verhinderte.<\/span><\/p><h3>Grillrost entdeckt<\/h3><p class=\"MsoNormal\"><span style=\"font-family: georgia, palatino, serif; font-size: 12pt;\">Nach erfolgreicher Arbeit konnte die Feuerwehr einen Grillrost entdecken, wehalb davon auszugehen ist, da\u00df eine oder mehrere bislang unbekannte Personen in dem Waldst\u00fcck im besagten Zeitraum verbotswidrig gegrillt haben.<\/span><\/p><h3><span style=\"font-size: 12.0pt; mso-bidi-font-size: 10.0pt;\">P<\/span>olizei bittet um Mithilfe<\/h3><p>Personen, die verd\u00e4chtige Beobachtungen gemacht haben, werden gebeten,\u00a0diese der Polizei in Schwabach unter der Rufnummer 09122-927-0 mitzuteilen.<\/p>\t\t\t\t\t\t<\/div>\n\t\t\t\t<\/div>\n\t\t\t\t<div class=\"elementor-element elementor-element-ace1283 elementor-widget-divider--view-line elementor-widget elementor-widget-divider\" data-id=\"ace1283\" data-element_type=\"widget\" data-widget_type=\"divider.default\">\n\t\t\t\t<div class=\"elementor-widget-container\">\n\t\t\t\t\t<div class=\"elementor-divider\">\n\t\t\t<span class=\"elementor-divider-separator\">\n\t\t\t\t\t\t<\/span>\n\t\t<\/div>\n\t\t\t\t<\/div>\n\t\t\t\t<\/div>\n\t\t\t\t<div class=\"elementor-element elementor-element-1l7zbzo elementor-widget elementor-widget-google_maps\" data-id=\"1l7zbzo\" data-element_type=\"widget\" data-widget_type=\"google_maps.default\">\n\t\t\t\t<div class=\"elementor-widget-container\">\n\t\t\t\t\t<div class=\"elementor-custom-embed\">\n\t\t\t<iframe loading=\"lazy\"\n\t\t\t\t\tsrc=\"https:\/\/maps.google.com\/maps?q=J%C3%A4gersee%2C%20Feucht%2C%20Deutschland&#038;t=m&#038;z=15&#038;output=embed&#038;iwloc=near\"\n\t\t\t\t\ttitle=\"J\u00e4gersee, Feucht, Deutschland\"\n\t\t\t\t\taria-label=\"J\u00e4gersee, Feucht, Deutschland\"\n\t\t\t><\/iframe>\n\t\t<\/div>\n\t\t\t\t<\/div>\n\t\t\t\t<\/div>\n\t\t\t\t\t<\/div>\n\t\t<\/div>\n\t\t\t\t<div class=\"elementor-column elementor-col-33 elementor-top-column elementor-element elementor-element-0w0urt1\" data-id=\"0w0urt1\" data-element_type=\"column\">\n\t\t\t<div class=\"elementor-widget-wrap elementor-element-populated\">\n\t\t\t\t\t\t<div class=\"elementor-element elementor-element-mo6nk5i elementor-widget elementor-widget-image\" data-id=\"mo6nk5i\" data-element_type=\"widget\" data-widget_type=\"image.default\">\n\t\t\t\t<div class=\"elementor-widget-container\">\n\t\t\t\t\t\t\t\t\t\t\t\t\t\t<a href=\"http:\/\/www.region-schwabach.de\/wordpress\/werben-auf-region-schwabach\/\" target=\"_blank\">\n\t\t\t\t\t\t\t<img fetchpriority=\"high\" decoding=\"async\" width=\"1024\" height=\"1024\" src=\"https:\/\/www.region-schwabach.de\/wordpress\/wp-content\/uploads\/2017\/06\/werbung8-1024x1024.png\" class=\"attachment-large size-large wp-image-2484\" alt=\"\" srcset=\"https:\/\/www.region-schwabach.de\/wordpress\/wp-content\/uploads\/2017\/06\/werbung8-1024x1024.png 1024w, https:\/\/www.region-schwabach.de\/wordpress\/wp-content\/uploads\/2017\/06\/werbung8-150x150.png 150w, https:\/\/www.region-schwabach.de\/wordpress\/wp-content\/uploads\/2017\/06\/werbung8-300x300.png 300w, https:\/\/www.region-schwabach.de\/wordpress\/wp-content\/uploads\/2017\/06\/werbung8-768x768.png 768w, https:\/\/www.region-schwabach.de\/wordpress\/wp-content\/uploads\/2017\/06\/werbung8-600x600.png 600w, https:\/\/www.region-schwabach.de\/wordpress\/wp-content\/uploads\/2017\/06\/werbung8.png 1200w\" sizes=\"(max-width: 1024px) 100vw, 1024px\" \/>\t\t\t\t\t\t\t\t<\/a>\n\t\t\t\t\t\t\t\t\t\t\t\t\t<\/div>\n\t\t\t\t<\/div>\n\t\t\t\t\t<\/div>\n\t\t<\/div>\n\t\t\t\t\t<\/div>\n\t\t<\/section>\n\t\t\t\t<\/div>\n\t\t","protected":false},"excerpt":{"rendered":"<div class=\"mh-excerpt\"><p>Zeugen f\u00fcr fahrl\u00e4ssige Brandstiftung gesucht Schwabach &#8211;\u00a0In der Zeit\u00a0 zwischen Freitag. den 06.07.2018, und Samstag, den 07.07.2018 kam es in einem Waldst\u00fcck beim J\u00e4gersee zu einer fahrl\u00e4ssigen Brandstiftung. Aufmerksamer Passant verhindert Schlimmeres Ein aufmerksamer Passant <a class=\"mh-excerpt-more\" href=\"https:\/\/www.region-schwabach.de\/wordpress\/zeugen-fuer-fahrlaessige-brandstiftung-am-jaegersee-gesucht\/\" title=\"Zeugen f\u00fcr fahrl\u00e4ssige Brandstiftung am J\u00e4gersee gesucht\">[&#8230;]<\/a><\/p>\n<\/div>","protected":false},"author":1,"featured_media":46881,"comment_status":"open","ping_status":"open","sticky":false,"template":"","format":"standard","meta":{"_cbd_carousel_blocks":"[]","footnotes":""},"categories":[15],"tags":[4281,4282,4920,3588,3589,401,713,4921,1267],"class_list":{"0":"post-46880","1":"post","2":"type-post","3":"status-publish","4":"format-standard","5":"has-post-thumbnail","7":"category-polizeimeldungen","8":"tag-06-07-2018","9":"tag-07-07-2018","10":"tag-fahrlaessigkeit","11":"tag-feucht","12":"tag-jaegersee","13":"tag-sachschaden","14":"tag-schaden","15":"tag-schwelbrand","16":"tag-waldstueck"},"_links":{"self":[{"href":"https:\/\/www.region-schwabach.de\/wordpress\/wp-json\/wp\/v2\/posts\/46880","targetHints":{"allow":["GET"]}}],"collection":[{"href":"https:\/\/www.region-schwabach.de\/wordpress\/wp-json\/wp\/v2\/posts"}],"about":[{"href":"https:\/\/www.region-schwabach.de\/wordpress\/wp-json\/wp\/v2\/types\/post"}],"author":[{"embeddable":true,"href":"https:\/\/www.region-schwabach.de\/wordpress\/wp-json\/wp\/v2\/users\/1"}],"replies":[{"embeddable":true,"href":"https:\/\/www.region-schwabach.de\/wordpress\/wp-json\/wp\/v2\/comments?post=46880"}],"version-history":[{"count":0,"href":"https:\/\/www.region-schwabach.de\/wordpress\/wp-json\/wp\/v2\/posts\/46880\/revisions"}],"wp:featuredmedia":[{"embeddable":true,"href":"https:\/\/www.region-schwabach.de\/wordpress\/wp-json\/wp\/v2\/media\/46881"}],"wp:attachment":[{"href":"https:\/\/www.region-schwabach.de\/wordpress\/wp-json\/wp\/v2\/media?parent=46880"}],"wp:term":[{"taxonomy":"category","embeddable":true,"href":"https:\/\/www.region-schwabach.de\/wordpress\/wp-json\/wp\/v2\/categories?post=46880"},{"taxonomy":"post_tag","embeddable":true,"href":"https:\/\/www.region-schwabach.de\/wordpress\/wp-json\/wp\/v2\/tags?post=46880"}],"curies":[{"name":"wp","href":"https:\/\/api.w.org\/{rel}","templated":true}]}}