{"id":47142,"date":"2018-07-10T10:19:13","date_gmt":"2018-07-10T08:19:13","guid":{"rendered":"http:\/\/www.region-schwabach.de\/wordpress\/?p=47142"},"modified":"2018-07-10T10:30:20","modified_gmt":"2018-07-10T08:30:20","slug":"unfall-nach-missverstaendnis-in-allersberg","status":"publish","type":"post","link":"https:\/\/www.region-schwabach.de\/wordpress\/unfall-nach-missverstaendnis-in-allersberg\/","title":{"rendered":"Unfall nach Missverst\u00e4ndnis in Allersberg"},"content":{"rendered":"\t\t<div data-elementor-type=\"wp-post\" data-elementor-id=\"47142\" class=\"elementor elementor-47142 elementor-bc-flex-widget\">\n\t\t\t\t\t\t<section class=\"elementor-section elementor-top-section elementor-element elementor-element-1cuv9jr elementor-section-boxed elementor-section-height-default elementor-section-height-default\" data-id=\"1cuv9jr\" data-element_type=\"section\">\n\t\t\t\t\t\t<div class=\"elementor-container elementor-column-gap-default\">\n\t\t\t\t\t<div class=\"elementor-column elementor-col-66 elementor-top-column elementor-element elementor-element-q5zak7b\" data-id=\"q5zak7b\" data-element_type=\"column\">\n\t\t\t<div class=\"elementor-widget-wrap elementor-element-populated\">\n\t\t\t\t\t\t<div class=\"elementor-element elementor-element-86qws23 elementor-widget elementor-widget-text-editor\" data-id=\"86qws23\" data-element_type=\"widget\" data-widget_type=\"text-editor.default\">\n\t\t\t\t<div class=\"elementor-widget-container\">\n\t\t\t\t\t\t\t<h3 class=\"story-headline\"><strong>Von Blinker t\u00e4uschen lassen<\/strong><\/h3><p><span style=\"font-family: georgia, palatino, serif; font-size: 12pt;\">Allersberg &#8211; Am Montagabend, den 09.07.2018, wollte eine 55-j\u00e4hrige Chrysler-Fahrerin um 17.50 Uhr v<\/span>on der Neumarkter Stra\u00dfe nach links in die Staatsstra\u00dfe 2402 in Richtung Seligenporten abbiegen. In dem Glauben, ein aus Seligenporten kommender Skoda &#8211; der den rechten Blinker gesetzt hatte &#8211; w\u00fcrde vor ihr abbiegen, fuhr sie dann in die Staatsstra\u00dfe ein.<\/p><h3>Keine Verletzten, nur Sachschaden<\/h3><p>Der Fahrer des Skoda, der den Blinker gesetzt hatte weil er kurz vor der Einm\u00fcndung einen Radfahrer \u00fcberholte, fuhr jedoch geradeaus weiter, weshalb es zur Kollision der beiden Fahrzeuge kam. Zum Gl\u00fcck wurde bei dem Zusammensto\u00df niemand verletzt, es entstand lediglich ein Sachschaden in H\u00f6he von ca. 6.500 Euro.<\/p>\t\t\t\t\t\t<\/div>\n\t\t\t\t<\/div>\n\t\t\t\t<div class=\"elementor-element elementor-element-ace1283 elementor-widget-divider--view-line elementor-widget elementor-widget-divider\" data-id=\"ace1283\" data-element_type=\"widget\" data-widget_type=\"divider.default\">\n\t\t\t\t<div class=\"elementor-widget-container\">\n\t\t\t\t\t<div class=\"elementor-divider\">\n\t\t\t<span class=\"elementor-divider-separator\">\n\t\t\t\t\t\t<\/span>\n\t\t<\/div>\n\t\t\t\t<\/div>\n\t\t\t\t<\/div>\n\t\t\t\t<div class=\"elementor-element elementor-element-1l7zbzo elementor-widget elementor-widget-google_maps\" data-id=\"1l7zbzo\" data-element_type=\"widget\" data-widget_type=\"google_maps.default\">\n\t\t\t\t<div class=\"elementor-widget-container\">\n\t\t\t\t\t<div class=\"elementor-custom-embed\">\n\t\t\t<iframe loading=\"lazy\"\n\t\t\t\t\tsrc=\"https:\/\/maps.google.com\/maps?q=49.256023%2C%2011.258267&#038;t=m&#038;z=15&#038;output=embed&#038;iwloc=near\"\n\t\t\t\t\ttitle=\"49.256023, 11.258267\"\n\t\t\t\t\taria-label=\"49.256023, 11.258267\"\n\t\t\t><\/iframe>\n\t\t<\/div>\n\t\t\t\t<\/div>\n\t\t\t\t<\/div>\n\t\t\t\t\t<\/div>\n\t\t<\/div>\n\t\t\t\t<div class=\"elementor-column elementor-col-33 elementor-top-column elementor-element elementor-element-0w0urt1\" data-id=\"0w0urt1\" data-element_type=\"column\">\n\t\t\t<div class=\"elementor-widget-wrap elementor-element-populated\">\n\t\t\t\t\t\t<div class=\"elementor-element elementor-element-mo6nk5i elementor-widget elementor-widget-image\" data-id=\"mo6nk5i\" data-element_type=\"widget\" data-widget_type=\"image.default\">\n\t\t\t\t<div class=\"elementor-widget-container\">\n\t\t\t\t\t\t\t\t\t\t\t\t\t\t<a href=\"http:\/\/www.region-schwabach.de\/wordpress\/werben-auf-region-schwabach\/\" target=\"_blank\">\n\t\t\t\t\t\t\t<img fetchpriority=\"high\" decoding=\"async\" width=\"1024\" height=\"1024\" src=\"https:\/\/www.region-schwabach.de\/wordpress\/wp-content\/uploads\/2017\/06\/werbung8-1024x1024.png\" class=\"attachment-large size-large wp-image-2484\" alt=\"\" srcset=\"https:\/\/www.region-schwabach.de\/wordpress\/wp-content\/uploads\/2017\/06\/werbung8-1024x1024.png 1024w, https:\/\/www.region-schwabach.de\/wordpress\/wp-content\/uploads\/2017\/06\/werbung8-150x150.png 150w, https:\/\/www.region-schwabach.de\/wordpress\/wp-content\/uploads\/2017\/06\/werbung8-300x300.png 300w, https:\/\/www.region-schwabach.de\/wordpress\/wp-content\/uploads\/2017\/06\/werbung8-768x768.png 768w, https:\/\/www.region-schwabach.de\/wordpress\/wp-content\/uploads\/2017\/06\/werbung8-600x600.png 600w, https:\/\/www.region-schwabach.de\/wordpress\/wp-content\/uploads\/2017\/06\/werbung8.png 1200w\" sizes=\"(max-width: 1024px) 100vw, 1024px\" \/>\t\t\t\t\t\t\t\t<\/a>\n\t\t\t\t\t\t\t\t\t\t\t\t\t<\/div>\n\t\t\t\t<\/div>\n\t\t\t\t\t<\/div>\n\t\t<\/div>\n\t\t\t\t\t<\/div>\n\t\t<\/section>\n\t\t\t\t<\/div>\n\t\t","protected":false},"excerpt":{"rendered":"<div class=\"mh-excerpt\"><p>Von Blinker t\u00e4uschen lassen Allersberg &#8211; Am Montagabend, den 09.07.2018, wollte eine 55-j\u00e4hrige Chrysler-Fahrerin um 17.50 Uhr von der Neumarkter Stra\u00dfe nach links in die Staatsstra\u00dfe 2402 in Richtung Seligenporten abbiegen. In dem Glauben, ein <a class=\"mh-excerpt-more\" href=\"https:\/\/www.region-schwabach.de\/wordpress\/unfall-nach-missverstaendnis-in-allersberg\/\" title=\"Unfall nach Missverst\u00e4ndnis in Allersberg\">[&#8230;]<\/a><\/p>\n<\/div>","protected":false},"author":1,"featured_media":47143,"comment_status":"open","ping_status":"open","sticky":false,"template":"","format":"standard","meta":{"_cbd_carousel_blocks":"[]","footnotes":""},"categories":[15],"tags":[4284,556,4931,4930,297,946,401,713,1017,1677,1020,584],"class_list":{"0":"post-47142","1":"post","2":"type-post","3":"status-publish","4":"format-standard","5":"has-post-thumbnail","7":"category-polizeimeldungen","8":"tag-09-07-2018","9":"tag-allersberg","10":"tag-blinker","11":"tag-chrysler","12":"tag-hilpoltstein","13":"tag-neumarkter-strasse","14":"tag-sachschaden","15":"tag-schaden","16":"tag-seligenporten","17":"tag-skoda","18":"tag-staatsstrasse-2402","19":"tag-zusammenstoss"},"_links":{"self":[{"href":"https:\/\/www.region-schwabach.de\/wordpress\/wp-json\/wp\/v2\/posts\/47142","targetHints":{"allow":["GET"]}}],"collection":[{"href":"https:\/\/www.region-schwabach.de\/wordpress\/wp-json\/wp\/v2\/posts"}],"about":[{"href":"https:\/\/www.region-schwabach.de\/wordpress\/wp-json\/wp\/v2\/types\/post"}],"author":[{"embeddable":true,"href":"https:\/\/www.region-schwabach.de\/wordpress\/wp-json\/wp\/v2\/users\/1"}],"replies":[{"embeddable":true,"href":"https:\/\/www.region-schwabach.de\/wordpress\/wp-json\/wp\/v2\/comments?post=47142"}],"version-history":[{"count":0,"href":"https:\/\/www.region-schwabach.de\/wordpress\/wp-json\/wp\/v2\/posts\/47142\/revisions"}],"wp:featuredmedia":[{"embeddable":true,"href":"https:\/\/www.region-schwabach.de\/wordpress\/wp-json\/wp\/v2\/media\/47143"}],"wp:attachment":[{"href":"https:\/\/www.region-schwabach.de\/wordpress\/wp-json\/wp\/v2\/media?parent=47142"}],"wp:term":[{"taxonomy":"category","embeddable":true,"href":"https:\/\/www.region-schwabach.de\/wordpress\/wp-json\/wp\/v2\/categories?post=47142"},{"taxonomy":"post_tag","embeddable":true,"href":"https:\/\/www.region-schwabach.de\/wordpress\/wp-json\/wp\/v2\/tags?post=47142"}],"curies":[{"name":"wp","href":"https:\/\/api.w.org\/{rel}","templated":true}]}}