{"id":47172,"date":"2018-07-10T16:23:43","date_gmt":"2018-07-10T14:23:43","guid":{"rendered":"http:\/\/www.region-schwabach.de\/wordpress\/?p=47172"},"modified":"2018-07-11T14:10:52","modified_gmt":"2018-07-11T12:10:52","slug":"zwei-sachbeschaedigungen-im-stadtgebiet-von-roth","status":"publish","type":"post","link":"https:\/\/www.region-schwabach.de\/wordpress\/zwei-sachbeschaedigungen-im-stadtgebiet-von-roth\/","title":{"rendered":"Zwei Sachbesch\u00e4digungen im Stadtgebiet von Roth"},"content":{"rendered":"\t\t<div data-elementor-type=\"wp-post\" data-elementor-id=\"47172\" class=\"elementor elementor-47172 elementor-bc-flex-widget\">\n\t\t\t\t\t\t<section class=\"elementor-section elementor-top-section elementor-element elementor-element-1cuv9jr elementor-section-boxed elementor-section-height-default elementor-section-height-default\" data-id=\"1cuv9jr\" data-element_type=\"section\">\n\t\t\t\t\t\t<div class=\"elementor-container elementor-column-gap-default\">\n\t\t\t\t\t<div class=\"elementor-column elementor-col-66 elementor-top-column elementor-element elementor-element-q5zak7b\" data-id=\"q5zak7b\" data-element_type=\"column\">\n\t\t\t<div class=\"elementor-widget-wrap elementor-element-populated\">\n\t\t\t\t\t\t<div class=\"elementor-element elementor-element-86qws23 elementor-widget elementor-widget-text-editor\" data-id=\"86qws23\" data-element_type=\"widget\" data-widget_type=\"text-editor.default\">\n\t\t\t\t<div class=\"elementor-widget-container\">\n\t\t\t\t\t\t\t<h3 class=\"story-headline\">Mehrere Sachbesch\u00e4digungen<\/h3><p>Roth &#8211; Gleich zwei F\u00e4lle von\u00a0 Sachbesch\u00e4digungen haben sich in den vergangenen Tagen im Stadtgebiet von Roth zugetragen, bei denen sich der Sachschaden auf ca. 24.000 Euro summiert.<\/p><h3>Turnhalle an der\u00a0Brentwoodstra\u00dfe\u00a0<\/h3><p>Vermutlich am Freitag, den 06.07.2018, haben bisher Unbekannte zwei Kuppelverkleidungen der Turnhalle in der Brentwoodstra\u00dfe eingeschlagen, und beim Aufstieg zum Dach zus\u00e4tzlich eine Fassadenplatte zerbrochen, so da\u00df ein Schaden von \u00fcber 3.000 Euro entstanden ist.<\/p><h3>Rother Kulturfabrik<\/h3><p>In der Nacht von Sonntag, den 08.07.2018, auf Montag, den 09.07.2018, verursachten bisher Unbekannte einen noch wesentlich h\u00f6heren Schaden. Sie zerkratzten Sicherheitsgl\u00e4ser an der Kulturfabrik, und traten eine Wegbeleuchtung um, so da\u00df diese aus der Bodenverankerung gerissen wurde. Hier entstand ein Sachschaden in H\u00f6he von ca. 20.000 Euro.<\/p><h3>Polizei bittet um Mithilfe<\/h3><p><span style=\"font-family: georgia, palatino, serif; font-size: 12pt;\">Personen, die verd\u00e4chtige Beobachtungen gemacht haben, werden gebeten,\u00a0diese der Polizei in Roth unter der Rufnummer 09171-9744-0 mitzuteilen.<\/span><\/p>\t\t\t\t\t\t<\/div>\n\t\t\t\t<\/div>\n\t\t\t\t<div class=\"elementor-element elementor-element-ace1283 elementor-widget-divider--view-line elementor-widget elementor-widget-divider\" data-id=\"ace1283\" data-element_type=\"widget\" data-widget_type=\"divider.default\">\n\t\t\t\t<div class=\"elementor-widget-container\">\n\t\t\t\t\t<div class=\"elementor-divider\">\n\t\t\t<span class=\"elementor-divider-separator\">\n\t\t\t\t\t\t<\/span>\n\t\t<\/div>\n\t\t\t\t<\/div>\n\t\t\t\t<\/div>\n\t\t\t\t<div class=\"elementor-element elementor-element-1l7zbzo elementor-widget elementor-widget-google_maps\" data-id=\"1l7zbzo\" data-element_type=\"widget\" data-widget_type=\"google_maps.default\">\n\t\t\t\t<div class=\"elementor-widget-container\">\n\t\t\t\t\t<div class=\"elementor-custom-embed\">\n\t\t\t<iframe loading=\"lazy\"\n\t\t\t\t\tsrc=\"https:\/\/maps.google.com\/maps?q=Brentwoodstra%C3%9Fe%201%2C%20Roth%2C%20Deutschland&#038;t=m&#038;z=16&#038;output=embed&#038;iwloc=near\"\n\t\t\t\t\ttitle=\"Brentwoodstra\u00dfe 1, Roth, Deutschland\"\n\t\t\t\t\taria-label=\"Brentwoodstra\u00dfe 1, Roth, Deutschland\"\n\t\t\t><\/iframe>\n\t\t<\/div>\n\t\t\t\t<\/div>\n\t\t\t\t<\/div>\n\t\t\t\t<div class=\"elementor-element elementor-element-7263c60 elementor-widget elementor-widget-google_maps\" data-id=\"7263c60\" data-element_type=\"widget\" data-widget_type=\"google_maps.default\">\n\t\t\t\t<div class=\"elementor-widget-container\">\n\t\t\t\t\t<div class=\"elementor-custom-embed\">\n\t\t\t<iframe loading=\"lazy\"\n\t\t\t\t\tsrc=\"https:\/\/maps.google.com\/maps?q=Stieberstra%C3%9Fe%207%2C%20Roth%2C%20Deutschland&#038;t=m&#038;z=16&#038;output=embed&#038;iwloc=near\"\n\t\t\t\t\ttitle=\"Stieberstra\u00dfe 7, Roth, Deutschland\"\n\t\t\t\t\taria-label=\"Stieberstra\u00dfe 7, Roth, Deutschland\"\n\t\t\t><\/iframe>\n\t\t<\/div>\n\t\t\t\t<\/div>\n\t\t\t\t<\/div>\n\t\t\t\t\t<\/div>\n\t\t<\/div>\n\t\t\t\t<div class=\"elementor-column elementor-col-33 elementor-top-column elementor-element elementor-element-0w0urt1\" data-id=\"0w0urt1\" data-element_type=\"column\">\n\t\t\t<div class=\"elementor-widget-wrap elementor-element-populated\">\n\t\t\t\t\t\t<div class=\"elementor-element elementor-element-mo6nk5i elementor-widget elementor-widget-image\" data-id=\"mo6nk5i\" data-element_type=\"widget\" data-widget_type=\"image.default\">\n\t\t\t\t<div class=\"elementor-widget-container\">\n\t\t\t\t\t\t\t\t\t\t\t\t\t\t<a href=\"http:\/\/www.region-schwabach.de\/wordpress\/werben-auf-region-schwabach\/\" target=\"_blank\">\n\t\t\t\t\t\t\t<img fetchpriority=\"high\" decoding=\"async\" width=\"1024\" height=\"1024\" src=\"https:\/\/www.region-schwabach.de\/wordpress\/wp-content\/uploads\/2017\/06\/werbung8-1024x1024.png\" class=\"attachment-large size-large wp-image-2484\" alt=\"\" srcset=\"https:\/\/www.region-schwabach.de\/wordpress\/wp-content\/uploads\/2017\/06\/werbung8-1024x1024.png 1024w, https:\/\/www.region-schwabach.de\/wordpress\/wp-content\/uploads\/2017\/06\/werbung8-150x150.png 150w, https:\/\/www.region-schwabach.de\/wordpress\/wp-content\/uploads\/2017\/06\/werbung8-300x300.png 300w, https:\/\/www.region-schwabach.de\/wordpress\/wp-content\/uploads\/2017\/06\/werbung8-768x768.png 768w, https:\/\/www.region-schwabach.de\/wordpress\/wp-content\/uploads\/2017\/06\/werbung8-600x600.png 600w, https:\/\/www.region-schwabach.de\/wordpress\/wp-content\/uploads\/2017\/06\/werbung8.png 1200w\" sizes=\"(max-width: 1024px) 100vw, 1024px\" \/>\t\t\t\t\t\t\t\t<\/a>\n\t\t\t\t\t\t\t\t\t\t\t\t\t<\/div>\n\t\t\t\t<\/div>\n\t\t\t\t\t<\/div>\n\t\t<\/div>\n\t\t\t\t\t<\/div>\n\t\t<\/section>\n\t\t\t\t<\/div>\n\t\t","protected":false},"excerpt":{"rendered":"<div class=\"mh-excerpt\"><p>Mehrere Sachbesch\u00e4digungen Roth &#8211; Gleich zwei F\u00e4lle von\u00a0 Sachbesch\u00e4digungen haben sich in den vergangenen Tagen im Stadtgebiet von Roth zugetragen, bei denen sich der Sachschaden auf ca. 24.000 Euro summiert. Turnhalle an der\u00a0Brentwoodstra\u00dfe\u00a0 Vermutlich am <a class=\"mh-excerpt-more\" href=\"https:\/\/www.region-schwabach.de\/wordpress\/zwei-sachbeschaedigungen-im-stadtgebiet-von-roth\/\" title=\"Zwei Sachbesch\u00e4digungen im Stadtgebiet von Roth\">[&#8230;]<\/a><\/p>\n<\/div>","protected":false},"author":1,"featured_media":47173,"comment_status":"open","ping_status":"open","sticky":false,"template":"","format":"standard","meta":{"_cbd_carousel_blocks":"[]","footnotes":""},"categories":[15],"tags":[4281,4282,4283,4284,4945,1326,4942,2406,4941,32,487,401,713,4943,1250,1007,4944],"class_list":{"0":"post-47172","1":"post","2":"type-post","3":"status-publish","4":"format-standard","5":"has-post-thumbnail","7":"category-polizeimeldungen","8":"tag-06-07-2018","9":"tag-07-07-2018","10":"tag-08-07-2018","11":"tag-09-07-2018","12":"tag-bodenverankerung","13":"tag-brentwoodstrasse","14":"tag-fassadenplatte","15":"tag-kulturfabrik","16":"tag-kuppelverkleidungen","17":"tag-roth","18":"tag-sachbeschaedigung","19":"tag-sachschaden","20":"tag-schaden","21":"tag-sicherheitsglaeser","22":"tag-stieberstrasse","23":"tag-turnhalle","24":"tag-wegbeleuchtung"},"_links":{"self":[{"href":"https:\/\/www.region-schwabach.de\/wordpress\/wp-json\/wp\/v2\/posts\/47172","targetHints":{"allow":["GET"]}}],"collection":[{"href":"https:\/\/www.region-schwabach.de\/wordpress\/wp-json\/wp\/v2\/posts"}],"about":[{"href":"https:\/\/www.region-schwabach.de\/wordpress\/wp-json\/wp\/v2\/types\/post"}],"author":[{"embeddable":true,"href":"https:\/\/www.region-schwabach.de\/wordpress\/wp-json\/wp\/v2\/users\/1"}],"replies":[{"embeddable":true,"href":"https:\/\/www.region-schwabach.de\/wordpress\/wp-json\/wp\/v2\/comments?post=47172"}],"version-history":[{"count":0,"href":"https:\/\/www.region-schwabach.de\/wordpress\/wp-json\/wp\/v2\/posts\/47172\/revisions"}],"wp:featuredmedia":[{"embeddable":true,"href":"https:\/\/www.region-schwabach.de\/wordpress\/wp-json\/wp\/v2\/media\/47173"}],"wp:attachment":[{"href":"https:\/\/www.region-schwabach.de\/wordpress\/wp-json\/wp\/v2\/media?parent=47172"}],"wp:term":[{"taxonomy":"category","embeddable":true,"href":"https:\/\/www.region-schwabach.de\/wordpress\/wp-json\/wp\/v2\/categories?post=47172"},{"taxonomy":"post_tag","embeddable":true,"href":"https:\/\/www.region-schwabach.de\/wordpress\/wp-json\/wp\/v2\/tags?post=47172"}],"curies":[{"name":"wp","href":"https:\/\/api.w.org\/{rel}","templated":true}]}}