{"id":47205,"date":"2018-07-12T00:06:58","date_gmt":"2018-07-11T22:06:58","guid":{"rendered":"http:\/\/www.region-schwabach.de\/wordpress\/?p=47205"},"modified":"2018-07-11T22:44:08","modified_gmt":"2018-07-11T20:44:08","slug":"neues-katastrophenschutz-fahrzeug-in-dienst-gestellt","status":"publish","type":"post","link":"https:\/\/www.region-schwabach.de\/wordpress\/neues-katastrophenschutz-fahrzeug-in-dienst-gestellt\/","title":{"rendered":"Neues Katastrophenschutz-Fahrzeug in Dienst gestellt"},"content":{"rendered":"\t\t<div data-elementor-type=\"wp-post\" data-elementor-id=\"47205\" class=\"elementor elementor-47205 elementor-bc-flex-widget\">\n\t\t\t\t\t\t<section class=\"elementor-section elementor-top-section elementor-element elementor-element-tlus4ia elementor-section-boxed elementor-section-height-default elementor-section-height-default\" data-id=\"tlus4ia\" data-element_type=\"section\">\n\t\t\t\t\t\t<div class=\"elementor-container elementor-column-gap-default\">\n\t\t\t\t\t<div class=\"elementor-column elementor-col-66 elementor-top-column elementor-element elementor-element-sphcucl\" data-id=\"sphcucl\" data-element_type=\"column\">\n\t\t\t<div class=\"elementor-widget-wrap elementor-element-populated\">\n\t\t\t\t\t\t<div class=\"elementor-element elementor-element-4f2h2af elementor-widget elementor-widget-text-editor\" data-id=\"4f2h2af\" data-element_type=\"widget\" data-widget_type=\"text-editor.default\">\n\t\t\t\t<div class=\"elementor-widget-container\">\n\t\t\t\t\t\t\t<h3>Bev\u00f6lkerungsinformation durch mobile Sirenenanlagen<\/h3><h3>Neues Katastrophenschutz-Fahrzeug<\/h3><p>Das Schwabacher Ordnungsamt hat ein neues Fahrzeug f\u00fcr den\u00a0Katastrophenschutz in Dienst gestellt. Da das Ordnungsamt auch die Aufgaben\u00a0des Brand- und Katastrophenschutzes wahrnimmt, wurde das Auto mit einer\u00a0entsprechenden Zusatzausr\u00fcstung versehen. Durch eine mobile Sirene, die auf\u00a0das Fahrzeugdach aufgesetzt werden kann, ist es m\u00f6glich bei\u00a0Gro\u00dfschadensereignissen die Bev\u00f6lkerung mit Sprachdurchsagen zu\u00a0informieren und auch verschiedene Sirenensignale auszusenden.<\/p><h3>Bev\u00f6lkerungswarnung in Schwabach<\/h3><p>Nachdem\u00a0die Sirenenanlagen in Deutschland seit den neunziger Jahren vermehrt\u00a0stillgelegt wurden, soll dadurch die Bev\u00f6lkerungswarnung in Schwabach weiter\u00a0verst\u00e4rkt werden. Die Feuerwehr Schwabach hat derzeit bereits zwei weitere\u00a0mobile Sirenen im Bestand. F\u00fcr die Anschaffung standen auch F\u00f6rdermittel\u00a0vom Freistaat Bayern bereit.<\/p><h3>Mit\u00a0Blaulicht und Martin-Horn ausgestattet<\/h3><p>Um f\u00fcr den Ernstfall ger\u00fcstet zu sein wurde das neue Fahrzeug zus\u00e4tzlich mit\u00a0Blaulicht und Tonfolgehorn (Martin-Horn) versehen. Durch eine auff\u00e4llige\u00a0Folierung ist es klar als Einsatzfahrzeug erkennbar.<\/p><p><strong>Foto (Stadt Schwabach)<\/strong>, von links: Michael Schoplocher (Leiter Ordnungsamt),<br \/>Stadtbrandrat Holger Heller und Knut Engelbrecht (Stadtrechtsrat)<\/p>\t\t\t\t\t\t<\/div>\n\t\t\t\t<\/div>\n\t\t\t\t<div class=\"elementor-element elementor-element-daf31aa elementor-widget-divider--view-line elementor-widget elementor-widget-divider\" data-id=\"daf31aa\" data-element_type=\"widget\" data-widget_type=\"divider.default\">\n\t\t\t\t<div class=\"elementor-widget-container\">\n\t\t\t\t\t<div class=\"elementor-divider\">\n\t\t\t<span class=\"elementor-divider-separator\">\n\t\t\t\t\t\t<\/span>\n\t\t<\/div>\n\t\t\t\t<\/div>\n\t\t\t\t<\/div>\n\t\t\t\t<div class=\"elementor-element elementor-element-26d8895 elementor-widget elementor-widget-google_maps\" data-id=\"26d8895\" data-element_type=\"widget\" data-widget_type=\"google_maps.default\">\n\t\t\t\t<div class=\"elementor-widget-container\">\n\t\t\t\t\t<div class=\"elementor-custom-embed\">\n\t\t\t<iframe loading=\"lazy\"\n\t\t\t\t\tsrc=\"https:\/\/maps.google.com\/maps?q=Schwabach%2C%20Deutschland&#038;t=m&#038;z=11&#038;output=embed&#038;iwloc=near\"\n\t\t\t\t\ttitle=\"Schwabach, Deutschland\"\n\t\t\t\t\taria-label=\"Schwabach, Deutschland\"\n\t\t\t><\/iframe>\n\t\t<\/div>\n\t\t\t\t<\/div>\n\t\t\t\t<\/div>\n\t\t\t\t\t<\/div>\n\t\t<\/div>\n\t\t\t\t<div class=\"elementor-column elementor-col-33 elementor-top-column elementor-element elementor-element-flkv3o5\" data-id=\"flkv3o5\" data-element_type=\"column\">\n\t\t\t<div class=\"elementor-widget-wrap elementor-element-populated\">\n\t\t\t\t\t\t<div class=\"elementor-element elementor-element-bpvimlk elementor-widget elementor-widget-image\" data-id=\"bpvimlk\" data-element_type=\"widget\" data-widget_type=\"image.default\">\n\t\t\t\t<div class=\"elementor-widget-container\">\n\t\t\t\t\t\t\t\t\t\t\t\t\t\t<a href=\"http:\/\/www.region-schwabach.de\/wordpress\/werben-auf-region-schwabach\/\" target=\"_blank\">\n\t\t\t\t\t\t\t<img fetchpriority=\"high\" decoding=\"async\" width=\"1024\" height=\"1024\" src=\"https:\/\/www.region-schwabach.de\/wordpress\/wp-content\/uploads\/2017\/06\/werbung8-1024x1024.png\" class=\"attachment-large size-large wp-image-2484\" alt=\"\" srcset=\"https:\/\/www.region-schwabach.de\/wordpress\/wp-content\/uploads\/2017\/06\/werbung8-1024x1024.png 1024w, https:\/\/www.region-schwabach.de\/wordpress\/wp-content\/uploads\/2017\/06\/werbung8-150x150.png 150w, https:\/\/www.region-schwabach.de\/wordpress\/wp-content\/uploads\/2017\/06\/werbung8-300x300.png 300w, https:\/\/www.region-schwabach.de\/wordpress\/wp-content\/uploads\/2017\/06\/werbung8-768x768.png 768w, https:\/\/www.region-schwabach.de\/wordpress\/wp-content\/uploads\/2017\/06\/werbung8-600x600.png 600w, https:\/\/www.region-schwabach.de\/wordpress\/wp-content\/uploads\/2017\/06\/werbung8.png 1200w\" sizes=\"(max-width: 1024px) 100vw, 1024px\" \/>\t\t\t\t\t\t\t\t<\/a>\n\t\t\t\t\t\t\t\t\t\t\t\t\t<\/div>\n\t\t\t\t<\/div>\n\t\t\t\t\t<\/div>\n\t\t<\/div>\n\t\t\t\t\t<\/div>\n\t\t<\/section>\n\t\t\t\t<section class=\"elementor-section elementor-top-section elementor-element elementor-element-add5815 elementor-section-boxed elementor-section-height-default elementor-section-height-default\" data-id=\"add5815\" data-element_type=\"section\">\n\t\t\t\t\t\t<div class=\"elementor-container elementor-column-gap-default\">\n\t\t\t\t\t<div class=\"elementor-column elementor-col-100 elementor-top-column elementor-element elementor-element-9fcd9d6\" data-id=\"9fcd9d6\" data-element_type=\"column\">\n\t\t\t<div class=\"elementor-widget-wrap\">\n\t\t\t\t\t\t\t<\/div>\n\t\t<\/div>\n\t\t\t\t\t<\/div>\n\t\t<\/section>\n\t\t\t\t<\/div>\n\t\t","protected":false},"excerpt":{"rendered":"<div class=\"mh-excerpt\"><p>Bev\u00f6lkerungsinformation durch mobile Sirenenanlagen Neues Katastrophenschutz-Fahrzeug Das Schwabacher Ordnungsamt hat ein neues Fahrzeug f\u00fcr den\u00a0Katastrophenschutz in Dienst gestellt. Da das Ordnungsamt auch die Aufgaben\u00a0des Brand- und Katastrophenschutzes wahrnimmt, wurde das Auto mit einer\u00a0entsprechenden Zusatzausr\u00fcstung versehen. <a class=\"mh-excerpt-more\" href=\"https:\/\/www.region-schwabach.de\/wordpress\/neues-katastrophenschutz-fahrzeug-in-dienst-gestellt\/\" title=\"Neues Katastrophenschutz-Fahrzeug in Dienst gestellt\">[&#8230;]<\/a><\/p>\n<\/div>","protected":false},"author":1,"featured_media":47206,"comment_status":"open","ping_status":"open","sticky":false,"template":"","format":"standard","meta":{"_cbd_carousel_blocks":"[]","footnotes":""},"categories":[16,1,61,46],"tags":[4953,296,4955,3919,4951,4952,2641,1480,19,4954],"class_list":{"0":"post-47205","1":"post","2":"type-post","3":"status-publish","4":"format-standard","5":"has-post-thumbnail","7":"category-aktuell","8":"category-allgemein","9":"category-rathaus","10":"category-verbaende","11":"tag-brand-und-katastrophenschutz","12":"tag-feuerwehr","13":"tag-foerdermittel","14":"tag-juli-2018","15":"tag-katastrophenschutz","16":"tag-neues-fahrzeug","17":"tag-ordnungsamt","18":"tag-rathaus","19":"tag-schwabach","20":"tag-zusatzausruestung"},"_links":{"self":[{"href":"https:\/\/www.region-schwabach.de\/wordpress\/wp-json\/wp\/v2\/posts\/47205","targetHints":{"allow":["GET"]}}],"collection":[{"href":"https:\/\/www.region-schwabach.de\/wordpress\/wp-json\/wp\/v2\/posts"}],"about":[{"href":"https:\/\/www.region-schwabach.de\/wordpress\/wp-json\/wp\/v2\/types\/post"}],"author":[{"embeddable":true,"href":"https:\/\/www.region-schwabach.de\/wordpress\/wp-json\/wp\/v2\/users\/1"}],"replies":[{"embeddable":true,"href":"https:\/\/www.region-schwabach.de\/wordpress\/wp-json\/wp\/v2\/comments?post=47205"}],"version-history":[{"count":0,"href":"https:\/\/www.region-schwabach.de\/wordpress\/wp-json\/wp\/v2\/posts\/47205\/revisions"}],"wp:featuredmedia":[{"embeddable":true,"href":"https:\/\/www.region-schwabach.de\/wordpress\/wp-json\/wp\/v2\/media\/47206"}],"wp:attachment":[{"href":"https:\/\/www.region-schwabach.de\/wordpress\/wp-json\/wp\/v2\/media?parent=47205"}],"wp:term":[{"taxonomy":"category","embeddable":true,"href":"https:\/\/www.region-schwabach.de\/wordpress\/wp-json\/wp\/v2\/categories?post=47205"},{"taxonomy":"post_tag","embeddable":true,"href":"https:\/\/www.region-schwabach.de\/wordpress\/wp-json\/wp\/v2\/tags?post=47205"}],"curies":[{"name":"wp","href":"https:\/\/api.w.org\/{rel}","templated":true}]}}