{"id":47256,"date":"2018-07-21T00:06:13","date_gmt":"2018-07-20T22:06:13","guid":{"rendered":"http:\/\/www.region-schwabach.de\/wordpress\/?p=47256"},"modified":"2018-07-20T22:47:36","modified_gmt":"2018-07-20T20:47:36","slug":"spendenschwimmen-2018-der-countdown-laeuft","status":"publish","type":"post","link":"https:\/\/www.region-schwabach.de\/wordpress\/spendenschwimmen-2018-der-countdown-laeuft\/","title":{"rendered":"Spendenschwimmen 2018: Der Countdown l\u00e4uft"},"content":{"rendered":"\t\t<div data-elementor-type=\"wp-post\" data-elementor-id=\"47256\" class=\"elementor elementor-47256 elementor-bc-flex-widget\">\n\t\t\t\t\t\t<section class=\"elementor-section elementor-top-section elementor-element elementor-element-678181b elementor-section-boxed elementor-section-height-default elementor-section-height-default\" data-id=\"678181b\" data-element_type=\"section\">\n\t\t\t\t\t\t<div class=\"elementor-container elementor-column-gap-default\">\n\t\t\t\t\t<div class=\"elementor-column elementor-col-66 elementor-top-column elementor-element elementor-element-6b34026\" data-id=\"6b34026\" data-element_type=\"column\">\n\t\t\t<div class=\"elementor-widget-wrap elementor-element-populated\">\n\t\t\t\t\t\t<div class=\"elementor-element elementor-element-443ab98 elementor-widget elementor-widget-text-editor\" data-id=\"443ab98\" data-element_type=\"widget\" data-widget_type=\"text-editor.default\">\n\t\t\t\t<div class=\"elementor-widget-container\">\n\t\t\t\t\t\t\t<h3><strong>Der Countdown l\u00e4uft: Spendenschwimmen im sch\u00f6nsten Freibad der Welt<\/strong><\/h3><h3><strong>Spendengeld kommt vier Kitas in Schwabach und Projekten in Gossas zugute<\/strong><\/h3><p>Wenn sich am 21. Juli die Spendenschwimmer im Parkbad ins Wasser werfen und 15 Minuten lang alles geben, d\u00fcrfen sich rund 420 Kinder in Schwabach freuen. Ein Teil der Spenden kommt ihren Kitas zugute, ein weiterer wird f\u00fcr Projekte in Gossas aufgewendet. \u201eDas Geld kommt da an, wo es gebraucht wird\u201c, so Oberb\u00fcrgermeister Matthias Th\u00fcrauf, Schirmherr der Veranstaltung.<\/p><h3><strong>Spielerisch ins Leben starten<\/strong><\/h3><p>Die evangelische-lutherische Kirchengemeinde Schwabach St. Martin ist Tr\u00e4ger der drei \u201eGeschwisterkinderg\u00e4rten\u201c St. Martin in der Innenstadt, St. Lukas in Penzendorf und St. Matth\u00e4us im Eichwasen mit der Zweigstelle St. Matth\u00e4us II im Hans-Herbst Pflegezentrum. Obwohl\u00a0 die Einrichtungen organisatorisch eng zusammenarbeiten, hat jede Einrichtung ihr eigenes Profil. Der zweigruppige Kindergarten in Penzendorf f\u00fcr Kinder ab drei Jahren hat seinen Schwerpunkt seit jeher auf der Waldp\u00e4dagogik. Die beiden heilp\u00e4dagogisch arbeitenden Kindertagesst\u00e4tten St. Martin und St. Matth\u00e4us betreuen Kinder ab dem Krippenalter und haben ihre Konzepte so gestaltet, dass Kinder mit Behinderungen und chronischen Erkrankungen entsprechend ihren Bed\u00fcrfnissen die Einrichtungen besuchen k\u00f6nnen. Die famili\u00e4re Kita St. Martin liegt idyllisch angrenzend zum alten Friedhof und nutzt h\u00e4ufig die innerst\u00e4dtische Lage, um mit ihren Kindern das Stadtzentrum zu erkunden. Die gr\u00f6\u00dfte Einrichtung ist die Kindertagesst\u00e4tte St. Matth\u00e4us, die als Teil des Familienzentrums MatZe eine Vielzahl von Veranstaltungen f\u00fcr Familien anbietet. Die Zweigstelle St. Matth\u00e4us II, der kleine eingruppige \u201eBienenstock\u201c f\u00fcr Kinder ab drei Jahren im Hans-Herbst Pflegezentrum des Diakonischen Werkes Schwabach, pflegt eine rege Gemeinschaft zu den Senioren. Dazu geh\u00f6ren regelm\u00e4\u00dfige Treffen zum gemeinsam Singen oder Besuche auf Station oder im Garten. Mit dem Erl\u00f6s des Spendenschwimmens planen die Einrichtungen einen gemeinsames Projekt im kommenden Kindergartenjahr.<\/p><h3><strong>Neue Flohkiste seit Februar 2018<\/strong><\/h3><p>Die Kita Flohkiste vom Bayerischen Roten Kreuz Kreisverband S\u00fcdfranken ist ein Neuzugang in Schwabach. Er\u00f6ffnet wurde die Einrichtung im Februar 2018 in der Herderstra\u00dfe. Hier werden in acht Gruppen bis zu 148 Kinder betreut. Die Kita befindet sich in einem kindgerechten Neubau mit gro\u00dfen Fluren und viel Platz zum Spielen, drinnen und drau\u00dfen. Highlight sind die vier Rutschen, \u00fcber die die Kinder ins Freie gelangen k\u00f6nnen. Wichtig ist der Flohkiste eine gute Zusammenarbeit zwischen Kindergarten und Kinderkrippe und nat\u00fcrlich mit den Eltern. \u201eVon den Spenden m\u00f6chten wir \u00a0gerne f\u00fcr die Kinder einen Kaufladen anschaffen, der auf dem gro\u00dfen Spielflur untergebracht wird\u201c, erkl\u00e4rt Leiterin Sabine R\u00f6ssler. \u201eDann hat jedes Flohkisten-Kind die M\u00f6glichkeit, diesen f\u00fcr das kreative Spiel zu nutzen.\u201c<\/p><h3><strong>Neuer Kindergarten im Senegal<\/strong><\/h3><p>\u00dcber eine Finanzspritze freuen sich auch die Menschen in Schwabachs Patenstadt Gossas im westafrikanischen Senegal. Gossas ist eine kleine Stadt mit rund 12.000 Einwohnern. Sie liegt in der Sahelzone; Es gibt eine Trockenzeit mit sehr hohen Temperaturen und eine Regenzeit ab Juni\/Juli. Seit \u00fcber 30 Jahren unterst\u00fctzen die B\u00fcrger der Stadt Schwabach Projekte, die zusammen mit der Katholischen Missionsstation in Gossas verwirklicht werden.<\/p><p>Im Bildungsbereich zum Beispiel gibt es Patenschaften f\u00fcr Kinder und Sch\u00fcler in einem Kindergarten und drei Schulen. Eine Schule liegt im Savannendorf Diaby Kondel, rund sechs Kilometer von Gossas entfernt. Hier soll 2019 auch ein Kindergarten errichtet werden &#8211; das Geld vom Spendenschwimmen soll hierzu einen Beitrag dazu leisten. Au\u00dferdem m\u00fcssen Schulmaterialien angeschafft werden, Zusch\u00fcsse f\u00fcr die Ern\u00e4hrung sind n\u00f6tig, die Lehrergeh\u00e4lter und Investitionen m\u00fcssen gestemmt werden.<\/p><p>Auch im Gesundheitsbereich hilft das Gossas-Komittee der Stadt Schwabach, so bei der Anschaffung von Impfstoffen, Medikamenten oder medizinischen Ger\u00e4ten.<\/p><p>Ein weiteres Projekt sind Minikredite f\u00fcr Frauen, damit sie Ziegen anschaffen k\u00f6nnen, um die Familien zu ern\u00e4hren. Ebenso wird die Landwirtschaft vor Ort gef\u00f6rdert; au\u00dferdem wurde eine Solaranlage errichtet, um die schwankende Stromversorgung zu stabilisieren.<\/p><h3><strong>Danke an tatkr\u00e4ftige Unterst\u00fctzer<\/strong><\/h3><p>Ohne die tatkr\u00e4ftige Mithilfe und Unterst\u00fctzung von Firmen, Vereinen und Privatpersonen geht es nicht beim Spendenschwimmen. In diesem Jahr geht der Dank an den Schwimmverein, die Wasserwacht sowie die Privilegierte Feuersch\u00fctzengesellschaft. Au\u00dferdem an die Firmen Memmert und Schmidthammer Elektrokohle, den REAL Markt Schwabach, Auto Buhl, Ribwich, EDEKA Krawczyk, Piwe Pieldner Werbung, Dr. Klaus Karg KG, Marianne Lachmann und Werner Sittauer.<\/p><h3><strong>Unver\u00e4nderte Spielregeln<\/strong><\/h3><p>Was die Spielregeln betrifft, bleibt es beim bew\u00e4hrten Konzept: Beim Spendenschwimmen kann jeder mitmachen \u2013 egal, ob Profi oder Hobbyschwimmer, jung oder alt. Teilnehmen k\u00f6nnen Mannschaften mit maximal f\u00fcnf Schwimmern. In 15 Minuten werden gleichzeitig so viele Meter wie m\u00f6glich geschwommen. F\u00fcr jeden Kilometer wandern vier Euro in einen Spendentopf. Das Siegerteam erh\u00e4lt den Parkbadpokal, unter allen Teilnehmern werden attraktive Sachpreise verlost. Die Anmeldung kostet wie immer f\u00fcnf Euro pro Person und ist bis 14. Juli m\u00f6glich. Die Einteilung der Teams \u00fcbernimmt der Schwimmverein Schwabach e. V. \u2013 seit dem ersten Jahr ein ebenso treuer Partner der Veranstaltung wie die Wasserwacht Ortsgruppe Schwabach.<\/p><p>Alles zur Anmeldung und den Teilnahmebedingungen unter <a href=\"https:\/\/www.stadtwerke-schwabach.de\/Baeder\/Spendenschwimmen\/\" target=\"_blank\" rel=\"noopener\">www.stadtwerke-schwabach.de\/Baeder\/Spendenschwimmen<\/a>.<\/p><p>Bildunterzeilen<\/p><p>Foto Flohkiste:<\/p><p>Die Kita Flohkiste vom BRK Kreisverband S\u00fcdfranken wurde im Februar 2018 neu errichtet. Aufregend sind die vier Rutschen in den Garten.<\/p><p>Foto Bienenstock<\/p><p>Der \u201eBienenstock\u201c ist in der Zweigstelle St. Matth\u00e4us m Hans-Herbst Pflegezentrum des Diakonischen Werkes untergebracht. Die Kinder treffen sich regelm\u00e4\u00dfig mit den Senioren, zum Beispiel zum gemeinsam Singen.<\/p><p><strong>\u00a0<\/strong><\/p><p>Foto Gossas<\/p><p>Oberb\u00fcrgermeister Matthias Th\u00fcrauf war zuletzt im April 2018 mit einer Delegation in Gossas. Das Bild wurde in Dorf Diaaby Kondel aufgenommen, wo ein Kindergarten aufgebaut werden soll.<\/p><h3>Weiterf\u00fchrende Links:<\/h3><p><a href=\"https:\/\/www.region-schwabach.de\/wordpress\/die-anmeldung-fuer-das-spendenschwimmen-2018-ist-gestartet\/\" target=\"_blank\" rel=\"noopener\">Zur urspr\u00fcnglichen Nachricht zum Spendenschwimmen geht&#8217;s hier &#8230;<\/a><\/p><p><a href=\"https:\/\/www.stadtwerke-schwabach.de\/Baeder\/Spendenschwimmen\/\" target=\"_blank\" rel=\"noopener\">Weitere Info gibt es auch noch auf der Homepage der Stadtwerke &#8230;<\/a><\/p><p><a href=\"https:\/\/www.stadtwerke-schwabach.de\/Baeder\/Spendenschwimmen\/Spendenschwimmen\/Flyer-Spendenschwimmen-2018-Web.pdf\" target=\"_blank\" rel=\"noopener\">Den Veranstaltunsflyer zum Download gibt es hier &#8230;<\/a><\/p><p>\u00a0<\/p>\t\t\t\t\t\t<\/div>\n\t\t\t\t<\/div>\n\t\t\t\t<div class=\"elementor-element elementor-element-0c834d7 elementor-widget-divider--view-line elementor-widget elementor-widget-divider\" data-id=\"0c834d7\" data-element_type=\"widget\" data-widget_type=\"divider.default\">\n\t\t\t\t<div class=\"elementor-widget-container\">\n\t\t\t\t\t<div class=\"elementor-divider\">\n\t\t\t<span class=\"elementor-divider-separator\">\n\t\t\t\t\t\t<\/span>\n\t\t<\/div>\n\t\t\t\t<\/div>\n\t\t\t\t<\/div>\n\t\t\t\t<div class=\"elementor-element elementor-element-d08c758 elementor-widget elementor-widget-google_maps\" data-id=\"d08c758\" data-element_type=\"widget\" data-widget_type=\"google_maps.default\">\n\t\t\t\t<div class=\"elementor-widget-container\">\n\t\t\t\t\t<div class=\"elementor-custom-embed\">\n\t\t\t<iframe loading=\"lazy\"\n\t\t\t\t\tsrc=\"https:\/\/maps.google.com\/maps?q=49.324095%2C%2011.033138&#038;t=m&#038;z=16&#038;output=embed&#038;iwloc=near\"\n\t\t\t\t\ttitle=\"49.324095, 11.033138\"\n\t\t\t\t\taria-label=\"49.324095, 11.033138\"\n\t\t\t><\/iframe>\n\t\t<\/div>\n\t\t\t\t<\/div>\n\t\t\t\t<\/div>\n\t\t\t\t\t<\/div>\n\t\t<\/div>\n\t\t\t\t<div class=\"elementor-column elementor-col-33 elementor-top-column elementor-element elementor-element-f645137\" data-id=\"f645137\" data-element_type=\"column\">\n\t\t\t<div class=\"elementor-widget-wrap elementor-element-populated\">\n\t\t\t\t\t\t<div class=\"elementor-element elementor-element-25043c1 elementor-widget elementor-widget-image\" data-id=\"25043c1\" data-element_type=\"widget\" data-widget_type=\"image.default\">\n\t\t\t\t<div class=\"elementor-widget-container\">\n\t\t\t\t\t\t\t\t\t\t\t\t\t<img fetchpriority=\"high\" decoding=\"async\" width=\"300\" height=\"300\" src=\"https:\/\/www.region-schwabach.de\/wordpress\/wp-content\/uploads\/2018\/04\/werbung1-300x300.png\" class=\"attachment-medium size-medium wp-image-35382\" alt=\"\" srcset=\"https:\/\/www.region-schwabach.de\/wordpress\/wp-content\/uploads\/2018\/04\/werbung1-300x300.png 300w, https:\/\/www.region-schwabach.de\/wordpress\/wp-content\/uploads\/2018\/04\/werbung1-150x150.png 150w, https:\/\/www.region-schwabach.de\/wordpress\/wp-content\/uploads\/2018\/04\/werbung1-768x768.png 768w, https:\/\/www.region-schwabach.de\/wordpress\/wp-content\/uploads\/2018\/04\/werbung1-1024x1024.png 1024w, https:\/\/www.region-schwabach.de\/wordpress\/wp-content\/uploads\/2018\/04\/werbung1.png 1200w\" sizes=\"(max-width: 300px) 100vw, 300px\" \/>\t\t\t\t\t\t\t\t\t\t\t\t\t<\/div>\n\t\t\t\t<\/div>\n\t\t\t\t\t<\/div>\n\t\t<\/div>\n\t\t\t\t\t<\/div>\n\t\t<\/section>\n\t\t\t\t<section class=\"elementor-section elementor-top-section elementor-element elementor-element-549b05b elementor-section-boxed elementor-section-height-default elementor-section-height-default\" data-id=\"549b05b\" data-element_type=\"section\">\n\t\t\t\t\t\t<div class=\"elementor-container elementor-column-gap-default\">\n\t\t\t\t\t<div class=\"elementor-column elementor-col-100 elementor-top-column elementor-element elementor-element-31e0f30\" data-id=\"31e0f30\" data-element_type=\"column\">\n\t\t\t<div class=\"elementor-widget-wrap elementor-element-populated\">\n\t\t\t\t\t\t<div class=\"elementor-element elementor-element-cb3a3e7 elementor-widget elementor-widget-image\" data-id=\"cb3a3e7\" data-element_type=\"widget\" data-widget_type=\"image.default\">\n\t\t\t\t<div class=\"elementor-widget-container\">\n\t\t\t\t\t\t\t\t\t\t<figure class=\"wp-caption\">\n\t\t\t\t\t\t\t\t\t\t<img decoding=\"async\" width=\"2000\" height=\"1335\" src=\"https:\/\/www.region-schwabach.de\/wordpress\/wp-content\/uploads\/2018\/07\/Spendenschwimmen-2015_031-e1531318891779.jpg\" class=\"attachment-full size-full wp-image-47259\" alt=\"\" \/>\t\t\t\t\t\t\t\t\t\t\t<figcaption class=\"widget-image-caption wp-caption-text\">Foto: Manuel Mauer. Beim Spendenschwimmen gilt: Jede Wende eine Spende<\/figcaption>\n\t\t\t\t\t\t\t\t\t\t<\/figure>\n\t\t\t\t\t\t\t<\/div>\n\t\t\t\t<\/div>\n\t\t\t\t<div class=\"elementor-element elementor-element-c04d3f2 elementor-widget elementor-widget-image\" data-id=\"c04d3f2\" data-element_type=\"widget\" data-widget_type=\"image.default\">\n\t\t\t\t<div class=\"elementor-widget-container\">\n\t\t\t\t\t\t\t\t\t\t<figure class=\"wp-caption\">\n\t\t\t\t\t\t\t\t\t\t<img decoding=\"async\" width=\"432\" height=\"434\" src=\"https:\/\/www.region-schwabach.de\/wordpress\/wp-content\/uploads\/2018\/07\/Bienentanz.jpg\" class=\"attachment-full size-full wp-image-47262\" alt=\"\" srcset=\"https:\/\/www.region-schwabach.de\/wordpress\/wp-content\/uploads\/2018\/07\/Bienentanz.jpg 432w, https:\/\/www.region-schwabach.de\/wordpress\/wp-content\/uploads\/2018\/07\/Bienentanz-150x150.jpg 150w, https:\/\/www.region-schwabach.de\/wordpress\/wp-content\/uploads\/2018\/07\/Bienentanz-300x300.jpg 300w\" sizes=\"(max-width: 432px) 100vw, 432px\" \/>\t\t\t\t\t\t\t\t\t\t\t<figcaption class=\"widget-image-caption wp-caption-text\">Spendenprojekt 1: Die Kitas der Kirchengemeinde St. Martin in Schwabach. Im Bild: der \"Bienenstock\" f\u00fcr Kinder ab drei Jahren<\/figcaption>\n\t\t\t\t\t\t\t\t\t\t<\/figure>\n\t\t\t\t\t\t\t<\/div>\n\t\t\t\t<\/div>\n\t\t\t\t<div class=\"elementor-element elementor-element-5b02a31 elementor-widget elementor-widget-image\" data-id=\"5b02a31\" data-element_type=\"widget\" data-widget_type=\"image.default\">\n\t\t\t\t<div class=\"elementor-widget-container\">\n\t\t\t\t\t\t\t\t\t\t<figure class=\"wp-caption\">\n\t\t\t\t\t\t\t\t\t\t<img loading=\"lazy\" decoding=\"async\" width=\"2080\" height=\"1248\" src=\"https:\/\/www.region-schwabach.de\/wordpress\/wp-content\/uploads\/2018\/07\/Flohkiste-e1531319456257.jpg\" class=\"attachment-full size-full wp-image-47263\" alt=\"\" \/>\t\t\t\t\t\t\t\t\t\t\t<figcaption class=\"widget-image-caption wp-caption-text\">Spendenprojekt 2: Die Kita Flohkiste vom BRK Kreisverband S\u00fcdfranken wurde im Februar 2018 neu errichtet<\/figcaption>\n\t\t\t\t\t\t\t\t\t\t<\/figure>\n\t\t\t\t\t\t\t<\/div>\n\t\t\t\t<\/div>\n\t\t\t\t<div class=\"elementor-element elementor-element-4171d34 elementor-widget elementor-widget-image\" data-id=\"4171d34\" data-element_type=\"widget\" data-widget_type=\"image.default\">\n\t\t\t\t<div class=\"elementor-widget-container\">\n\t\t\t\t\t\t\t\t\t\t<figure class=\"wp-caption\">\n\t\t\t\t\t\t\t\t\t\t<img loading=\"lazy\" decoding=\"async\" width=\"2000\" height=\"1336\" src=\"https:\/\/www.region-schwabach.de\/wordpress\/wp-content\/uploads\/2018\/07\/Gossas-e1531319730352.jpg\" class=\"attachment-full size-full wp-image-47266\" alt=\"\" \/>\t\t\t\t\t\t\t\t\t\t\t<figcaption class=\"widget-image-caption wp-caption-text\">Spendenprojekt 3: Gossas. Im Dorf Diaaby Kondel soll ein Kindergarten aufgebaut werden. Im Bild: Schwabachs Oberb\u00fcrgermeister Matthias Th\u00fcrauf<\/figcaption>\n\t\t\t\t\t\t\t\t\t\t<\/figure>\n\t\t\t\t\t\t\t<\/div>\n\t\t\t\t<\/div>\n\t\t\t\t\t<\/div>\n\t\t<\/div>\n\t\t\t\t\t<\/div>\n\t\t<\/section>\n\t\t\t\t<\/div>\n\t\t","protected":false},"excerpt":{"rendered":"<div class=\"mh-excerpt\"><p>Der Countdown l\u00e4uft: Spendenschwimmen im sch\u00f6nsten Freibad der Welt Spendengeld kommt vier Kitas in Schwabach und Projekten in Gossas zugute Wenn sich am 21. Juli die Spendenschwimmer im Parkbad ins Wasser werfen und 15 Minuten <a class=\"mh-excerpt-more\" href=\"https:\/\/www.region-schwabach.de\/wordpress\/spendenschwimmen-2018-der-countdown-laeuft\/\" title=\"Spendenschwimmen 2018: Der Countdown l\u00e4uft\">[&#8230;]<\/a><\/p>\n<\/div>","protected":false},"author":1,"featured_media":43063,"comment_status":"open","ping_status":"open","sticky":false,"template":"","format":"standard","meta":{"_cbd_carousel_blocks":"[]","footnotes":""},"categories":[16,1,79,61,231,46],"tags":[4495,941,4497,4496,4499,2546,4500,1480,19,4498,4477],"class_list":{"0":"post-47256","1":"post","2":"type-post","3":"status-publish","4":"format-standard","5":"has-post-thumbnail","7":"category-aktuell","8":"category-allgemein","9":"category-politik","10":"category-rathaus","11":"category-veranstaltungsnews","12":"category-verbaende","13":"tag-21-07-2018","14":"tag-angerstrasse","15":"tag-anmeldung","16":"tag-bahnen-ziehen","17":"tag-kitas","18":"tag-parkbad","19":"tag-projekte-in-gossas","20":"tag-rathaus","21":"tag-schwabach","22":"tag-spendenschwimmen","23":"tag-stadtwerke"},"_links":{"self":[{"href":"https:\/\/www.region-schwabach.de\/wordpress\/wp-json\/wp\/v2\/posts\/47256","targetHints":{"allow":["GET"]}}],"collection":[{"href":"https:\/\/www.region-schwabach.de\/wordpress\/wp-json\/wp\/v2\/posts"}],"about":[{"href":"https:\/\/www.region-schwabach.de\/wordpress\/wp-json\/wp\/v2\/types\/post"}],"author":[{"embeddable":true,"href":"https:\/\/www.region-schwabach.de\/wordpress\/wp-json\/wp\/v2\/users\/1"}],"replies":[{"embeddable":true,"href":"https:\/\/www.region-schwabach.de\/wordpress\/wp-json\/wp\/v2\/comments?post=47256"}],"version-history":[{"count":0,"href":"https:\/\/www.region-schwabach.de\/wordpress\/wp-json\/wp\/v2\/posts\/47256\/revisions"}],"wp:featuredmedia":[{"embeddable":true,"href":"https:\/\/www.region-schwabach.de\/wordpress\/wp-json\/wp\/v2\/media\/43063"}],"wp:attachment":[{"href":"https:\/\/www.region-schwabach.de\/wordpress\/wp-json\/wp\/v2\/media?parent=47256"}],"wp:term":[{"taxonomy":"category","embeddable":true,"href":"https:\/\/www.region-schwabach.de\/wordpress\/wp-json\/wp\/v2\/categories?post=47256"},{"taxonomy":"post_tag","embeddable":true,"href":"https:\/\/www.region-schwabach.de\/wordpress\/wp-json\/wp\/v2\/tags?post=47256"}],"curies":[{"name":"wp","href":"https:\/\/api.w.org\/{rel}","templated":true}]}}