{"id":47275,"date":"2018-07-12T00:02:53","date_gmt":"2018-07-11T22:02:53","guid":{"rendered":"http:\/\/www.region-schwabach.de\/wordpress\/?p=47275"},"modified":"2018-07-11T22:43:01","modified_gmt":"2018-07-11T20:43:01","slug":"misch-mit-foerderung-guter-ideen-junger-menschen","status":"publish","type":"post","link":"https:\/\/www.region-schwabach.de\/wordpress\/misch-mit-foerderung-guter-ideen-junger-menschen\/","title":{"rendered":"Misch Mit! F\u00f6rderung guter Ideen junger Menschen"},"content":{"rendered":"\t\t<div data-elementor-type=\"wp-post\" data-elementor-id=\"47275\" class=\"elementor elementor-47275 elementor-bc-flex-widget\">\n\t\t\t\t\t\t<section class=\"elementor-section elementor-top-section elementor-element elementor-element-678181b elementor-section-boxed elementor-section-height-default elementor-section-height-default\" data-id=\"678181b\" data-element_type=\"section\">\n\t\t\t\t\t\t<div class=\"elementor-container elementor-column-gap-default\">\n\t\t\t\t\t<div class=\"elementor-column elementor-col-66 elementor-top-column elementor-element elementor-element-6b34026\" data-id=\"6b34026\" data-element_type=\"column\">\n\t\t\t<div class=\"elementor-widget-wrap elementor-element-populated\">\n\t\t\t\t\t\t<div class=\"elementor-element elementor-element-443ab98 elementor-widget elementor-widget-text-editor\" data-id=\"443ab98\" data-element_type=\"widget\" data-widget_type=\"text-editor.default\">\n\t\t\t\t<div class=\"elementor-widget-container\">\n\t\t\t\t\t\t\t<h3>Jugendpartizipationskonzept der Stadt Schwabach<\/h3><h3>Misch Mit! F\u00f6rderung guter Ideen junger Menschen<\/h3><p>\u201eMisch mit!\u201c hei\u00dft es im Rahmen des Jugendpartizipationskonzeptes der Stadt\u00a0Schwabach. Ob Streetartprojekt, Scooter-Contest, Flohmarkt oder Aktionstag\u00a0an der Schule \u2013 wenn junge Menschen in Schwabach eine Idee zu\u00a0verwirklichen haben, k\u00f6nnen sie unb\u00fcrokratisch mit Hilfe von Misch Mit! eine\u00a0F\u00f6rderung von bis zu 500 Euro erhalten, um ihre Projekte umzusetzen.<\/p><h3>Beispiel<\/h3><p>So wie zwei 14-j\u00e4hrige Besucherinnen des Jugendzentrums, die bei der\u00a0Jugendkonferenz letztes Jahr die Idee hatten, einen kostenlosen Tanzkurs von\u00a0Jugendlichen f\u00fcr Jugendliche anzubieten. Hierf\u00fcr \u00fcberlegten sie sich\u00a0unterschiedliche Choreografien zu Liedern aus den aktuellen Charts.\u00a0Beworben wurde der Workshop \u00fcber selbstgestaltete Flyer und in sozialen\u00a0Netzwerken.<\/p><p>Das Tanztraining fand von November 2017 bis Februar 2018 jeden Freitag im\u00a0Saal des Jugendzentrums im AUREX statt und war f\u00fcr alle Kinder und\u00a0Jugendlichen ab 10 Jahren mit und ohne Tanzerfahrung offen. Bei einer\u00a0Gruppengr\u00f6\u00dfe von zehn bis 15 Jugendlichen wurde das Projekt sehr gut\u00a0angenommen.<\/p><h3>Unter diesen Bedingungen kann ein Projekt gef\u00f6rdert werden:<\/h3><p>Es muss von Jugendlichen selbst initiiert und durchgef\u00fchrt werden und soll\u00a0au\u00dferdem gemeinn\u00fctzig sein. Anlaufstelle f\u00fcr einen Antrag ist das B\u00fcro der\u00a0Streetworkerinnen Carolin Hannamann und Stefanie Maurer beim\u00a0Stadtjugendring in der Kappadocia 2. Sie beraten und helfen gerne bei\u00a0Antragsstellung und Abwicklung des Projektes. Die Telefonnummer lautet<br \/>09122-2222.<\/p><h3>Infos:<\/h3><p>Infos zum Partizipationskonzept gibt es bei Stadtjugendpflegerin Susanna\u00a0Regelsberger-Sacco, unter Telefon 09122-860436.<\/p>\t\t\t\t\t\t<\/div>\n\t\t\t\t<\/div>\n\t\t\t\t<div class=\"elementor-element elementor-element-0c834d7 elementor-widget-divider--view-line elementor-widget elementor-widget-divider\" data-id=\"0c834d7\" data-element_type=\"widget\" data-widget_type=\"divider.default\">\n\t\t\t\t<div class=\"elementor-widget-container\">\n\t\t\t\t\t<div class=\"elementor-divider\">\n\t\t\t<span class=\"elementor-divider-separator\">\n\t\t\t\t\t\t<\/span>\n\t\t<\/div>\n\t\t\t\t<\/div>\n\t\t\t\t<\/div>\n\t\t\t\t<div class=\"elementor-element elementor-element-325f51f elementor-widget elementor-widget-google_maps\" data-id=\"325f51f\" data-element_type=\"widget\" data-widget_type=\"google_maps.default\">\n\t\t\t\t<div class=\"elementor-widget-container\">\n\t\t\t\t\t<div class=\"elementor-custom-embed\">\n\t\t\t<iframe loading=\"lazy\"\n\t\t\t\t\tsrc=\"https:\/\/maps.google.com\/maps?q=Kappadocia%202%2C%20Schwabach%2C%20Deutschland&#038;t=m&#038;z=17&#038;output=embed&#038;iwloc=near\"\n\t\t\t\t\ttitle=\"Kappadocia 2, Schwabach, Deutschland\"\n\t\t\t\t\taria-label=\"Kappadocia 2, Schwabach, Deutschland\"\n\t\t\t><\/iframe>\n\t\t<\/div>\n\t\t\t\t<\/div>\n\t\t\t\t<\/div>\n\t\t\t\t\t<\/div>\n\t\t<\/div>\n\t\t\t\t<div class=\"elementor-column elementor-col-33 elementor-top-column elementor-element elementor-element-f645137\" data-id=\"f645137\" data-element_type=\"column\">\n\t\t\t<div class=\"elementor-widget-wrap elementor-element-populated\">\n\t\t\t\t\t\t<div class=\"elementor-element elementor-element-25043c1 elementor-widget elementor-widget-image\" data-id=\"25043c1\" data-element_type=\"widget\" data-widget_type=\"image.default\">\n\t\t\t\t<div class=\"elementor-widget-container\">\n\t\t\t\t\t\t\t\t\t\t\t\t\t<img fetchpriority=\"high\" decoding=\"async\" width=\"300\" height=\"300\" src=\"https:\/\/www.region-schwabach.de\/wordpress\/wp-content\/uploads\/2018\/04\/werbung1-300x300.png\" class=\"attachment-medium size-medium wp-image-35382\" alt=\"\" srcset=\"https:\/\/www.region-schwabach.de\/wordpress\/wp-content\/uploads\/2018\/04\/werbung1-300x300.png 300w, https:\/\/www.region-schwabach.de\/wordpress\/wp-content\/uploads\/2018\/04\/werbung1-150x150.png 150w, https:\/\/www.region-schwabach.de\/wordpress\/wp-content\/uploads\/2018\/04\/werbung1-768x768.png 768w, https:\/\/www.region-schwabach.de\/wordpress\/wp-content\/uploads\/2018\/04\/werbung1-1024x1024.png 1024w, https:\/\/www.region-schwabach.de\/wordpress\/wp-content\/uploads\/2018\/04\/werbung1.png 1200w\" sizes=\"(max-width: 300px) 100vw, 300px\" \/>\t\t\t\t\t\t\t\t\t\t\t\t\t<\/div>\n\t\t\t\t<\/div>\n\t\t\t\t\t<\/div>\n\t\t<\/div>\n\t\t\t\t\t<\/div>\n\t\t<\/section>\n\t\t\t\t<\/div>\n\t\t","protected":false},"excerpt":{"rendered":"<div class=\"mh-excerpt\"><p>Jugendpartizipationskonzept der Stadt Schwabach Misch Mit! F\u00f6rderung guter Ideen junger Menschen \u201eMisch mit!\u201c hei\u00dft es im Rahmen des Jugendpartizipationskonzeptes der Stadt\u00a0Schwabach. Ob Streetartprojekt, Scooter-Contest, Flohmarkt oder Aktionstag\u00a0an der Schule \u2013 wenn junge Menschen in Schwabach <a class=\"mh-excerpt-more\" href=\"https:\/\/www.region-schwabach.de\/wordpress\/misch-mit-foerderung-guter-ideen-junger-menschen\/\" title=\"Misch Mit! F\u00f6rderung guter Ideen junger Menschen\">[&#8230;]<\/a><\/p>\n<\/div>","protected":false},"author":1,"featured_media":47276,"comment_status":"open","ping_status":"open","sticky":false,"template":"","format":"standard","meta":{"_cbd_carousel_blocks":"[]","footnotes":""},"categories":[16,1,287,61,46],"tags":[4966,4965,4968,1480,19,4967],"class_list":{"0":"post-47275","1":"post","2":"type-post","3":"status-publish","4":"format-standard","5":"has-post-thumbnail","7":"category-aktuell","8":"category-allgemein","9":"category-jugend-und-familie","10":"category-rathaus","11":"category-verbaende","12":"tag-foerderung-guter-ideen-junger-menschen","13":"tag-misch-mit","14":"tag-partizipationskonzept","15":"tag-rathaus","16":"tag-schwabach","17":"tag-unbuerokratische-hilfe"},"_links":{"self":[{"href":"https:\/\/www.region-schwabach.de\/wordpress\/wp-json\/wp\/v2\/posts\/47275","targetHints":{"allow":["GET"]}}],"collection":[{"href":"https:\/\/www.region-schwabach.de\/wordpress\/wp-json\/wp\/v2\/posts"}],"about":[{"href":"https:\/\/www.region-schwabach.de\/wordpress\/wp-json\/wp\/v2\/types\/post"}],"author":[{"embeddable":true,"href":"https:\/\/www.region-schwabach.de\/wordpress\/wp-json\/wp\/v2\/users\/1"}],"replies":[{"embeddable":true,"href":"https:\/\/www.region-schwabach.de\/wordpress\/wp-json\/wp\/v2\/comments?post=47275"}],"version-history":[{"count":0,"href":"https:\/\/www.region-schwabach.de\/wordpress\/wp-json\/wp\/v2\/posts\/47275\/revisions"}],"wp:featuredmedia":[{"embeddable":true,"href":"https:\/\/www.region-schwabach.de\/wordpress\/wp-json\/wp\/v2\/media\/47276"}],"wp:attachment":[{"href":"https:\/\/www.region-schwabach.de\/wordpress\/wp-json\/wp\/v2\/media?parent=47275"}],"wp:term":[{"taxonomy":"category","embeddable":true,"href":"https:\/\/www.region-schwabach.de\/wordpress\/wp-json\/wp\/v2\/categories?post=47275"},{"taxonomy":"post_tag","embeddable":true,"href":"https:\/\/www.region-schwabach.de\/wordpress\/wp-json\/wp\/v2\/tags?post=47275"}],"curies":[{"name":"wp","href":"https:\/\/api.w.org\/{rel}","templated":true}]}}