{"id":47321,"date":"2018-07-12T18:39:02","date_gmt":"2018-07-12T16:39:02","guid":{"rendered":"http:\/\/www.region-schwabach.de\/wordpress\/?p=47321"},"modified":"2018-07-12T18:46:02","modified_gmt":"2018-07-12T16:46:02","slug":"radfahrer-bei-zwei-verkehrsunfaellen-schwer-verletzt-2","status":"publish","type":"post","link":"https:\/\/www.region-schwabach.de\/wordpress\/radfahrer-bei-zwei-verkehrsunfaellen-schwer-verletzt-2\/","title":{"rendered":"Radfahrer bei zwei Verkehrsunf\u00e4llen schwer verletzt"},"content":{"rendered":"\t\t<div data-elementor-type=\"wp-post\" data-elementor-id=\"47321\" class=\"elementor elementor-47321 elementor-bc-flex-widget\">\n\t\t\t\t\t\t<section class=\"elementor-section elementor-top-section elementor-element elementor-element-1cuv9jr elementor-section-boxed elementor-section-height-default elementor-section-height-default\" data-id=\"1cuv9jr\" data-element_type=\"section\">\n\t\t\t\t\t\t<div class=\"elementor-container elementor-column-gap-default\">\n\t\t\t\t\t<div class=\"elementor-column elementor-col-66 elementor-top-column elementor-element elementor-element-q5zak7b\" data-id=\"q5zak7b\" data-element_type=\"column\">\n\t\t\t<div class=\"elementor-widget-wrap elementor-element-populated\">\n\t\t\t\t\t\t<div class=\"elementor-element elementor-element-86qws23 elementor-widget elementor-widget-text-editor\" data-id=\"86qws23\" data-element_type=\"widget\" data-widget_type=\"text-editor.default\">\n\t\t\t\t<div class=\"elementor-widget-container\">\n\t\t\t\t\t\t\t<h3 class=\"story-headline\">Zwei schwer verletzte Radfahrer in kurzer Zeit<\/h3><h3>Rednitzhembach, Ohmstra\u00dfe<\/h3><p>Am Mittwochnachmittag, den 11.07.2018 fuhr ein 21-j\u00e4hriger Radfahrer gegen 14.15 Uhr von einem Firmengel\u00e4nde auf die Ohmstra\u00dfe in Rednitzhembach, und wurde dabei vom PKW einer 44 J\u00e4hrigen erfasst. Dabei wurde der Zweiradfahrer so schwer am Kopf verletzt, da\u00df er zur weiteren Behandlung mit dem Rettungshubschrauber ins Krankenhaus nach N\u00fcrnberg geflogen werden mu\u00dfte. Der entstandene Sachschaden bel\u00e4uft sich auf ca. 4.500 Euro.<\/p><h3>Staatsstra\u00dfe 2409<\/h3><p>Staatsstra\u00dfe 2409 &#8211; Nur wenig sp\u00e4ter, ereignete sich gegen 16.30 auf der Staatsstra\u00dfe 2409 ein weiterer Verkehrsunfall zwischen einem Fahrradfahrer und einem PKW. Hier wollte eine Mazda-Fahrerin einen Rennradfahrer \u00fcberholen, brach den \u00dcberholvorgang jedoch wegen Gegenverkehr ab. Beim Einscheren fuhr sie jedoch dem Radler gegen den Hinterreifen, weshalb dieser st\u00fcrzte, und gegen die Leitplanke geschleudert wurde, und sich bei dem folgenden Sturz nicht unerheblich verletzte (offene Br\u00fcche an den Beinen, starke Prellungen, Sch\u00fcrfwunden und eventuell sogar innere Verletzungen).<\/p><p>Nach R\u00fccksprache mit der Staatsanwaltschaft wurde ein Sachverst\u00e4ndiger eingeschaltet. Au\u00dferdem entstanden bei dem Unfall ein Sachsch\u00e4den in H\u00f6he von mehreren tausend Euro<\/p>\t\t\t\t\t\t<\/div>\n\t\t\t\t<\/div>\n\t\t\t\t<div class=\"elementor-element elementor-element-ace1283 elementor-widget-divider--view-line elementor-widget elementor-widget-divider\" data-id=\"ace1283\" data-element_type=\"widget\" data-widget_type=\"divider.default\">\n\t\t\t\t<div class=\"elementor-widget-container\">\n\t\t\t\t\t<div class=\"elementor-divider\">\n\t\t\t<span class=\"elementor-divider-separator\">\n\t\t\t\t\t\t<\/span>\n\t\t<\/div>\n\t\t\t\t<\/div>\n\t\t\t\t<\/div>\n\t\t\t\t<div class=\"elementor-element elementor-element-1l7zbzo elementor-widget elementor-widget-google_maps\" data-id=\"1l7zbzo\" data-element_type=\"widget\" data-widget_type=\"google_maps.default\">\n\t\t\t\t<div class=\"elementor-widget-container\">\n\t\t\t\t\t<div class=\"elementor-custom-embed\">\n\t\t\t<iframe loading=\"lazy\"\n\t\t\t\t\tsrc=\"https:\/\/maps.google.com\/maps?q=Ohmstra%C3%9Fe%2C%20Rednitzhembach&#038;t=m&#038;z=15&#038;output=embed&#038;iwloc=near\"\n\t\t\t\t\ttitle=\"Ohmstra\u00dfe, Rednitzhembach\"\n\t\t\t\t\taria-label=\"Ohmstra\u00dfe, Rednitzhembach\"\n\t\t\t><\/iframe>\n\t\t<\/div>\n\t\t\t\t<\/div>\n\t\t\t\t<\/div>\n\t\t\t\t<div class=\"elementor-element elementor-element-3425f4c elementor-widget elementor-widget-google_maps\" data-id=\"3425f4c\" data-element_type=\"widget\" data-widget_type=\"google_maps.default\">\n\t\t\t\t<div class=\"elementor-widget-container\">\n\t\t\t\t\t<div class=\"elementor-custom-embed\">\n\t\t\t<iframe loading=\"lazy\"\n\t\t\t\t\tsrc=\"https:\/\/maps.google.com\/maps?q=49.276981%2C%2011.080601&#038;t=m&#038;z=14&#038;output=embed&#038;iwloc=near\"\n\t\t\t\t\ttitle=\"49.276981, 11.080601\"\n\t\t\t\t\taria-label=\"49.276981, 11.080601\"\n\t\t\t><\/iframe>\n\t\t<\/div>\n\t\t\t\t<\/div>\n\t\t\t\t<\/div>\n\t\t\t\t\t<\/div>\n\t\t<\/div>\n\t\t\t\t<div class=\"elementor-column elementor-col-33 elementor-top-column elementor-element elementor-element-0w0urt1\" data-id=\"0w0urt1\" data-element_type=\"column\">\n\t\t\t<div class=\"elementor-widget-wrap elementor-element-populated\">\n\t\t\t\t\t\t<div class=\"elementor-element elementor-element-mo6nk5i elementor-widget elementor-widget-image\" data-id=\"mo6nk5i\" data-element_type=\"widget\" data-widget_type=\"image.default\">\n\t\t\t\t<div class=\"elementor-widget-container\">\n\t\t\t\t\t\t\t\t\t\t\t\t\t\t<a href=\"http:\/\/www.region-schwabach.de\/wordpress\/werben-auf-region-schwabach\/\" target=\"_blank\">\n\t\t\t\t\t\t\t<img fetchpriority=\"high\" decoding=\"async\" width=\"1024\" height=\"1024\" src=\"https:\/\/www.region-schwabach.de\/wordpress\/wp-content\/uploads\/2017\/06\/werbung8-1024x1024.png\" class=\"attachment-large size-large wp-image-2484\" alt=\"\" srcset=\"https:\/\/www.region-schwabach.de\/wordpress\/wp-content\/uploads\/2017\/06\/werbung8-1024x1024.png 1024w, https:\/\/www.region-schwabach.de\/wordpress\/wp-content\/uploads\/2017\/06\/werbung8-150x150.png 150w, https:\/\/www.region-schwabach.de\/wordpress\/wp-content\/uploads\/2017\/06\/werbung8-300x300.png 300w, https:\/\/www.region-schwabach.de\/wordpress\/wp-content\/uploads\/2017\/06\/werbung8-768x768.png 768w, https:\/\/www.region-schwabach.de\/wordpress\/wp-content\/uploads\/2017\/06\/werbung8-600x600.png 600w, https:\/\/www.region-schwabach.de\/wordpress\/wp-content\/uploads\/2017\/06\/werbung8.png 1200w\" sizes=\"(max-width: 1024px) 100vw, 1024px\" \/>\t\t\t\t\t\t\t\t<\/a>\n\t\t\t\t\t\t\t\t\t\t\t\t\t<\/div>\n\t\t\t\t<\/div>\n\t\t\t\t\t<\/div>\n\t\t<\/div>\n\t\t\t\t\t<\/div>\n\t\t<\/section>\n\t\t\t\t<\/div>\n\t\t","protected":false},"excerpt":{"rendered":"<div class=\"mh-excerpt\"><p>Zwei schwer verletzte Radfahrer in kurzer Zeit Rednitzhembach, Ohmstra\u00dfe Am Mittwochnachmittag, den 11.07.2018 fuhr ein 21-j\u00e4hriger Radfahrer gegen 14.15 Uhr von einem Firmengel\u00e4nde auf die Ohmstra\u00dfe in Rednitzhembach, und wurde dabei vom PKW einer 44 <a class=\"mh-excerpt-more\" href=\"https:\/\/www.region-schwabach.de\/wordpress\/radfahrer-bei-zwei-verkehrsunfaellen-schwer-verletzt-2\/\" title=\"Radfahrer bei zwei Verkehrsunf\u00e4llen schwer verletzt\">[&#8230;]<\/a><\/p>\n<\/div>","protected":false},"author":1,"featured_media":47322,"comment_status":"open","ping_status":"open","sticky":false,"template":"","format":"standard","meta":{"_cbd_carousel_blocks":"[]","footnotes":""},"categories":[15],"tags":[4286,643,1027,1856,1104,604,4765,463,493,972,32,401,713,1327,171,875,585,334,584],"class_list":{"0":"post-47321","1":"post","2":"type-post","3":"status-publish","4":"format-standard","5":"has-post-thumbnail","7":"category-polizeimeldungen","8":"tag-11-07-2018","9":"tag-fahrrad","10":"tag-firmengelaende","11":"tag-krankenhaus","12":"tag-leitplanke","13":"tag-mazda","14":"tag-ohmstrasse","15":"tag-pkw","16":"tag-rednitzhembach","17":"tag-rettungshubschrauber","18":"tag-roth","19":"tag-sachschaden","20":"tag-schaden","21":"tag-schwer-verletzt","22":"tag-staatsstrasse-2409","23":"tag-sturz","24":"tag-ueberholmanoever","25":"tag-unfall","26":"tag-zusammenstoss"},"_links":{"self":[{"href":"https:\/\/www.region-schwabach.de\/wordpress\/wp-json\/wp\/v2\/posts\/47321","targetHints":{"allow":["GET"]}}],"collection":[{"href":"https:\/\/www.region-schwabach.de\/wordpress\/wp-json\/wp\/v2\/posts"}],"about":[{"href":"https:\/\/www.region-schwabach.de\/wordpress\/wp-json\/wp\/v2\/types\/post"}],"author":[{"embeddable":true,"href":"https:\/\/www.region-schwabach.de\/wordpress\/wp-json\/wp\/v2\/users\/1"}],"replies":[{"embeddable":true,"href":"https:\/\/www.region-schwabach.de\/wordpress\/wp-json\/wp\/v2\/comments?post=47321"}],"version-history":[{"count":0,"href":"https:\/\/www.region-schwabach.de\/wordpress\/wp-json\/wp\/v2\/posts\/47321\/revisions"}],"wp:featuredmedia":[{"embeddable":true,"href":"https:\/\/www.region-schwabach.de\/wordpress\/wp-json\/wp\/v2\/media\/47322"}],"wp:attachment":[{"href":"https:\/\/www.region-schwabach.de\/wordpress\/wp-json\/wp\/v2\/media?parent=47321"}],"wp:term":[{"taxonomy":"category","embeddable":true,"href":"https:\/\/www.region-schwabach.de\/wordpress\/wp-json\/wp\/v2\/categories?post=47321"},{"taxonomy":"post_tag","embeddable":true,"href":"https:\/\/www.region-schwabach.de\/wordpress\/wp-json\/wp\/v2\/tags?post=47321"}],"curies":[{"name":"wp","href":"https:\/\/api.w.org\/{rel}","templated":true}]}}