{"id":47347,"date":"2018-07-13T09:55:57","date_gmt":"2018-07-13T07:55:57","guid":{"rendered":"http:\/\/www.region-schwabach.de\/wordpress\/?p=47347"},"modified":"2018-07-13T10:04:05","modified_gmt":"2018-07-13T08:04:05","slug":"zeugen-fuer-schweren-motorradunfalll-in-allersberg-gesucht","status":"publish","type":"post","link":"https:\/\/www.region-schwabach.de\/wordpress\/zeugen-fuer-schweren-motorradunfalll-in-allersberg-gesucht\/","title":{"rendered":"Zeugen f\u00fcr schweren Motorradunfalll in Allersberg gesucht"},"content":{"rendered":"\t\t<div data-elementor-type=\"wp-post\" data-elementor-id=\"47347\" class=\"elementor elementor-47347 elementor-bc-flex-widget\">\n\t\t\t\t\t\t<section class=\"elementor-section elementor-top-section elementor-element elementor-element-1cuv9jr elementor-section-boxed elementor-section-height-default elementor-section-height-default\" data-id=\"1cuv9jr\" data-element_type=\"section\">\n\t\t\t\t\t\t<div class=\"elementor-container elementor-column-gap-default\">\n\t\t\t\t\t<div class=\"elementor-column elementor-col-66 elementor-top-column elementor-element elementor-element-q5zak7b\" data-id=\"q5zak7b\" data-element_type=\"column\">\n\t\t\t<div class=\"elementor-widget-wrap elementor-element-populated\">\n\t\t\t\t\t\t<div class=\"elementor-element elementor-element-86qws23 elementor-widget elementor-widget-text-editor\" data-id=\"86qws23\" data-element_type=\"widget\" data-widget_type=\"text-editor.default\">\n\t\t\t\t<div class=\"elementor-widget-container\">\n\t\t\t\t\t\t\t<h3>Zeugen gesucht<\/h3><p>Wie bereits am Montag, den 09.07.2018, berichtet (siehe unten) ereignete sich am Sonntagmittag zwischen dem Kreisverkehr Allersberg und der Autobahnbr\u00fccke ein Unfall, bei dem ein Motorradfahrer schwer verletzt wurde.<\/p><h3>Unfallhergang ungekl\u00e4rt<\/h3><p>Da der genaue Unfallhergang bisher jedoch noch nicht gekl\u00e4rt werden konnte, sucht die Polizeiinspektion Hilpoltstein weitere Zeugen, die sich bitte bei der Polizei in Hilpoltstein unter der Telefonnummer <strong>09174-4789<\/strong> melden m\u00f6chten.<\/p><h3 class=\"story-headline\">Schwerer Unfall in Allersberg<\/h3><p>Allersberg &#8211; Am Sonntagmittag, den 08.07.2018, kam es kurz vor dem Allersberger Kreisverkehr zu einem Unfall zwischen einem PKW und einem Motorrad, bei dem der Zweiradfahrer schwer verletzt wurde, und ins Krankenhaus gebracht werden mu\u00dfte.<\/p><h3>Unfall nach Wendeman\u00f6ver<\/h3><p>Zu dem Unfall kam es, als eine 37-j\u00e4hrige Passat-Fahrerin von Allersberg kommend, dort wendete, und danach links in einen Waldweg einfahren wollte, was jedoch ein nachfolgender 66-j\u00e4hriger Motorradfahrer zu sp\u00e4t bemerkte, und versuchte den abbiegenden Passat zu \u00fcberholen, wodurch es zur Kollision der beiden Fahrzeuge kam. Das Motorrad wurde total besch\u00e4digt, am Passat entstand ein Sachschaden in H\u00f6he von ca. 5000 Euro.<\/p>\t\t\t\t\t\t<\/div>\n\t\t\t\t<\/div>\n\t\t\t\t<div class=\"elementor-element elementor-element-ace1283 elementor-widget-divider--view-line elementor-widget elementor-widget-divider\" data-id=\"ace1283\" data-element_type=\"widget\" data-widget_type=\"divider.default\">\n\t\t\t\t<div class=\"elementor-widget-container\">\n\t\t\t\t\t<div class=\"elementor-divider\">\n\t\t\t<span class=\"elementor-divider-separator\">\n\t\t\t\t\t\t<\/span>\n\t\t<\/div>\n\t\t\t\t<\/div>\n\t\t\t\t<\/div>\n\t\t\t\t<div class=\"elementor-element elementor-element-1l7zbzo elementor-widget elementor-widget-google_maps\" data-id=\"1l7zbzo\" data-element_type=\"widget\" data-widget_type=\"google_maps.default\">\n\t\t\t\t<div class=\"elementor-widget-container\">\n\t\t\t\t\t<div class=\"elementor-custom-embed\">\n\t\t\t<iframe loading=\"lazy\"\n\t\t\t\t\tsrc=\"https:\/\/maps.google.com\/maps?q=49.248580%2C%2011.216141&#038;t=m&#038;z=16&#038;output=embed&#038;iwloc=near\"\n\t\t\t\t\ttitle=\"49.248580, 11.216141\"\n\t\t\t\t\taria-label=\"49.248580, 11.216141\"\n\t\t\t><\/iframe>\n\t\t<\/div>\n\t\t\t\t<\/div>\n\t\t\t\t<\/div>\n\t\t\t\t\t<\/div>\n\t\t<\/div>\n\t\t\t\t<div class=\"elementor-column elementor-col-33 elementor-top-column elementor-element elementor-element-0w0urt1\" data-id=\"0w0urt1\" data-element_type=\"column\">\n\t\t\t<div class=\"elementor-widget-wrap elementor-element-populated\">\n\t\t\t\t\t\t<div class=\"elementor-element elementor-element-mo6nk5i elementor-widget elementor-widget-image\" data-id=\"mo6nk5i\" data-element_type=\"widget\" data-widget_type=\"image.default\">\n\t\t\t\t<div class=\"elementor-widget-container\">\n\t\t\t\t\t\t\t\t\t\t\t\t\t\t<a href=\"http:\/\/www.region-schwabach.de\/wordpress\/werben-auf-region-schwabach\/\" target=\"_blank\">\n\t\t\t\t\t\t\t<img fetchpriority=\"high\" decoding=\"async\" width=\"1024\" height=\"1024\" src=\"https:\/\/www.region-schwabach.de\/wordpress\/wp-content\/uploads\/2017\/06\/werbung8-1024x1024.png\" class=\"attachment-large size-large wp-image-2484\" alt=\"\" srcset=\"https:\/\/www.region-schwabach.de\/wordpress\/wp-content\/uploads\/2017\/06\/werbung8-1024x1024.png 1024w, https:\/\/www.region-schwabach.de\/wordpress\/wp-content\/uploads\/2017\/06\/werbung8-150x150.png 150w, https:\/\/www.region-schwabach.de\/wordpress\/wp-content\/uploads\/2017\/06\/werbung8-300x300.png 300w, https:\/\/www.region-schwabach.de\/wordpress\/wp-content\/uploads\/2017\/06\/werbung8-768x768.png 768w, https:\/\/www.region-schwabach.de\/wordpress\/wp-content\/uploads\/2017\/06\/werbung8-600x600.png 600w, https:\/\/www.region-schwabach.de\/wordpress\/wp-content\/uploads\/2017\/06\/werbung8.png 1200w\" sizes=\"(max-width: 1024px) 100vw, 1024px\" \/>\t\t\t\t\t\t\t\t<\/a>\n\t\t\t\t\t\t\t\t\t\t\t\t\t<\/div>\n\t\t\t\t<\/div>\n\t\t\t\t\t<\/div>\n\t\t<\/div>\n\t\t\t\t\t<\/div>\n\t\t<\/section>\n\t\t\t\t<\/div>\n\t\t","protected":false},"excerpt":{"rendered":"<div class=\"mh-excerpt\"><p>Zeugen gesucht Wie bereits am Montag, den 09.07.2018, berichtet (siehe unten) ereignete sich am Sonntagmittag zwischen dem Kreisverkehr Allersberg und der Autobahnbr\u00fccke ein Unfall, bei dem ein Motorradfahrer schwer verletzt wurde. Unfallhergang ungekl\u00e4rt Da der <a class=\"mh-excerpt-more\" href=\"https:\/\/www.region-schwabach.de\/wordpress\/zeugen-fuer-schweren-motorradunfalll-in-allersberg-gesucht\/\" title=\"Zeugen f\u00fcr schweren Motorradunfalll in Allersberg gesucht\">[&#8230;]<\/a><\/p>\n<\/div>","protected":false},"author":1,"featured_media":47351,"comment_status":"open","ping_status":"open","sticky":false,"template":"","format":"standard","meta":{"_cbd_carousel_blocks":"[]","footnotes":""},"categories":[15],"tags":[4283,556,297,1856,397,563,463,401,713,1327,875,585,2944,3478],"class_list":{"0":"post-47347","1":"post","2":"type-post","3":"status-publish","4":"format-standard","5":"has-post-thumbnail","7":"category-polizeimeldungen","8":"tag-08-07-2018","9":"tag-allersberg","10":"tag-hilpoltstein","11":"tag-krankenhaus","12":"tag-kreisverkehr","13":"tag-motorrad","14":"tag-pkw","15":"tag-sachschaden","16":"tag-schaden","17":"tag-schwer-verletzt","18":"tag-sturz","19":"tag-ueberholmanoever","20":"tag-vw-passat","21":"tag-wendemanoever"},"_links":{"self":[{"href":"https:\/\/www.region-schwabach.de\/wordpress\/wp-json\/wp\/v2\/posts\/47347","targetHints":{"allow":["GET"]}}],"collection":[{"href":"https:\/\/www.region-schwabach.de\/wordpress\/wp-json\/wp\/v2\/posts"}],"about":[{"href":"https:\/\/www.region-schwabach.de\/wordpress\/wp-json\/wp\/v2\/types\/post"}],"author":[{"embeddable":true,"href":"https:\/\/www.region-schwabach.de\/wordpress\/wp-json\/wp\/v2\/users\/1"}],"replies":[{"embeddable":true,"href":"https:\/\/www.region-schwabach.de\/wordpress\/wp-json\/wp\/v2\/comments?post=47347"}],"version-history":[{"count":0,"href":"https:\/\/www.region-schwabach.de\/wordpress\/wp-json\/wp\/v2\/posts\/47347\/revisions"}],"wp:featuredmedia":[{"embeddable":true,"href":"https:\/\/www.region-schwabach.de\/wordpress\/wp-json\/wp\/v2\/media\/47351"}],"wp:attachment":[{"href":"https:\/\/www.region-schwabach.de\/wordpress\/wp-json\/wp\/v2\/media?parent=47347"}],"wp:term":[{"taxonomy":"category","embeddable":true,"href":"https:\/\/www.region-schwabach.de\/wordpress\/wp-json\/wp\/v2\/categories?post=47347"},{"taxonomy":"post_tag","embeddable":true,"href":"https:\/\/www.region-schwabach.de\/wordpress\/wp-json\/wp\/v2\/tags?post=47347"}],"curies":[{"name":"wp","href":"https:\/\/api.w.org\/{rel}","templated":true}]}}