{"id":47419,"date":"2018-07-16T00:00:01","date_gmt":"2018-07-15T22:00:01","guid":{"rendered":"http:\/\/www.region-schwabach.de\/wordpress\/?p=47419"},"modified":"2018-07-15T22:13:21","modified_gmt":"2018-07-15T20:13:21","slug":"pressebericht-sicher-zur-schule-sicher-nach-hause-der-pi-hilpoltstein","status":"publish","type":"post","link":"https:\/\/www.region-schwabach.de\/wordpress\/pressebericht-sicher-zur-schule-sicher-nach-hause-der-pi-hilpoltstein\/","title":{"rendered":"Pressebericht &#8222;Sicher zur Schule &#8211; Sicher nach Hause&#8220; der PI Hilpoltstein"},"content":{"rendered":"\t\t<div data-elementor-type=\"wp-post\" data-elementor-id=\"47419\" class=\"elementor elementor-47419 elementor-bc-flex-widget\">\n\t\t\t\t\t\t<section class=\"elementor-section elementor-top-section elementor-element elementor-element-1cuv9jr elementor-section-boxed elementor-section-height-default elementor-section-height-default\" data-id=\"1cuv9jr\" data-element_type=\"section\">\n\t\t\t\t\t\t<div class=\"elementor-container elementor-column-gap-default\">\n\t\t\t\t\t<div class=\"elementor-column elementor-col-66 elementor-top-column elementor-element elementor-element-q5zak7b\" data-id=\"q5zak7b\" data-element_type=\"column\">\n\t\t\t<div class=\"elementor-widget-wrap elementor-element-populated\">\n\t\t\t\t\t\t<div class=\"elementor-element elementor-element-86qws23 elementor-widget elementor-widget-text-editor\" data-id=\"86qws23\" data-element_type=\"widget\" data-widget_type=\"text-editor.default\">\n\t\t\t\t<div class=\"elementor-widget-container\">\n\t\t\t\t\t\t\t<h3 class=\"story-headline\">Aktion \u201eSicher zur Schule &#8211; Sicher nach Hause\u201c<\/h3><h3>Schulweg- und Schulbustraining<\/h3><p>Nach den Sommerferien beginnt f\u00fcr viele Kinder mit dem Schulanfang ein vollkommen neuer Lebensabschnitt.<\/p><p>In einer Gemeinschaftsaktion wenden sich deshalb die Kreisverkehrswacht Roth-Hilpoltstein e.V. und die Polizeiinspektion Hilpoltstein auch in diesem Jahr an die Eltern der Schulanf\u00e4nger. Es geht darum, auf die Gefahren des Schulweges hinzuweisen und die Eltern anzuhalten, mit ihren Kindern rechtzeitig vor Schulbeginn einen sicheren Schulweg auszusuchen und insbesondere auch zu \u00fcben. Ebenso gilt es, den k\u00fcnftigen ABC-Sch\u00fctzen das richtige Verhalten am Schulbus zu lernen.<\/p><p>Ziel soll es sein, dass der Schulanf\u00e4nger bereits vom ersten Schultag an seinen Schulweg kennt und mit den dort vorhandenen Schwierigkeiten und Besonderheiten vertraut wird.<\/p><p>Wie wichtig Schulwegtraining und \u00fcberhaupt Verkehrserziehung ist, zeigt deutlich die Verkehrsstatistik der Polizei. Im Schutzbereich hiesiger Dienststelle kam es in diesem Schuljahr zu 1 Schulwegunfall. Es handelte sich dabei um einen Wildunfall mit einem Schulbus.<\/p><p>Um die Unfallzahlen auf niedrigem Stand halten zu k\u00f6nnen, d\u00fcrfen die Bem\u00fchungen aller Beteiligten nicht nachlassen. Gefordert sind jedoch in erster Linie die Eltern. Gerne werden sie hierbei von Schule und Beh\u00f6rden unterst\u00fctzt.<\/p><p>In diesem Zusammenhang ergeht auch ein Aufruf an die Erwachsenen, sich als Schulweghelfer zur Verf\u00fcgung zu stellen, um an gef\u00e4hrlichen Stellen den Kindern beim \u00dcberqueren der Fahrbahn zu helfen. Sie w\u00fcrden mit ihrer T\u00e4tigkeit einen wesentlichen Beitrag zur Sicherheit der Kinder auf dem Schulweg leisten.<\/p><p>Bereits zur Schuleinschreibung im April wurden in Allersberg, Greding, Heideck, Hilpoltstein und Meckenhausen \u00fcberarbeitete und den jetzigen Verkehrsverh\u00e4ltnissen angepasste Schulwegkarten zur Verf\u00fcgung gestellt. Den Eltern soll damit erm\u00f6glicht werden, einen geeigneten Weg f\u00fcr ihren Sch\u00fctzling auszusuchen. Zudem erhielten alle Eltern &#8211; auch in Oberm\u00e4ssing und Thalm\u00e4ssing &#8211; Anleitungen f\u00fcr eine erfolgreiche Verkehrserziehung.<\/p><p>Da im Bereich der Polizei Hilpoltstein viele Sch\u00fcler auf die Benutzung des Schulbusses angewiesen sind und der Schulbusverkehr nicht ungef\u00e4hrlich ist, \u00fcbt zu den nachgenannten Terminen eine Verkehrserzieherin der Polizeiinspektion Hilpoltstein mit den Kindern das Verhalten an der Haltestelle, im Omnibus und nach dem Verlassen des Busses.<\/p><p>Um die Gefahren so gering wie m\u00f6glich zu halten m\u00fcssen alle &#8211; vor allem Eltern, Busfahrer und Schulen &#8211; an einem Strang ziehen. Und nat\u00fcrlich die Kinder selbst &#8211; ihnen muss allerdings das richtige Verhalten erst gelernt werden.<\/p><p>Die \u00dcbungstermine, zu denen die Busunternehmen dankenswerterweise wieder kostenlos Omnibus und Fahrer zur Verf\u00fcgung stellen und zu denen die Kinder ihre Schultasche mitbringen sollen, sind an folgenden Tagen:<\/p><table><tbody><tr><td width=\"154\"><p><strong>Allersberg<\/strong><\/p><\/td><td width=\"154\"><p>Montag<\/p><\/td><td width=\"154\"><p>16.07.2018<\/p><\/td><td width=\"154\"><p>10.00 Uhr<\/p><p>An der Grundschule<\/p><\/td><\/tr><tr><td width=\"154\"><p><strong>Thalm\u00e4ssing<\/strong><\/p><\/td><td width=\"154\"><p>Montag<\/p><\/td><td width=\"154\"><p>16.07.2018<\/p><\/td><td width=\"154\"><p>08.30 Uhr<\/p><p>Marktplatz<\/p><\/td><\/tr><tr><td width=\"154\"><p><strong>Heideck<\/strong><\/p><\/td><td width=\"154\"><p>Dienstag<\/p><\/td><td width=\"154\"><p>17.07.2018<\/p><\/td><td width=\"154\"><p>08.30 Uhr<\/p><p>An der Schule<\/p><\/td><\/tr><tr><td width=\"154\"><p><strong>Meckenhausen<\/strong><\/p><\/td><td width=\"154\"><p>Mittwoch<\/p><\/td><td width=\"154\"><p>18.07.2018<\/p><\/td><td width=\"154\"><p>08.30 Uhr<\/p><p>An der Schule<\/p><\/td><\/tr><tr><td width=\"154\"><p><strong>Hilpoltstein<\/strong><\/p><\/td><td width=\"154\"><p>Mittwoch<\/p><\/td><td width=\"154\"><p>18.07.2018<\/p><\/td><td width=\"154\"><p>10.00 Uhr<\/p><p>An der Grundschule<\/p><\/td><\/tr><tr><td width=\"154\"><p><strong>Greding<\/strong><\/p><\/td><td width=\"154\"><p>Donnerstag<\/p><\/td><td width=\"154\"><p>19.07.2018<\/p><\/td><td width=\"154\"><p>08.30 Uhr<\/p><p>An der Schule<\/p><\/td><\/tr><tr><td width=\"154\"><p><strong>Oberm\u00e4ssing<\/strong><\/p><\/td><td width=\"154\"><p>Donnerstag<\/p><\/td><td width=\"154\"><p>19.07.2018<\/p><\/td><td width=\"154\"><p>10.00 Uhr<\/p><p>An der Schule<\/p><\/td><\/tr><\/tbody><\/table><p>\u00a0<\/p><p>Den beim Schulbustraining anwesenden Eltern werden Tipps zur erfolgreichen Verkehrserziehung vermittelt. Die Eltern haben hierbei auch die M\u00f6glichkeit, die Besonderheiten und Probleme in ihrem Ort der Polizeibeamtin aufzuzeigen.<\/p><p>Am Schulwegtraining haben auch die Kinderg\u00e4rten teilgenommen.<\/p><p>Die Verkehrserzieherin der PI Hilpoltstein hat mit den Schulanf\u00e4ngern gef\u00e4hrliche Stellen besprochen und das Verhalten auf dem Gehweg sowie das \u00dcberqueren von Stra\u00dfen im vergangenen Kindergartenjahr ge\u00fcbt.<\/p><p>Bereits jetzt weist die Polizei ausdr\u00fccklich darauf hin, dass Schulanf\u00e4nger auf keinen Fall mit ihrem Fahrrad zur Schule fahren sollen. Kinder in diesem Alter sind als Radfahrer \u00fcberfordert und somit in dieser Hinsicht nicht verkehrst\u00fcchtig. Erst ab der 4. Klasse &#8211; nach dem Besuch der Jugendverkehrsschule &#8211; besitzen sie weitgehend die F\u00e4higkeit, sich als Radfahrer verkehrsgerecht zu verhalten.<\/p><p><strong>Dienststellenleiter<\/strong><br \/><strong>Walbert, EPHK<\/strong><\/p>\t\t\t\t\t\t<\/div>\n\t\t\t\t<\/div>\n\t\t\t\t<div class=\"elementor-element elementor-element-ace1283 elementor-widget-divider--view-line elementor-widget elementor-widget-divider\" data-id=\"ace1283\" data-element_type=\"widget\" data-widget_type=\"divider.default\">\n\t\t\t\t<div class=\"elementor-widget-container\">\n\t\t\t\t\t<div class=\"elementor-divider\">\n\t\t\t<span class=\"elementor-divider-separator\">\n\t\t\t\t\t\t<\/span>\n\t\t<\/div>\n\t\t\t\t<\/div>\n\t\t\t\t<\/div>\n\t\t\t\t<div class=\"elementor-element elementor-element-1l7zbzo elementor-widget elementor-widget-google_maps\" data-id=\"1l7zbzo\" data-element_type=\"widget\" data-widget_type=\"google_maps.default\">\n\t\t\t\t<div class=\"elementor-widget-container\">\n\t\t\t\t\t<div class=\"elementor-custom-embed\">\n\t\t\t<iframe loading=\"lazy\"\n\t\t\t\t\tsrc=\"https:\/\/maps.google.com\/maps?q=Hilpoltstein%2C%20Deutschland&#038;t=m&#038;z=15&#038;output=embed&#038;iwloc=near\"\n\t\t\t\t\ttitle=\"Hilpoltstein, Deutschland\"\n\t\t\t\t\taria-label=\"Hilpoltstein, Deutschland\"\n\t\t\t><\/iframe>\n\t\t<\/div>\n\t\t\t\t<\/div>\n\t\t\t\t<\/div>\n\t\t\t\t\t<\/div>\n\t\t<\/div>\n\t\t\t\t<div class=\"elementor-column elementor-col-33 elementor-top-column elementor-element elementor-element-0w0urt1\" data-id=\"0w0urt1\" data-element_type=\"column\">\n\t\t\t<div class=\"elementor-widget-wrap elementor-element-populated\">\n\t\t\t\t\t\t<div class=\"elementor-element elementor-element-mo6nk5i elementor-widget elementor-widget-image\" data-id=\"mo6nk5i\" data-element_type=\"widget\" data-widget_type=\"image.default\">\n\t\t\t\t<div class=\"elementor-widget-container\">\n\t\t\t\t\t\t\t\t\t\t\t\t\t\t<a href=\"http:\/\/www.region-schwabach.de\/wordpress\/werben-auf-region-schwabach\/\" target=\"_blank\">\n\t\t\t\t\t\t\t<img fetchpriority=\"high\" decoding=\"async\" width=\"1024\" height=\"1024\" src=\"https:\/\/www.region-schwabach.de\/wordpress\/wp-content\/uploads\/2017\/06\/werbung8-1024x1024.png\" class=\"attachment-large size-large wp-image-2484\" alt=\"\" srcset=\"https:\/\/www.region-schwabach.de\/wordpress\/wp-content\/uploads\/2017\/06\/werbung8-1024x1024.png 1024w, https:\/\/www.region-schwabach.de\/wordpress\/wp-content\/uploads\/2017\/06\/werbung8-150x150.png 150w, https:\/\/www.region-schwabach.de\/wordpress\/wp-content\/uploads\/2017\/06\/werbung8-300x300.png 300w, https:\/\/www.region-schwabach.de\/wordpress\/wp-content\/uploads\/2017\/06\/werbung8-768x768.png 768w, https:\/\/www.region-schwabach.de\/wordpress\/wp-content\/uploads\/2017\/06\/werbung8-600x600.png 600w, https:\/\/www.region-schwabach.de\/wordpress\/wp-content\/uploads\/2017\/06\/werbung8.png 1200w\" sizes=\"(max-width: 1024px) 100vw, 1024px\" \/>\t\t\t\t\t\t\t\t<\/a>\n\t\t\t\t\t\t\t\t\t\t\t\t\t<\/div>\n\t\t\t\t<\/div>\n\t\t\t\t\t<\/div>\n\t\t<\/div>\n\t\t\t\t\t<\/div>\n\t\t<\/section>\n\t\t\t\t<\/div>\n\t\t","protected":false},"excerpt":{"rendered":"<div class=\"mh-excerpt\"><p>Aktion \u201eSicher zur Schule &#8211; Sicher nach Hause\u201c Schulweg- und Schulbustraining Nach den Sommerferien beginnt f\u00fcr viele Kinder mit dem Schulanfang ein vollkommen neuer Lebensabschnitt. In einer Gemeinschaftsaktion wenden sich deshalb die Kreisverkehrswacht Roth-Hilpoltstein e.V. <a class=\"mh-excerpt-more\" href=\"https:\/\/www.region-schwabach.de\/wordpress\/pressebericht-sicher-zur-schule-sicher-nach-hause-der-pi-hilpoltstein\/\" title=\"Pressebericht &#8222;Sicher zur Schule &#8211; Sicher nach Hause&#8220; der PI Hilpoltstein\">[&#8230;]<\/a><\/p>\n<\/div>","protected":false},"author":1,"featured_media":47420,"comment_status":"open","ping_status":"open","sticky":false,"template":"","format":"standard","meta":{"_cbd_carousel_blocks":"[]","footnotes":""},"categories":[16,15],"tags":[5010,5011,297,5008,5009,4357,1131],"class_list":{"0":"post-47419","1":"post","2":"type-post","3":"status-publish","4":"format-standard","5":"has-post-thumbnail","7":"category-aktuell","8":"category-polizeimeldungen","9":"tag-aktion","10":"tag-erstklaessler","11":"tag-hilpoltstein","12":"tag-juli-2018-pressebericht","13":"tag-polizei-sicher-nach-hause","14":"tag-schuljahr","15":"tag-schulweg"},"_links":{"self":[{"href":"https:\/\/www.region-schwabach.de\/wordpress\/wp-json\/wp\/v2\/posts\/47419","targetHints":{"allow":["GET"]}}],"collection":[{"href":"https:\/\/www.region-schwabach.de\/wordpress\/wp-json\/wp\/v2\/posts"}],"about":[{"href":"https:\/\/www.region-schwabach.de\/wordpress\/wp-json\/wp\/v2\/types\/post"}],"author":[{"embeddable":true,"href":"https:\/\/www.region-schwabach.de\/wordpress\/wp-json\/wp\/v2\/users\/1"}],"replies":[{"embeddable":true,"href":"https:\/\/www.region-schwabach.de\/wordpress\/wp-json\/wp\/v2\/comments?post=47419"}],"version-history":[{"count":0,"href":"https:\/\/www.region-schwabach.de\/wordpress\/wp-json\/wp\/v2\/posts\/47419\/revisions"}],"wp:featuredmedia":[{"embeddable":true,"href":"https:\/\/www.region-schwabach.de\/wordpress\/wp-json\/wp\/v2\/media\/47420"}],"wp:attachment":[{"href":"https:\/\/www.region-schwabach.de\/wordpress\/wp-json\/wp\/v2\/media?parent=47419"}],"wp:term":[{"taxonomy":"category","embeddable":true,"href":"https:\/\/www.region-schwabach.de\/wordpress\/wp-json\/wp\/v2\/categories?post=47419"},{"taxonomy":"post_tag","embeddable":true,"href":"https:\/\/www.region-schwabach.de\/wordpress\/wp-json\/wp\/v2\/tags?post=47419"}],"curies":[{"name":"wp","href":"https:\/\/api.w.org\/{rel}","templated":true}]}}