{"id":47434,"date":"2018-08-12T00:04:20","date_gmt":"2018-08-11T22:04:20","guid":{"rendered":"http:\/\/www.region-schwabach.de\/wordpress\/?p=47434"},"modified":"2018-08-12T01:24:03","modified_gmt":"2018-08-11T23:24:03","slug":"ausstellungen-zum-jubilaeum-70-35-kuenstlerbund-schwabach","status":"publish","type":"post","link":"https:\/\/www.region-schwabach.de\/wordpress\/ausstellungen-zum-jubilaeum-70-35-kuenstlerbund-schwabach\/","title":{"rendered":"Ausstellungen zum Jubil\u00e4um 70\/35 K\u00fcnstlerbund Schwabach"},"content":{"rendered":"\t\t<div data-elementor-type=\"wp-post\" data-elementor-id=\"47434\" class=\"elementor elementor-47434 elementor-bc-flex-widget\">\n\t\t\t\t\t\t<section class=\"elementor-section elementor-top-section elementor-element elementor-element-678181b elementor-section-boxed elementor-section-height-default elementor-section-height-default\" data-id=\"678181b\" data-element_type=\"section\">\n\t\t\t\t\t\t<div class=\"elementor-container elementor-column-gap-default\">\n\t\t\t\t\t<div class=\"elementor-column elementor-col-66 elementor-top-column elementor-element elementor-element-6b34026\" data-id=\"6b34026\" data-element_type=\"column\">\n\t\t\t<div class=\"elementor-widget-wrap elementor-element-populated\">\n\t\t\t\t\t\t<div class=\"elementor-element elementor-element-443ab98 elementor-widget elementor-widget-text-editor\" data-id=\"443ab98\" data-element_type=\"widget\" data-widget_type=\"text-editor.default\">\n\t\t\t\t<div class=\"elementor-widget-container\">\n\t\t\t\t\t\t\t<h3 class=\"idgroup_7 group_container\">Sonderausstellungen \u201e70 Jahre K\u00fcnstlerbund Schwabach\u201c \/ &#8222;35 Jahre St\u00e4dtische Galerie<\/h3><p class=\"idgroup_7 group_container\">Schwabach \u2013 Zusammen mit dem \u201eK\u00fcnstlerbund Schwabach e.V.\u201c und der St\u00e4dtischen Galerie gew\u00e4hrt das Stadtmuseum vom 8. Juli 2018 bis zum 7. Oktober 2018 einen spannenden R\u00fcckblick auf 70 Jahre Vereinsgeschichte.<\/p><h3 class=\"idgroup_7 group_container\">Bis 19. August, bzw. bis zum 7. Oktober<\/h3><div>Die Ausstellungen in der <strong>St\u00e4dtischen Galerie<\/strong> und der <strong>Stadtkirche<\/strong> dauern bis zum 19. August, die im <strong>Stadtmuseum<\/strong> bis zum 7. Oktober.<\/div><div>\u00a0<\/div><h3>Weiterf\u00fchrende Links:<\/h3><div><a href=\"http:\/\/www.evangelische-termine.de\/veranstaltung_im_detail4504510.html?PHPSESSID=d7cpj2e5e5a9j769ukopr3qbu1&amp;popup=1&amp;css=none\" target=\"_blank\" rel=\"noopener\">Weitere Informationen zur Ausstellung in der Stadtkirche gibt&#8217;s hier &#8230;<\/a><\/div><div><a href=\"http:\/\/www.kuenstlerbund-schwabach.de\/ausstellungen\/index.html\" target=\"_blank\" rel=\"noopener\">Hier geht&#8217;s zur Homepage des K\u00fcnstlerbundes &#8230;<\/a><\/div><div><a href=\"http:\/\/www.schwabach.de\/de\/stadtverwaltung\/oberbuergermeister\/378-kulturamt\/einrichtungen-und-sachgebiete\/stadtmuseum\/neues-aus-dem-stadtmuseum\/6542-sonderausstellung-70-jahre-kuenstlerbund-schwabach.html\" target=\"_blank\" rel=\"noopener\">Das Stadtmuseum informiert \u00fcber seine Sonderausstellung hier &#8230;<\/a><\/div><div>\u00a0<\/div>\t\t\t\t\t\t<\/div>\n\t\t\t\t<\/div>\n\t\t\t\t<div class=\"elementor-element elementor-element-a29781d elementor-widget-divider--view-line elementor-widget elementor-widget-divider\" data-id=\"a29781d\" data-element_type=\"widget\" data-widget_type=\"divider.default\">\n\t\t\t\t<div class=\"elementor-widget-container\">\n\t\t\t\t\t<div class=\"elementor-divider\">\n\t\t\t<span class=\"elementor-divider-separator\">\n\t\t\t\t\t\t<\/span>\n\t\t<\/div>\n\t\t\t\t<\/div>\n\t\t\t\t<\/div>\n\t\t\t\t<div class=\"elementor-element elementor-element-2a05a02 elementor-widget elementor-widget-google_maps\" data-id=\"2a05a02\" data-element_type=\"widget\" data-widget_type=\"google_maps.default\">\n\t\t\t\t<div class=\"elementor-widget-container\">\n\t\t\t\t\t<div class=\"elementor-custom-embed\">\n\t\t\t<iframe loading=\"lazy\"\n\t\t\t\t\tsrc=\"https:\/\/maps.google.com\/maps?q=Martin-Luther-Platz%202%2C%20Schwabach%2C%20Deutschland&#038;t=m&#038;z=17&#038;output=embed&#038;iwloc=near\"\n\t\t\t\t\ttitle=\"Martin-Luther-Platz 2, Schwabach, Deutschland\"\n\t\t\t\t\taria-label=\"Martin-Luther-Platz 2, Schwabach, Deutschland\"\n\t\t\t><\/iframe>\n\t\t<\/div>\n\t\t\t\t<\/div>\n\t\t\t\t<\/div>\n\t\t\t\t<div class=\"elementor-element elementor-element-cd4eeaf elementor-widget elementor-widget-google_maps\" data-id=\"cd4eeaf\" data-element_type=\"widget\" data-widget_type=\"google_maps.default\">\n\t\t\t\t<div class=\"elementor-widget-container\">\n\t\t\t\t\t<div class=\"elementor-custom-embed\">\n\t\t\t<iframe loading=\"lazy\"\n\t\t\t\t\tsrc=\"https:\/\/maps.google.com\/maps?q=K%C3%B6nigsplatz%2029%2C%20Schwabach%2C%20Deutschland&#038;t=m&#038;z=17&#038;output=embed&#038;iwloc=near\"\n\t\t\t\t\ttitle=\"K\u00f6nigsplatz 29, Schwabach, Deutschland\"\n\t\t\t\t\taria-label=\"K\u00f6nigsplatz 29, Schwabach, Deutschland\"\n\t\t\t><\/iframe>\n\t\t<\/div>\n\t\t\t\t<\/div>\n\t\t\t\t<\/div>\n\t\t\t\t<div class=\"elementor-element elementor-element-55c8f9e elementor-widget elementor-widget-google_maps\" data-id=\"55c8f9e\" data-element_type=\"widget\" data-widget_type=\"google_maps.default\">\n\t\t\t\t<div class=\"elementor-widget-container\">\n\t\t\t\t\t<div class=\"elementor-custom-embed\">\n\t\t\t<iframe loading=\"lazy\"\n\t\t\t\t\tsrc=\"https:\/\/maps.google.com\/maps?q=Museumsstra%C3%9Fe%2C%20Schwabach%2C%20Deutschland&#038;t=m&#038;z=17&#038;output=embed&#038;iwloc=near\"\n\t\t\t\t\ttitle=\"Museumsstra\u00dfe, Schwabach, Deutschland\"\n\t\t\t\t\taria-label=\"Museumsstra\u00dfe, Schwabach, Deutschland\"\n\t\t\t><\/iframe>\n\t\t<\/div>\n\t\t\t\t<\/div>\n\t\t\t\t<\/div>\n\t\t\t\t\t<\/div>\n\t\t<\/div>\n\t\t\t\t<div class=\"elementor-column elementor-col-33 elementor-top-column elementor-element elementor-element-f645137\" data-id=\"f645137\" data-element_type=\"column\">\n\t\t\t<div class=\"elementor-widget-wrap elementor-element-populated\">\n\t\t\t\t\t\t<div class=\"elementor-element elementor-element-25043c1 elementor-widget elementor-widget-image\" data-id=\"25043c1\" data-element_type=\"widget\" data-widget_type=\"image.default\">\n\t\t\t\t<div class=\"elementor-widget-container\">\n\t\t\t\t\t\t\t\t\t\t\t\t\t<img fetchpriority=\"high\" decoding=\"async\" width=\"300\" height=\"300\" src=\"https:\/\/www.region-schwabach.de\/wordpress\/wp-content\/uploads\/2018\/04\/werbung1-300x300.png\" class=\"attachment-medium size-medium wp-image-35382\" alt=\"\" srcset=\"https:\/\/www.region-schwabach.de\/wordpress\/wp-content\/uploads\/2018\/04\/werbung1-300x300.png 300w, https:\/\/www.region-schwabach.de\/wordpress\/wp-content\/uploads\/2018\/04\/werbung1-150x150.png 150w, https:\/\/www.region-schwabach.de\/wordpress\/wp-content\/uploads\/2018\/04\/werbung1-768x768.png 768w, https:\/\/www.region-schwabach.de\/wordpress\/wp-content\/uploads\/2018\/04\/werbung1-1024x1024.png 1024w, https:\/\/www.region-schwabach.de\/wordpress\/wp-content\/uploads\/2018\/04\/werbung1.png 1200w\" sizes=\"(max-width: 300px) 100vw, 300px\" \/>\t\t\t\t\t\t\t\t\t\t\t\t\t<\/div>\n\t\t\t\t<\/div>\n\t\t\t\t\t<\/div>\n\t\t<\/div>\n\t\t\t\t\t<\/div>\n\t\t<\/section>\n\t\t\t\t<\/div>\n\t\t","protected":false},"excerpt":{"rendered":"<div class=\"mh-excerpt\"><p>Sonderausstellungen \u201e70 Jahre K\u00fcnstlerbund Schwabach\u201c \/ &#8222;35 Jahre St\u00e4dtische Galerie Schwabach \u2013 Zusammen mit dem \u201eK\u00fcnstlerbund Schwabach e.V.\u201c und der St\u00e4dtischen Galerie gew\u00e4hrt das Stadtmuseum vom 8. Juli 2018 bis zum 7. Oktober 2018 einen <a class=\"mh-excerpt-more\" href=\"https:\/\/www.region-schwabach.de\/wordpress\/ausstellungen-zum-jubilaeum-70-35-kuenstlerbund-schwabach\/\" title=\"Ausstellungen zum Jubil\u00e4um 70\/35 K\u00fcnstlerbund Schwabach\">[&#8230;]<\/a><\/p>\n<\/div>","protected":false},"author":1,"featured_media":46334,"comment_status":"open","ping_status":"open","sticky":false,"template":"","format":"standard","meta":{"_cbd_carousel_blocks":"[]","footnotes":""},"categories":[16,1,287,61,231,140],"tags":[4878,4349,4884,3919,4813,5014,1480,19,3881,4045,4883,3739],"class_list":{"0":"post-47434","1":"post","2":"type-post","3":"status-publish","4":"format-standard","5":"has-post-thumbnail","7":"category-aktuell","8":"category-allgemein","9":"category-jugend-und-familie","10":"category-rathaus","11":"category-veranstaltungsnews","12":"category-vereine","13":"tag-august-2018","14":"tag-jubilaeum","15":"tag-jubilaeumsfest","16":"tag-juli-2018","17":"tag-kuenstlerbund","18":"tag-oktober-2018","19":"tag-rathaus","20":"tag-schwabach","21":"tag-september-2018","22":"tag-staedtische-galerie","23":"tag-stadtkirche","24":"tag-stadtmuseum"},"_links":{"self":[{"href":"https:\/\/www.region-schwabach.de\/wordpress\/wp-json\/wp\/v2\/posts\/47434","targetHints":{"allow":["GET"]}}],"collection":[{"href":"https:\/\/www.region-schwabach.de\/wordpress\/wp-json\/wp\/v2\/posts"}],"about":[{"href":"https:\/\/www.region-schwabach.de\/wordpress\/wp-json\/wp\/v2\/types\/post"}],"author":[{"embeddable":true,"href":"https:\/\/www.region-schwabach.de\/wordpress\/wp-json\/wp\/v2\/users\/1"}],"replies":[{"embeddable":true,"href":"https:\/\/www.region-schwabach.de\/wordpress\/wp-json\/wp\/v2\/comments?post=47434"}],"version-history":[{"count":0,"href":"https:\/\/www.region-schwabach.de\/wordpress\/wp-json\/wp\/v2\/posts\/47434\/revisions"}],"wp:featuredmedia":[{"embeddable":true,"href":"https:\/\/www.region-schwabach.de\/wordpress\/wp-json\/wp\/v2\/media\/46334"}],"wp:attachment":[{"href":"https:\/\/www.region-schwabach.de\/wordpress\/wp-json\/wp\/v2\/media?parent=47434"}],"wp:term":[{"taxonomy":"category","embeddable":true,"href":"https:\/\/www.region-schwabach.de\/wordpress\/wp-json\/wp\/v2\/categories?post=47434"},{"taxonomy":"post_tag","embeddable":true,"href":"https:\/\/www.region-schwabach.de\/wordpress\/wp-json\/wp\/v2\/tags?post=47434"}],"curies":[{"name":"wp","href":"https:\/\/api.w.org\/{rel}","templated":true}]}}