{"id":4782,"date":"2017-07-22T10:20:26","date_gmt":"2017-07-22T08:20:26","guid":{"rendered":"http:\/\/www.region-schwabach.de\/wordpress\/?p=4782"},"modified":"2017-08-01T19:40:19","modified_gmt":"2017-08-01T17:40:19","slug":"rudi-nobis-zum-ehrenbuerger-der-stadt-schwabach-ernannt","status":"publish","type":"post","link":"https:\/\/www.region-schwabach.de\/wordpress\/rudi-nobis-zum-ehrenbuerger-der-stadt-schwabach-ernannt\/","title":{"rendered":"Rudi Nobis zum Ehrenb\u00fcrger der Stadt Schwabach ernannt"},"content":{"rendered":"\t\t<div data-elementor-type=\"wp-post\" data-elementor-id=\"4782\" class=\"elementor elementor-4782 elementor-bc-flex-widget\">\n\t\t\t\t\t\t<section class=\"elementor-section elementor-top-section elementor-element elementor-element-1dzeyuh elementor-section-boxed elementor-section-height-default elementor-section-height-default\" data-id=\"1dzeyuh\" data-element_type=\"section\">\n\t\t\t\t\t\t<div class=\"elementor-container elementor-column-gap-default\">\n\t\t\t\t\t<div class=\"elementor-column elementor-col-66 elementor-top-column elementor-element elementor-element-aam59ft\" data-id=\"aam59ft\" data-element_type=\"column\">\n\t\t\t<div class=\"elementor-widget-wrap elementor-element-populated\">\n\t\t\t\t\t\t<div class=\"elementor-element elementor-element-k9p1oyc elementor-widget elementor-widget-text-editor\" data-id=\"k9p1oyc\" data-element_type=\"widget\" data-widget_type=\"text-editor.default\">\n\t\t\t\t<div class=\"elementor-widget-container\">\n\t\t\t\t\t\t\t<h3>Rudi Nobis ist Ehrenb\u00fcrger<\/h3><p>Bereits im Vorfeld des diesj\u00e4hrigen B\u00fcrgerfestes war ja bereits eine &#8222;gro\u00dfe \u00dcberraschung angek\u00fcndigt worden.<\/p><h3>\u00dcberraschung gelungen<\/h3><p>Und die \u00dcberraschung ist wahrlich gegl\u00fcckt: Rudi Nobis wurde von OB Matthias Th\u00fcrauf zum Ehrenb\u00fcrger der Stadt Schwabach ernannt.<\/p><p>Mit dieser Ernennung hatte wohl niemand &#8211; und am wenigsten wahrscheinlich Rudi Nobis selbst &#8211; gerechnet.<\/p><h3>Zahlreiche Verdienste<\/h3><p>Rudi Nobis erhielt diese Auszeichnung f\u00fcr sein langj\u00e4hriges, ehrenamtliches und b\u00fcrgerschaftliches Engagement f\u00fcr die Stadt Schwabach und seine B\u00fcrger.<\/p><p>Einen kurzen \u00dcberblick \u00fcber die Verdienste, das Wirken und das Schaffen von Rudi Nobis <a href=\"http:\/\/www.schwabach.de\/de\/stadtverwaltung\/oberbuergermeister\/98-buergermeister-und-presseamt\/neues-aus-dem-buergermeister-und-presseamt\/5432-rudi-nobis-ehrenbuerger-der-stadt-schwabach.html\" target=\"_blank\" rel=\"noopener\">finden Sie hier &#8230;<\/a><\/p><p>\u00a0<\/p>\t\t\t\t\t\t<\/div>\n\t\t\t\t<\/div>\n\t\t\t\t\t<\/div>\n\t\t<\/div>\n\t\t\t\t<div class=\"elementor-column elementor-col-33 elementor-top-column elementor-element elementor-element-uferl75\" data-id=\"uferl75\" data-element_type=\"column\">\n\t\t\t<div class=\"elementor-widget-wrap\">\n\t\t\t\t\t\t\t<\/div>\n\t\t<\/div>\n\t\t\t\t\t<\/div>\n\t\t<\/section>\n\t\t\t\t<\/div>\n\t\t","protected":false},"excerpt":{"rendered":"<div class=\"mh-excerpt\"><p>Rudi Nobis ist Ehrenb\u00fcrger Bereits im Vorfeld des diesj\u00e4hrigen B\u00fcrgerfestes war ja bereits eine &#8222;gro\u00dfe \u00dcberraschung angek\u00fcndigt worden. \u00dcberraschung gelungen Und die \u00dcberraschung ist wahrlich gegl\u00fcckt: Rudi Nobis wurde von OB Matthias Th\u00fcrauf zum Ehrenb\u00fcrger <a class=\"mh-excerpt-more\" href=\"https:\/\/www.region-schwabach.de\/wordpress\/rudi-nobis-zum-ehrenbuerger-der-stadt-schwabach-ernannt\/\" title=\"Rudi Nobis zum Ehrenb\u00fcrger der Stadt Schwabach ernannt\">[&#8230;]<\/a><\/p>\n<\/div>","protected":false},"author":1,"featured_media":4783,"comment_status":"open","ping_status":"open","sticky":false,"template":"template-full.php","format":"standard","meta":{"_cbd_carousel_blocks":"[]","footnotes":""},"categories":[16,1,61],"tags":[200,177,202,201],"class_list":{"0":"post-4782","1":"post","2":"type-post","3":"status-publish","4":"format-standard","5":"has-post-thumbnail","7":"category-aktuell","8":"category-allgemein","9":"category-rathaus","10":"tag-auszeichnung","11":"tag-buergerfest","12":"tag-ehrenbuerger","13":"tag-rudi-nobis"},"_links":{"self":[{"href":"https:\/\/www.region-schwabach.de\/wordpress\/wp-json\/wp\/v2\/posts\/4782","targetHints":{"allow":["GET"]}}],"collection":[{"href":"https:\/\/www.region-schwabach.de\/wordpress\/wp-json\/wp\/v2\/posts"}],"about":[{"href":"https:\/\/www.region-schwabach.de\/wordpress\/wp-json\/wp\/v2\/types\/post"}],"author":[{"embeddable":true,"href":"https:\/\/www.region-schwabach.de\/wordpress\/wp-json\/wp\/v2\/users\/1"}],"replies":[{"embeddable":true,"href":"https:\/\/www.region-schwabach.de\/wordpress\/wp-json\/wp\/v2\/comments?post=4782"}],"version-history":[{"count":0,"href":"https:\/\/www.region-schwabach.de\/wordpress\/wp-json\/wp\/v2\/posts\/4782\/revisions"}],"wp:featuredmedia":[{"embeddable":true,"href":"https:\/\/www.region-schwabach.de\/wordpress\/wp-json\/wp\/v2\/media\/4783"}],"wp:attachment":[{"href":"https:\/\/www.region-schwabach.de\/wordpress\/wp-json\/wp\/v2\/media?parent=4782"}],"wp:term":[{"taxonomy":"category","embeddable":true,"href":"https:\/\/www.region-schwabach.de\/wordpress\/wp-json\/wp\/v2\/categories?post=4782"},{"taxonomy":"post_tag","embeddable":true,"href":"https:\/\/www.region-schwabach.de\/wordpress\/wp-json\/wp\/v2\/tags?post=4782"}],"curies":[{"name":"wp","href":"https:\/\/api.w.org\/{rel}","templated":true}]}}