{"id":4787,"date":"2017-07-27T20:08:16","date_gmt":"2017-07-27T18:08:16","guid":{"rendered":"http:\/\/www.region-schwabach.de\/wordpress\/?p=4787"},"modified":"2017-08-02T03:40:52","modified_gmt":"2017-08-02T01:40:52","slug":"fotowettbewerb-stadtnatur","status":"publish","type":"post","link":"https:\/\/www.region-schwabach.de\/wordpress\/fotowettbewerb-stadtnatur\/","title":{"rendered":"Fotowettbewerb StadtNatur"},"content":{"rendered":"\t\t<div data-elementor-type=\"wp-post\" data-elementor-id=\"4787\" class=\"elementor elementor-4787 elementor-bc-flex-widget\">\n\t\t\t\t\t\t<section class=\"elementor-section elementor-top-section elementor-element elementor-element-1dzeyuh elementor-section-boxed elementor-section-height-default elementor-section-height-default\" data-id=\"1dzeyuh\" data-element_type=\"section\">\n\t\t\t\t\t\t<div class=\"elementor-container elementor-column-gap-default\">\n\t\t\t\t\t<div class=\"elementor-column elementor-col-66 elementor-top-column elementor-element elementor-element-aam59ft\" data-id=\"aam59ft\" data-element_type=\"column\">\n\t\t\t<div class=\"elementor-widget-wrap elementor-element-populated\">\n\t\t\t\t\t\t<div class=\"elementor-element elementor-element-k9p1oyc elementor-widget elementor-widget-text-editor\" data-id=\"k9p1oyc\" data-element_type=\"widget\" data-widget_type=\"text-editor.default\">\n\t\t\t\t<div class=\"elementor-widget-container\">\n\t\t\t\t\t\t\t<h3>Fotowettbewerb anl\u00e4sslich der 900-Jahr-Feier<\/h3><p>Anl\u00e4sslich des Jubil\u00e4ums \u201e900 Jahre Stadt Schwabach\u201c veranstaltet das st\u00e4dtische Umweltschutzamt unter dem Motto \u201eStadtNatur\u201c.<\/p><p>Sowohl Hobby-, als auch Amateurfotografen k\u00f6nnen aussagekr\u00e4ftige Bilder zum Thema einreichen.<\/p><h3><strong>Fotos m\u00fcssen aus Schwabach stammen<\/strong><\/h3><p>Einzige zu erf\u00fcllende Voraussetzung ist, dass die Fotos im Stadtgebiet Schwabach entstanden sind. Die Aufnahmen k\u00f6nnen von Gr\u00fcn und Gr\u00fcnr\u00e4umen stammen, aber auch Pflanzen und Tiere k\u00f6nnen als Motiv herhalten.\u00a0<\/p><h3><strong>Maximal drei Fotos sind erlaubt<\/strong><\/h3><p>Jeder Teilnehmer kann maximal drei Fotos zusammen mit dem ausgef\u00fcllten Anmeldebogen beim Umweltschutzamt einreichen.<\/p><p>Alles weitere, was Sie zu diesem Wettbewerb wissen m\u00fcssen, finden Sie in dem vorhandenen Faltblatt, den Teilnahmebedingungen und dem Anmeldebogen.<\/p><p>Diese Unterlagen und weitere Infos <a href=\"http:\/\/www.schwabach.de\/de\/stadtverwaltung\/referat-2-recht-soziales-und-umwelt\/88-umweltschutzamt\/neues-aus-dem-umweltschutzamt\/5216-fotowettbewerb-stadtnatur-2017.html\" target=\"_blank\" rel=\"noopener\">finden Sie hier &#8230; \u00a0<\/a><\/p><h3><strong>Viele Preise zu gewinnen<\/strong><\/h3><p>Zu gewinnen gibt es zahlreiche Gutscheine \u00f6rtlicher Unternehmen und von Schwabacher Gastst\u00e4tten. Des Weiteren unterst\u00fctzen u.a. die Sparkasse Mittelfranken-S\u00fcd und die Schwabacher Werbe- und Stadtgemeinschaft den Foto-Wettbewerb.<\/p><h3>Ausstellung im Stadtkrankenhaus<\/h3><p>Die besten Fotos werden in der Zeit vom 07.11. bis 08.12.2017 in einer Ausstellung im Foyer des Stadtkrankenhauses ausgestellt.<\/p>\t\t\t\t\t\t<\/div>\n\t\t\t\t<\/div>\n\t\t\t\t\t<\/div>\n\t\t<\/div>\n\t\t\t\t<div class=\"elementor-column elementor-col-33 elementor-top-column elementor-element elementor-element-uferl75\" data-id=\"uferl75\" data-element_type=\"column\">\n\t\t\t<div class=\"elementor-widget-wrap\">\n\t\t\t\t\t\t\t<\/div>\n\t\t<\/div>\n\t\t\t\t\t<\/div>\n\t\t<\/section>\n\t\t\t\t<\/div>\n\t\t","protected":false},"excerpt":{"rendered":"<div class=\"mh-excerpt\"><p>Fotowettbewerb anl\u00e4sslich der 900-Jahr-Feier Anl\u00e4sslich des Jubil\u00e4ums \u201e900 Jahre Stadt Schwabach\u201c veranstaltet das st\u00e4dtische Umweltschutzamt unter dem Motto \u201eStadtNatur\u201c. Sowohl Hobby-, als auch Amateurfotografen k\u00f6nnen aussagekr\u00e4ftige Bilder zum Thema einreichen. Fotos m\u00fcssen aus Schwabach stammen <a class=\"mh-excerpt-more\" href=\"https:\/\/www.region-schwabach.de\/wordpress\/fotowettbewerb-stadtnatur\/\" title=\"Fotowettbewerb StadtNatur\">[&#8230;]<\/a><\/p>\n<\/div>","protected":false},"author":1,"featured_media":4789,"comment_status":"open","ping_status":"open","sticky":false,"template":"template-full.php","format":"standard","meta":{"_cbd_carousel_blocks":"[]","footnotes":""},"categories":[16,1,203,204],"tags":[205,209,208,206,207],"class_list":{"0":"post-4787","1":"post","2":"type-post","3":"status-publish","4":"format-standard","5":"has-post-thumbnail","7":"category-aktuell","8":"category-allgemein","9":"category-umwelt-nachrichten","10":"category-wettbewerb","11":"tag-fotowettbewerb","12":"tag-preise","13":"tag-stadtgebiet-schwabach","14":"tag-stadtnatur","15":"tag-umweltschutzamt"},"_links":{"self":[{"href":"https:\/\/www.region-schwabach.de\/wordpress\/wp-json\/wp\/v2\/posts\/4787","targetHints":{"allow":["GET"]}}],"collection":[{"href":"https:\/\/www.region-schwabach.de\/wordpress\/wp-json\/wp\/v2\/posts"}],"about":[{"href":"https:\/\/www.region-schwabach.de\/wordpress\/wp-json\/wp\/v2\/types\/post"}],"author":[{"embeddable":true,"href":"https:\/\/www.region-schwabach.de\/wordpress\/wp-json\/wp\/v2\/users\/1"}],"replies":[{"embeddable":true,"href":"https:\/\/www.region-schwabach.de\/wordpress\/wp-json\/wp\/v2\/comments?post=4787"}],"version-history":[{"count":0,"href":"https:\/\/www.region-schwabach.de\/wordpress\/wp-json\/wp\/v2\/posts\/4787\/revisions"}],"wp:featuredmedia":[{"embeddable":true,"href":"https:\/\/www.region-schwabach.de\/wordpress\/wp-json\/wp\/v2\/media\/4789"}],"wp:attachment":[{"href":"https:\/\/www.region-schwabach.de\/wordpress\/wp-json\/wp\/v2\/media?parent=4787"}],"wp:term":[{"taxonomy":"category","embeddable":true,"href":"https:\/\/www.region-schwabach.de\/wordpress\/wp-json\/wp\/v2\/categories?post=4787"},{"taxonomy":"post_tag","embeddable":true,"href":"https:\/\/www.region-schwabach.de\/wordpress\/wp-json\/wp\/v2\/tags?post=4787"}],"curies":[{"name":"wp","href":"https:\/\/api.w.org\/{rel}","templated":true}]}}