{"id":48292,"date":"2018-07-16T13:32:45","date_gmt":"2018-07-16T11:32:45","guid":{"rendered":"http:\/\/www.region-schwabach.de\/wordpress\/?p=48292"},"modified":"2018-07-16T14:34:17","modified_gmt":"2018-07-16T12:34:17","slug":"pressemeldung-zur-kontrollaktion-motorradsicherheit-der-pi-hilpoltstein","status":"publish","type":"post","link":"https:\/\/www.region-schwabach.de\/wordpress\/pressemeldung-zur-kontrollaktion-motorradsicherheit-der-pi-hilpoltstein\/","title":{"rendered":"Pressemeldung zur Kontrollaktion &#8222;Motorradsicherheit&#8220; der PI Hilpoltstein"},"content":{"rendered":"\t\t<div data-elementor-type=\"wp-post\" data-elementor-id=\"48292\" class=\"elementor elementor-48292 elementor-bc-flex-widget\">\n\t\t\t\t\t\t<section class=\"elementor-section elementor-top-section elementor-element elementor-element-1cuv9jr elementor-section-boxed elementor-section-height-default elementor-section-height-default\" data-id=\"1cuv9jr\" data-element_type=\"section\">\n\t\t\t\t\t\t<div class=\"elementor-container elementor-column-gap-default\">\n\t\t\t\t\t<div class=\"elementor-column elementor-col-66 elementor-top-column elementor-element elementor-element-q5zak7b\" data-id=\"q5zak7b\" data-element_type=\"column\">\n\t\t\t<div class=\"elementor-widget-wrap elementor-element-populated\">\n\t\t\t\t\t\t<div class=\"elementor-element elementor-element-86qws23 elementor-widget elementor-widget-text-editor\" data-id=\"86qws23\" data-element_type=\"widget\" data-widget_type=\"text-editor.default\">\n\t\t\t\t<div class=\"elementor-widget-container\">\n\t\t\t\t\t\t\t<h3 class=\"story-headline\"><strong>Motorradkontrolle in Greding<\/strong><\/h3><p>Im Rahmen der Schwerpunktaktion \u201eMotorradsicherheit 2018\u201c f\u00fchrte die Polizei Hilpoltstein am Freitagnachmittag, den 13.7.2018, zwischen 14.00 Uhr rund 16.30 Uhr, eine Verkehrskontrolle in der Kraftsbucher Stra\u00dfe durch.\u00a0Hierbei wurden insgesamt 26 Fahrzeuge auch technisch \u00fcberpr\u00fcft.\u00a0<\/p><h3>Geschwindigkeits\u00fcberpr\u00fcfung<\/h3><p>Au\u00dferdem wurde die zul\u00e4ssige H\u00f6chstgeschwindigkeit \u00fcberwacht. Vier Verkehrsteilnehmer waren zu schnell unterwegs. Die h\u00f6chste gemessene Geschwindigkeit betrug 86 Km\/h. Der Fahrer dieses Pkw muss nun mit einem Bu\u00dfgeld in H\u00f6he von 160 Euro und einem Fahrverbot von einem Monat rechnen.\u00a0Drei andere Fahrzeugf\u00fchrer kamen mit einem Verwarnungsgeld in H\u00f6he von 25 bzw. 35 Euro davon.<\/p><h3>Technische M\u00e4ngel<\/h3><p>Sechs Kraftr\u00e4der wurden wegen mangelnder Beleuchtung beanstandet und einmal war das Kennzeichen nicht ordnungsgem\u00e4\u00df angebracht. Bei zwei Kraftr\u00e4dern war die Auspuffanlage manipuliert, was ein Erl\u00f6schen der Betriebserlaubnis zur Folge hatte. Die beiden Fahrer dieser Motorr\u00e4der mussten ihr Fahrzeug stehen lassen. Die Weiterfahrt wird erst gestattet, wenn sich das Fahrzeug wieder in ordnungsgem\u00e4\u00dfem Zustand befindet.<\/p><p><strong>Frauenschl\u00e4ger, PHK<\/strong><\/p>\t\t\t\t\t\t<\/div>\n\t\t\t\t<\/div>\n\t\t\t\t<div class=\"elementor-element elementor-element-ace1283 elementor-widget-divider--view-line elementor-widget elementor-widget-divider\" data-id=\"ace1283\" data-element_type=\"widget\" data-widget_type=\"divider.default\">\n\t\t\t\t<div class=\"elementor-widget-container\">\n\t\t\t\t\t<div class=\"elementor-divider\">\n\t\t\t<span class=\"elementor-divider-separator\">\n\t\t\t\t\t\t<\/span>\n\t\t<\/div>\n\t\t\t\t<\/div>\n\t\t\t\t<\/div>\n\t\t\t\t<div class=\"elementor-element elementor-element-1l7zbzo elementor-widget elementor-widget-google_maps\" data-id=\"1l7zbzo\" data-element_type=\"widget\" data-widget_type=\"google_maps.default\">\n\t\t\t\t<div class=\"elementor-widget-container\">\n\t\t\t\t\t<div class=\"elementor-custom-embed\">\n\t\t\t<iframe loading=\"lazy\"\n\t\t\t\t\tsrc=\"https:\/\/maps.google.com\/maps?q=Kraftsbucher%20Stra%C3%9Fe%2C%20Hilpoltstein%2C%20Deutschland&#038;t=m&#038;z=16&#038;output=embed&#038;iwloc=near\"\n\t\t\t\t\ttitle=\"Kraftsbucher Stra\u00dfe, Hilpoltstein, Deutschland\"\n\t\t\t\t\taria-label=\"Kraftsbucher Stra\u00dfe, Hilpoltstein, Deutschland\"\n\t\t\t><\/iframe>\n\t\t<\/div>\n\t\t\t\t<\/div>\n\t\t\t\t<\/div>\n\t\t\t\t\t<\/div>\n\t\t<\/div>\n\t\t\t\t<div class=\"elementor-column elementor-col-33 elementor-top-column elementor-element elementor-element-0w0urt1\" data-id=\"0w0urt1\" data-element_type=\"column\">\n\t\t\t<div class=\"elementor-widget-wrap elementor-element-populated\">\n\t\t\t\t\t\t<div class=\"elementor-element elementor-element-mo6nk5i elementor-widget elementor-widget-image\" data-id=\"mo6nk5i\" data-element_type=\"widget\" data-widget_type=\"image.default\">\n\t\t\t\t<div class=\"elementor-widget-container\">\n\t\t\t\t\t\t\t\t\t\t\t\t\t\t<a href=\"http:\/\/www.region-schwabach.de\/wordpress\/werben-auf-region-schwabach\/\" target=\"_blank\">\n\t\t\t\t\t\t\t<img fetchpriority=\"high\" decoding=\"async\" width=\"1024\" height=\"1024\" src=\"https:\/\/www.region-schwabach.de\/wordpress\/wp-content\/uploads\/2017\/06\/werbung8-1024x1024.png\" class=\"attachment-large size-large wp-image-2484\" alt=\"\" srcset=\"https:\/\/www.region-schwabach.de\/wordpress\/wp-content\/uploads\/2017\/06\/werbung8-1024x1024.png 1024w, https:\/\/www.region-schwabach.de\/wordpress\/wp-content\/uploads\/2017\/06\/werbung8-150x150.png 150w, https:\/\/www.region-schwabach.de\/wordpress\/wp-content\/uploads\/2017\/06\/werbung8-300x300.png 300w, https:\/\/www.region-schwabach.de\/wordpress\/wp-content\/uploads\/2017\/06\/werbung8-768x768.png 768w, https:\/\/www.region-schwabach.de\/wordpress\/wp-content\/uploads\/2017\/06\/werbung8-600x600.png 600w, https:\/\/www.region-schwabach.de\/wordpress\/wp-content\/uploads\/2017\/06\/werbung8.png 1200w\" sizes=\"(max-width: 1024px) 100vw, 1024px\" \/>\t\t\t\t\t\t\t\t<\/a>\n\t\t\t\t\t\t\t\t\t\t\t\t\t<\/div>\n\t\t\t\t<\/div>\n\t\t\t\t\t<\/div>\n\t\t<\/div>\n\t\t\t\t\t<\/div>\n\t\t<\/section>\n\t\t\t\t<\/div>\n\t\t","protected":false},"excerpt":{"rendered":"<div class=\"mh-excerpt\"><p>Motorradkontrolle in Greding Im Rahmen der Schwerpunktaktion \u201eMotorradsicherheit 2018\u201c f\u00fchrte die Polizei Hilpoltstein am Freitagnachmittag, den 13.7.2018, zwischen 14.00 Uhr rund 16.30 Uhr, eine Verkehrskontrolle in der Kraftsbucher Stra\u00dfe durch.\u00a0Hierbei wurden insgesamt 26 Fahrzeuge auch <a class=\"mh-excerpt-more\" href=\"https:\/\/www.region-schwabach.de\/wordpress\/pressemeldung-zur-kontrollaktion-motorradsicherheit-der-pi-hilpoltstein\/\" title=\"Pressemeldung zur Kontrollaktion &#8222;Motorradsicherheit&#8220; der PI Hilpoltstein\">[&#8230;]<\/a><\/p>\n<\/div>","protected":false},"author":1,"featured_media":48293,"comment_status":"open","ping_status":"open","sticky":false,"template":"","format":"standard","meta":{"_cbd_carousel_blocks":"[]","footnotes":""},"categories":[15],"tags":[4288,5010,297,5008,5046,5009,5047],"class_list":{"0":"post-48292","1":"post","2":"type-post","3":"status-publish","4":"format-standard","5":"has-post-thumbnail","7":"category-polizeimeldungen","8":"tag-13-07-2018","9":"tag-aktion","10":"tag-hilpoltstein","11":"tag-juli-2018-pressebericht","12":"tag-motorradsicherheit","13":"tag-polizei-sicher-nach-hause","14":"tag-schwerpunktaktion"},"_links":{"self":[{"href":"https:\/\/www.region-schwabach.de\/wordpress\/wp-json\/wp\/v2\/posts\/48292","targetHints":{"allow":["GET"]}}],"collection":[{"href":"https:\/\/www.region-schwabach.de\/wordpress\/wp-json\/wp\/v2\/posts"}],"about":[{"href":"https:\/\/www.region-schwabach.de\/wordpress\/wp-json\/wp\/v2\/types\/post"}],"author":[{"embeddable":true,"href":"https:\/\/www.region-schwabach.de\/wordpress\/wp-json\/wp\/v2\/users\/1"}],"replies":[{"embeddable":true,"href":"https:\/\/www.region-schwabach.de\/wordpress\/wp-json\/wp\/v2\/comments?post=48292"}],"version-history":[{"count":0,"href":"https:\/\/www.region-schwabach.de\/wordpress\/wp-json\/wp\/v2\/posts\/48292\/revisions"}],"wp:featuredmedia":[{"embeddable":true,"href":"https:\/\/www.region-schwabach.de\/wordpress\/wp-json\/wp\/v2\/media\/48293"}],"wp:attachment":[{"href":"https:\/\/www.region-schwabach.de\/wordpress\/wp-json\/wp\/v2\/media?parent=48292"}],"wp:term":[{"taxonomy":"category","embeddable":true,"href":"https:\/\/www.region-schwabach.de\/wordpress\/wp-json\/wp\/v2\/categories?post=48292"},{"taxonomy":"post_tag","embeddable":true,"href":"https:\/\/www.region-schwabach.de\/wordpress\/wp-json\/wp\/v2\/tags?post=48292"}],"curies":[{"name":"wp","href":"https:\/\/api.w.org\/{rel}","templated":true}]}}