{"id":48317,"date":"2018-07-24T00:04:51","date_gmt":"2018-07-23T22:04:51","guid":{"rendered":"http:\/\/www.region-schwabach.de\/wordpress\/?p=48317"},"modified":"2018-07-23T21:15:41","modified_gmt":"2018-07-23T19:15:41","slug":"ausstellungen-zum-20-jaehrigen-jubilaeum-der-staedtepartnerschaft-mit-kemer","status":"publish","type":"post","link":"https:\/\/www.region-schwabach.de\/wordpress\/ausstellungen-zum-20-jaehrigen-jubilaeum-der-staedtepartnerschaft-mit-kemer\/","title":{"rendered":"Zwei Ausstellungen zum 20-j\u00e4hrigen Jubil\u00e4um der St\u00e4dtepartnerschaft mit Kemer"},"content":{"rendered":"\t\t<div data-elementor-type=\"wp-post\" data-elementor-id=\"48317\" class=\"elementor elementor-48317 elementor-bc-flex-widget\">\n\t\t\t\t\t\t<section class=\"elementor-section elementor-top-section elementor-element elementor-element-678181b elementor-section-boxed elementor-section-height-default elementor-section-height-default\" data-id=\"678181b\" data-element_type=\"section\">\n\t\t\t\t\t\t<div class=\"elementor-container elementor-column-gap-default\">\n\t\t\t\t\t<div class=\"elementor-column elementor-col-66 elementor-top-column elementor-element elementor-element-6b34026\" data-id=\"6b34026\" data-element_type=\"column\">\n\t\t\t<div class=\"elementor-widget-wrap elementor-element-populated\">\n\t\t\t\t\t\t<div class=\"elementor-element elementor-element-443ab98 elementor-widget elementor-widget-text-editor\" data-id=\"443ab98\" data-element_type=\"widget\" data-widget_type=\"text-editor.default\">\n\t\t\t\t<div class=\"elementor-widget-container\">\n\t\t\t\t\t\t\t<h3>Zwei Ausstellungen zum 20-j\u00e4hrigen Jubil\u00e4um der\u00a0St\u00e4dtepartnerschaft Schwabach-Kemer<\/h3><p><strong>Im \u201eCaf\u00e9\u201c und im Schalterbereich der Sparkasse<\/strong><\/p><p>Die St\u00e4dtepartnerschaft zwischen Schwabach und Kemer besteht heuer seit 20\u00a0Jahren. Aus diesem Anlass hat das Partnerschaftskomitee zwei Ausstellungen\u00a0organisiert. Die eine ist w\u00e4hrend des B\u00fcrgerfests vom 19. bis zum 24. Juli in\u00a0\u201eDas Caf\u00e9\u201c zu sehen, mit der Vernissage am 19. Juli um 18.30 Uhr.<\/p><p>Die\u00a0ausgestellten Bilder der Malerin Feryal Taneri und des Fotografs Ali Adamoglu<br \/>vermitteln Eindr\u00fccke von der Region um Kemer, in der beide t\u00e4tig sind.<\/p><h3>Auch in der Sparkasse<\/h3><p>Vom 16. bis zum 26. Juli werden au\u00dferdem im\u00a0Schalterbereich der Sparkasse Mittelfranken-S\u00fcd, N\u00f6rdliche Ringstra\u00dfe 2 a-c,\u00a0Bilder und historische Dokumente als \u201eR\u00fcckblick auf 20 Jahre St\u00e4dte-Partnerschaft Schwabach Kemer\u201c gezeigt.<\/p><p><strong>Fotos:<\/strong> Diese Strandszenen hat Ali Adamoglu im Bild festgehalten.<\/p>\t\t\t\t\t\t<\/div>\n\t\t\t\t<\/div>\n\t\t\t\t<div class=\"elementor-element elementor-element-a6b86d7 elementor-widget elementor-widget-google_maps\" data-id=\"a6b86d7\" data-element_type=\"widget\" data-widget_type=\"google_maps.default\">\n\t\t\t\t<div class=\"elementor-widget-container\">\n\t\t\t\t\t<div class=\"elementor-custom-embed\">\n\t\t\t<iframe loading=\"lazy\"\n\t\t\t\t\tsrc=\"https:\/\/maps.google.com\/maps?q=K%C3%B6nigsplatz%2014%2C%20Schwabach%2C%20Deutschland&#038;t=m&#038;z=17&#038;output=embed&#038;iwloc=near\"\n\t\t\t\t\ttitle=\"K\u00f6nigsplatz 14, Schwabach, Deutschland\"\n\t\t\t\t\taria-label=\"K\u00f6nigsplatz 14, Schwabach, Deutschland\"\n\t\t\t><\/iframe>\n\t\t<\/div>\n\t\t\t\t<\/div>\n\t\t\t\t<\/div>\n\t\t\t\t<div class=\"elementor-element elementor-element-68e3cc7 elementor-widget elementor-widget-google_maps\" data-id=\"68e3cc7\" data-element_type=\"widget\" data-widget_type=\"google_maps.default\">\n\t\t\t\t<div class=\"elementor-widget-container\">\n\t\t\t\t\t<div class=\"elementor-custom-embed\">\n\t\t\t<iframe loading=\"lazy\"\n\t\t\t\t\tsrc=\"https:\/\/maps.google.com\/maps?q=N%C3%B6rdliche%20Ringstra%C3%9Fe%202a%2C%20Schwabach%2C%20Deutschland&#038;t=m&#038;z=17&#038;output=embed&#038;iwloc=near\"\n\t\t\t\t\ttitle=\"N\u00f6rdliche Ringstra\u00dfe 2a, Schwabach, Deutschland\"\n\t\t\t\t\taria-label=\"N\u00f6rdliche Ringstra\u00dfe 2a, Schwabach, Deutschland\"\n\t\t\t><\/iframe>\n\t\t<\/div>\n\t\t\t\t<\/div>\n\t\t\t\t<\/div>\n\t\t\t\t\t<\/div>\n\t\t<\/div>\n\t\t\t\t<div class=\"elementor-column elementor-col-33 elementor-top-column elementor-element elementor-element-f645137\" data-id=\"f645137\" data-element_type=\"column\">\n\t\t\t<div class=\"elementor-widget-wrap elementor-element-populated\">\n\t\t\t\t\t\t<div class=\"elementor-element elementor-element-25043c1 elementor-widget elementor-widget-image\" data-id=\"25043c1\" data-element_type=\"widget\" data-widget_type=\"image.default\">\n\t\t\t\t<div class=\"elementor-widget-container\">\n\t\t\t\t\t\t\t\t\t\t\t\t\t<img fetchpriority=\"high\" decoding=\"async\" width=\"300\" height=\"300\" src=\"https:\/\/www.region-schwabach.de\/wordpress\/wp-content\/uploads\/2018\/04\/werbung1-300x300.png\" class=\"attachment-medium size-medium wp-image-35382\" alt=\"\" srcset=\"https:\/\/www.region-schwabach.de\/wordpress\/wp-content\/uploads\/2018\/04\/werbung1-300x300.png 300w, https:\/\/www.region-schwabach.de\/wordpress\/wp-content\/uploads\/2018\/04\/werbung1-150x150.png 150w, https:\/\/www.region-schwabach.de\/wordpress\/wp-content\/uploads\/2018\/04\/werbung1-768x768.png 768w, https:\/\/www.region-schwabach.de\/wordpress\/wp-content\/uploads\/2018\/04\/werbung1-1024x1024.png 1024w, https:\/\/www.region-schwabach.de\/wordpress\/wp-content\/uploads\/2018\/04\/werbung1.png 1200w\" sizes=\"(max-width: 300px) 100vw, 300px\" \/>\t\t\t\t\t\t\t\t\t\t\t\t\t<\/div>\n\t\t\t\t<\/div>\n\t\t\t\t\t<\/div>\n\t\t<\/div>\n\t\t\t\t\t<\/div>\n\t\t<\/section>\n\t\t\t\t<section class=\"elementor-section elementor-top-section elementor-element elementor-element-e928cd5 elementor-section-boxed elementor-section-height-default elementor-section-height-default\" data-id=\"e928cd5\" data-element_type=\"section\">\n\t\t\t\t\t\t<div class=\"elementor-container elementor-column-gap-default\">\n\t\t\t\t\t<div class=\"elementor-column elementor-col-100 elementor-top-column elementor-element elementor-element-0b4b354\" data-id=\"0b4b354\" data-element_type=\"column\">\n\t\t\t<div class=\"elementor-widget-wrap elementor-element-populated\">\n\t\t\t\t\t\t<div class=\"elementor-element elementor-element-9f4b680 elementor-widget elementor-widget-image\" data-id=\"9f4b680\" data-element_type=\"widget\" data-widget_type=\"image.default\">\n\t\t\t\t<div class=\"elementor-widget-container\">\n\t\t\t\t\t\t\t\t\t\t\t\t\t\t<a href=\"http:\/\/www.region-schwabach.de\/wordpress\/wp-content\/uploads\/2018\/07\/PM166_kemer_ausstellung-e1531752992749.jpg\" data-elementor-open-lightbox=\"yes\" data-elementor-lightbox-title=\"PM166_kemer_ausstellung\" data-e-action-hash=\"#elementor-action%3Aaction%3Dlightbox%26settings%3DeyJpZCI6NDgzMjAsInVybCI6Imh0dHBzOlwvXC93d3cucmVnaW9uLXNjaHdhYmFjaC5kZVwvd29yZHByZXNzXC93cC1jb250ZW50XC91cGxvYWRzXC8yMDE4XC8wN1wvUE0xNjZfa2VtZXJfYXVzc3RlbGx1bmctZTE1MzE3NTI5OTI3NDkuanBnIn0%3D\">\n\t\t\t\t\t\t\t<img decoding=\"async\" width=\"620\" height=\"438\" src=\"https:\/\/www.region-schwabach.de\/wordpress\/wp-content\/uploads\/2018\/07\/PM166_kemer_ausstellung-e1531752992749.jpg\" class=\"attachment-full size-full wp-image-48320\" alt=\"\" \/>\t\t\t\t\t\t\t\t<\/a>\n\t\t\t\t\t\t\t\t\t\t\t\t\t<\/div>\n\t\t\t\t<\/div>\n\t\t\t\t<div class=\"elementor-element elementor-element-b189e5f elementor-widget elementor-widget-image\" data-id=\"b189e5f\" data-element_type=\"widget\" data-widget_type=\"image.default\">\n\t\t\t\t<div class=\"elementor-widget-container\">\n\t\t\t\t\t\t\t\t\t\t\t\t\t\t<a href=\"http:\/\/www.region-schwabach.de\/wordpress\/wp-content\/uploads\/2018\/07\/PM166_kemer_ausstellung_2-e1531752297553.jpg\" data-elementor-open-lightbox=\"yes\" data-elementor-lightbox-title=\"PM166_kemer_ausstellung_2\" data-e-action-hash=\"#elementor-action%3Aaction%3Dlightbox%26settings%3DeyJpZCI6NDgzMTgsInVybCI6Imh0dHBzOlwvXC93d3cucmVnaW9uLXNjaHdhYmFjaC5kZVwvd29yZHByZXNzXC93cC1jb250ZW50XC91cGxvYWRzXC8yMDE4XC8wN1wvUE0xNjZfa2VtZXJfYXVzc3RlbGx1bmdfMi1lMTUzMTc1MjI5NzU1My5qcGcifQ%3D%3D\">\n\t\t\t\t\t\t\t<img decoding=\"async\" width=\"620\" height=\"465\" src=\"https:\/\/www.region-schwabach.de\/wordpress\/wp-content\/uploads\/2018\/07\/PM166_kemer_ausstellung_2-e1531752297553.jpg\" class=\"attachment-full size-full wp-image-48318\" alt=\"\" \/>\t\t\t\t\t\t\t\t<\/a>\n\t\t\t\t\t\t\t\t\t\t\t\t\t<\/div>\n\t\t\t\t<\/div>\n\t\t\t\t\t<\/div>\n\t\t<\/div>\n\t\t\t\t\t<\/div>\n\t\t<\/section>\n\t\t\t\t<\/div>\n\t\t","protected":false},"excerpt":{"rendered":"<div class=\"mh-excerpt\"><p>Zwei Ausstellungen zum 20-j\u00e4hrigen Jubil\u00e4um der\u00a0St\u00e4dtepartnerschaft Schwabach-Kemer Im \u201eCaf\u00e9\u201c und im Schalterbereich der Sparkasse Die St\u00e4dtepartnerschaft zwischen Schwabach und Kemer besteht heuer seit 20\u00a0Jahren. Aus diesem Anlass hat das Partnerschaftskomitee zwei Ausstellungen\u00a0organisiert. Die eine ist <a class=\"mh-excerpt-more\" href=\"https:\/\/www.region-schwabach.de\/wordpress\/ausstellungen-zum-20-jaehrigen-jubilaeum-der-staedtepartnerschaft-mit-kemer\/\" title=\"Zwei Ausstellungen zum 20-j\u00e4hrigen Jubil\u00e4um der St\u00e4dtepartnerschaft mit Kemer\">[&#8230;]<\/a><\/p>\n<\/div>","protected":false},"author":1,"featured_media":48318,"comment_status":"open","ping_status":"open","sticky":false,"template":"","format":"standard","meta":{"_cbd_carousel_blocks":"[]","footnotes":""},"categories":[16,1,287,61,231],"tags":[5050,5051,5052,3155,3821,522,785,1480,5053,19,990,291],"class_list":{"0":"post-48317","1":"post","2":"type-post","3":"status-publish","4":"format-standard","5":"has-post-thumbnail","7":"category-aktuell","8":"category-allgemein","9":"category-jugend-und-familie","10":"category-rathaus","11":"category-veranstaltungsnews","12":"tag-das-cafe","13":"tag-16-bis-26-juli-2018","14":"tag-19-bis-24-juli-2018","15":"tag-ausstellung","16":"tag-kemer","17":"tag-koenigsplatz","18":"tag-noerdliche-ringstrasse","19":"tag-rathaus","20":"tag-schalterbereich","21":"tag-schwabach","22":"tag-sparkasse","23":"tag-staedtepartnerschaft"},"_links":{"self":[{"href":"https:\/\/www.region-schwabach.de\/wordpress\/wp-json\/wp\/v2\/posts\/48317","targetHints":{"allow":["GET"]}}],"collection":[{"href":"https:\/\/www.region-schwabach.de\/wordpress\/wp-json\/wp\/v2\/posts"}],"about":[{"href":"https:\/\/www.region-schwabach.de\/wordpress\/wp-json\/wp\/v2\/types\/post"}],"author":[{"embeddable":true,"href":"https:\/\/www.region-schwabach.de\/wordpress\/wp-json\/wp\/v2\/users\/1"}],"replies":[{"embeddable":true,"href":"https:\/\/www.region-schwabach.de\/wordpress\/wp-json\/wp\/v2\/comments?post=48317"}],"version-history":[{"count":0,"href":"https:\/\/www.region-schwabach.de\/wordpress\/wp-json\/wp\/v2\/posts\/48317\/revisions"}],"wp:featuredmedia":[{"embeddable":true,"href":"https:\/\/www.region-schwabach.de\/wordpress\/wp-json\/wp\/v2\/media\/48318"}],"wp:attachment":[{"href":"https:\/\/www.region-schwabach.de\/wordpress\/wp-json\/wp\/v2\/media?parent=48317"}],"wp:term":[{"taxonomy":"category","embeddable":true,"href":"https:\/\/www.region-schwabach.de\/wordpress\/wp-json\/wp\/v2\/categories?post=48317"},{"taxonomy":"post_tag","embeddable":true,"href":"https:\/\/www.region-schwabach.de\/wordpress\/wp-json\/wp\/v2\/tags?post=48317"}],"curies":[{"name":"wp","href":"https:\/\/api.w.org\/{rel}","templated":true}]}}