{"id":48327,"date":"2018-07-19T00:00:01","date_gmt":"2018-07-18T22:00:01","guid":{"rendered":"http:\/\/www.region-schwabach.de\/wordpress\/?p=48327"},"modified":"2018-07-19T00:27:13","modified_gmt":"2018-07-18T22:27:13","slug":"rekord-41-teams-schwimmen-im-schwabacher-parkbad-fuer-den-guten-zweck","status":"publish","type":"post","link":"https:\/\/www.region-schwabach.de\/wordpress\/rekord-41-teams-schwimmen-im-schwabacher-parkbad-fuer-den-guten-zweck\/","title":{"rendered":"Rekord: 41 Teams schwimmen im Schwabacher Parkbad f\u00fcr den guten Zweck"},"content":{"rendered":"\t\t<div data-elementor-type=\"wp-post\" data-elementor-id=\"48327\" class=\"elementor elementor-48327 elementor-bc-flex-widget\">\n\t\t\t\t\t\t<section class=\"elementor-section elementor-top-section elementor-element elementor-element-678181b elementor-section-boxed elementor-section-height-default elementor-section-height-default\" data-id=\"678181b\" data-element_type=\"section\">\n\t\t\t\t\t\t<div class=\"elementor-container elementor-column-gap-default\">\n\t\t\t\t\t<div class=\"elementor-column elementor-col-66 elementor-top-column elementor-element elementor-element-6b34026\" data-id=\"6b34026\" data-element_type=\"column\">\n\t\t\t<div class=\"elementor-widget-wrap elementor-element-populated\">\n\t\t\t\t\t\t<div class=\"elementor-element elementor-element-443ab98 elementor-widget elementor-widget-text-editor\" data-id=\"443ab98\" data-element_type=\"widget\" data-widget_type=\"text-editor.default\">\n\t\t\t\t<div class=\"elementor-widget-container\">\n\t\t\t\t\t\t\t<h3><strong>Rekord: 41 Teams schwimmen im Parkbad f\u00fcr den guten Zweck<\/strong><\/h3><h3>Spendenschwimmen auf vier Bahnen &#8211; nur noch wenige Einzelstartpl\u00e4tze verf\u00fcgbar<\/h3><p>Das ist ein neuer Rekord: F\u00fcr das sechste Spendenschwimmen im Schwabacher Parkbad am 21. Juli 2018 haben sich 41 Mannschaften angemeldet. Ob Hobby- oder Sportschwimmer, ob alt oder jung: Das Teilnehmerfeld ist auch in diesem Jahr bunt gemischt. Zus\u00e4tzlich ist die Wetterprognose (Stand 16. Juli) mit Blick auf eine sch\u00f6ne Veranstaltung vielversprechend: leicht bew\u00f6lkt, 23 Grad, kein Regen. \u201eWir freuen uns sehr \u00fcber die tolle Resonanz. Das zeigt uns, dass das Spendenschwimmen von Jahr zu Jahr beliebter wird\u201c, so Betriebsleiter Markus Schieck. \u201eDass wir am B\u00fcrgerfestwochenende mehr Teams zusammenbekommen als bei der Fu\u00dfball-Weltmeisterschaft in Russland, damit haben wir \u00fcberhaupt nicht gerechnet.\u201c<\/p><h3>Vier Bahnen f\u00fcr das Spendenschwimmen gesperrt<\/h3><p>Damit das Spendenschwimmen wie geplant von 8:30 Uhr bis zur Siegerehrung um circa 12.15 Uhr stattfinden kann, starten die Teilnehmer jetzt parallel auf vier Bahnen. Der Veranstalter bittet die \u00fcbrigen Badeg\u00e4ste daf\u00fcr um Verst\u00e4ndnis. Es sind auch noch wenige Einzelstartpl\u00e4tze verf\u00fcgbar &#8211; Interessierte sollten sich so rasch als m\u00f6glich anmelden. Das Geld vom Spendenschwimmen geht diesem Jahr an die Kitas St. Lukas, St. Martin und St. Matth\u00e4us, an die Kita Flohkiste vom BRK Verband S\u00fcdfranken sowie an Projekte in Schwabachs Patenstadt Gossas.<\/p><h3>Attraktive Preise bei der Tombola<\/h3><p>Mitmachen lohnt sich &#8211; nicht nur f\u00fcr den guten Zweck. Jeder Spendenschwimmer nimmt automatisch an der Verlosung von attraktiven Sachpreisen, die von Schwabacher Firmen und Einrichtungen zur Verf\u00fcgung gestellt werden, teil. Ein Dankesch\u00f6n geht auch an zahlreiche Firmen, Vereine und Privatpersonen, die das Spendenschwimmen unterst\u00fctzen: so der Schwimmverein, die Wasserwacht oder die Privilegierte Feuersch\u00fctzengesellschaft. Au\u00dferdem die Firmen Memmert und Schmidthammer Elektrokohle, den REAL Markt Schwabach, Auto Buhl, Ribwich, EDEKA Krawczyk, Piwe Pieldner Werbung, Dr. Klaus Karg KG, Marianne Lachmann und Werner Sittauer.<\/p><p><strong>Bildunterzeile (Foto: Manuel Mauer)<br \/><\/strong>Volles Haus: Das Spendenschwimmen 2018 ist nahezu ausgebucht. 41 Mannschaften schwimmen am 21. Juli 2018 um den Parkbadpokal.<strong><br \/><\/strong><\/p><h3>Weiterf\u00fchrende Links:<\/h3><p><a href=\"https:\/\/www.region-schwabach.de\/wordpress\/die-anmeldung-fuer-das-spendenschwimmen-2018-ist-gestartet\/\" target=\"_blank\" rel=\"noopener\">Zur urspr\u00fcnglichen Nachricht zum Spendenschwimmen geht&#8217;s hier &#8230;<\/a><\/p><p><a href=\"https:\/\/www.stadtwerke-schwabach.de\/Baeder\/Spendenschwimmen\/\" target=\"_blank\" rel=\"noopener\">Weitere Info gibt es auch noch auf der Homepage der Stadtwerke &#8230;<\/a><\/p><p><a href=\"https:\/\/www.stadtwerke-schwabach.de\/Baeder\/Spendenschwimmen\/Spendenschwimmen\/Flyer-Spendenschwimmen-2018-Web.pdf\" target=\"_blank\" rel=\"noopener\">Den Veranstaltunsflyer zum Download gibt es hier &#8230;<\/a><\/p>\t\t\t\t\t\t<\/div>\n\t\t\t\t<\/div>\n\t\t\t\t<div class=\"elementor-element elementor-element-0c834d7 elementor-widget-divider--view-line elementor-widget elementor-widget-divider\" data-id=\"0c834d7\" data-element_type=\"widget\" data-widget_type=\"divider.default\">\n\t\t\t\t<div class=\"elementor-widget-container\">\n\t\t\t\t\t<div class=\"elementor-divider\">\n\t\t\t<span class=\"elementor-divider-separator\">\n\t\t\t\t\t\t<\/span>\n\t\t<\/div>\n\t\t\t\t<\/div>\n\t\t\t\t<\/div>\n\t\t\t\t<div class=\"elementor-element elementor-element-d08c758 elementor-widget elementor-widget-google_maps\" data-id=\"d08c758\" data-element_type=\"widget\" data-widget_type=\"google_maps.default\">\n\t\t\t\t<div class=\"elementor-widget-container\">\n\t\t\t\t\t<div class=\"elementor-custom-embed\">\n\t\t\t<iframe loading=\"lazy\"\n\t\t\t\t\tsrc=\"https:\/\/maps.google.com\/maps?q=49.324095%2C%2011.033138&#038;t=m&#038;z=16&#038;output=embed&#038;iwloc=near\"\n\t\t\t\t\ttitle=\"49.324095, 11.033138\"\n\t\t\t\t\taria-label=\"49.324095, 11.033138\"\n\t\t\t><\/iframe>\n\t\t<\/div>\n\t\t\t\t<\/div>\n\t\t\t\t<\/div>\n\t\t\t\t\t<\/div>\n\t\t<\/div>\n\t\t\t\t<div class=\"elementor-column elementor-col-33 elementor-top-column elementor-element elementor-element-f645137\" data-id=\"f645137\" data-element_type=\"column\">\n\t\t\t<div class=\"elementor-widget-wrap elementor-element-populated\">\n\t\t\t\t\t\t<div class=\"elementor-element elementor-element-25043c1 elementor-widget elementor-widget-image\" data-id=\"25043c1\" data-element_type=\"widget\" data-widget_type=\"image.default\">\n\t\t\t\t<div class=\"elementor-widget-container\">\n\t\t\t\t\t\t\t\t\t\t\t\t\t<img fetchpriority=\"high\" decoding=\"async\" width=\"300\" height=\"300\" src=\"https:\/\/www.region-schwabach.de\/wordpress\/wp-content\/uploads\/2018\/04\/werbung1-300x300.png\" class=\"attachment-medium size-medium wp-image-35382\" alt=\"\" srcset=\"https:\/\/www.region-schwabach.de\/wordpress\/wp-content\/uploads\/2018\/04\/werbung1-300x300.png 300w, https:\/\/www.region-schwabach.de\/wordpress\/wp-content\/uploads\/2018\/04\/werbung1-150x150.png 150w, https:\/\/www.region-schwabach.de\/wordpress\/wp-content\/uploads\/2018\/04\/werbung1-768x768.png 768w, https:\/\/www.region-schwabach.de\/wordpress\/wp-content\/uploads\/2018\/04\/werbung1-1024x1024.png 1024w, https:\/\/www.region-schwabach.de\/wordpress\/wp-content\/uploads\/2018\/04\/werbung1.png 1200w\" sizes=\"(max-width: 300px) 100vw, 300px\" \/>\t\t\t\t\t\t\t\t\t\t\t\t\t<\/div>\n\t\t\t\t<\/div>\n\t\t\t\t\t<\/div>\n\t\t<\/div>\n\t\t\t\t\t<\/div>\n\t\t<\/section>\n\t\t\t\t<section class=\"elementor-section elementor-top-section elementor-element elementor-element-549b05b elementor-section-boxed elementor-section-height-default elementor-section-height-default\" data-id=\"549b05b\" data-element_type=\"section\">\n\t\t\t\t\t\t<div class=\"elementor-container elementor-column-gap-default\">\n\t\t\t\t\t<div class=\"elementor-column elementor-col-100 elementor-top-column elementor-element elementor-element-31e0f30\" data-id=\"31e0f30\" data-element_type=\"column\">\n\t\t\t<div class=\"elementor-widget-wrap elementor-element-populated\">\n\t\t\t\t\t\t<div class=\"elementor-element elementor-element-cb3a3e7 elementor-widget elementor-widget-image\" data-id=\"cb3a3e7\" data-element_type=\"widget\" data-widget_type=\"image.default\">\n\t\t\t\t<div class=\"elementor-widget-container\">\n\t\t\t\t\t\t\t\t\t\t<figure class=\"wp-caption\">\n\t\t\t\t\t\t\t\t\t\t<img decoding=\"async\" width=\"2000\" height=\"1335\" src=\"https:\/\/www.region-schwabach.de\/wordpress\/wp-content\/uploads\/2018\/07\/Spendenschwimmen-2015_031-e1531318891779.jpg\" class=\"attachment-full size-full wp-image-47259\" alt=\"\" \/>\t\t\t\t\t\t\t\t\t\t\t<figcaption class=\"widget-image-caption wp-caption-text\">Foto: Manuel Mauer. Beim Spendenschwimmen gilt: Jede Wende eine Spende<\/figcaption>\n\t\t\t\t\t\t\t\t\t\t<\/figure>\n\t\t\t\t\t\t\t<\/div>\n\t\t\t\t<\/div>\n\t\t\t\t<div class=\"elementor-element elementor-element-c04d3f2 elementor-widget elementor-widget-image\" data-id=\"c04d3f2\" data-element_type=\"widget\" data-widget_type=\"image.default\">\n\t\t\t\t<div class=\"elementor-widget-container\">\n\t\t\t\t\t\t\t\t\t\t<figure class=\"wp-caption\">\n\t\t\t\t\t\t\t\t\t\t<img decoding=\"async\" width=\"432\" height=\"434\" src=\"https:\/\/www.region-schwabach.de\/wordpress\/wp-content\/uploads\/2018\/07\/Bienentanz.jpg\" class=\"attachment-full size-full wp-image-47262\" alt=\"\" srcset=\"https:\/\/www.region-schwabach.de\/wordpress\/wp-content\/uploads\/2018\/07\/Bienentanz.jpg 432w, https:\/\/www.region-schwabach.de\/wordpress\/wp-content\/uploads\/2018\/07\/Bienentanz-150x150.jpg 150w, https:\/\/www.region-schwabach.de\/wordpress\/wp-content\/uploads\/2018\/07\/Bienentanz-300x300.jpg 300w\" sizes=\"(max-width: 432px) 100vw, 432px\" \/>\t\t\t\t\t\t\t\t\t\t\t<figcaption class=\"widget-image-caption wp-caption-text\">Spendenprojekt 1: Die Kitas der Kirchengemeinde St. Martin in Schwabach. Im Bild: der \"Bienenstock\" f\u00fcr Kinder ab drei Jahren<\/figcaption>\n\t\t\t\t\t\t\t\t\t\t<\/figure>\n\t\t\t\t\t\t\t<\/div>\n\t\t\t\t<\/div>\n\t\t\t\t<div class=\"elementor-element elementor-element-5b02a31 elementor-widget elementor-widget-image\" data-id=\"5b02a31\" data-element_type=\"widget\" data-widget_type=\"image.default\">\n\t\t\t\t<div class=\"elementor-widget-container\">\n\t\t\t\t\t\t\t\t\t\t<figure class=\"wp-caption\">\n\t\t\t\t\t\t\t\t\t\t<img loading=\"lazy\" decoding=\"async\" width=\"2080\" height=\"1248\" src=\"https:\/\/www.region-schwabach.de\/wordpress\/wp-content\/uploads\/2018\/07\/Flohkiste-e1531319456257.jpg\" class=\"attachment-full size-full wp-image-47263\" alt=\"\" \/>\t\t\t\t\t\t\t\t\t\t\t<figcaption class=\"widget-image-caption wp-caption-text\">Spendenprojekt 2: Die Kita Flohkiste vom BRK Kreisverband S\u00fcdfranken wurde im Februar 2018 neu errichtet<\/figcaption>\n\t\t\t\t\t\t\t\t\t\t<\/figure>\n\t\t\t\t\t\t\t<\/div>\n\t\t\t\t<\/div>\n\t\t\t\t<div class=\"elementor-element elementor-element-4171d34 elementor-widget elementor-widget-image\" data-id=\"4171d34\" data-element_type=\"widget\" data-widget_type=\"image.default\">\n\t\t\t\t<div class=\"elementor-widget-container\">\n\t\t\t\t\t\t\t\t\t\t<figure class=\"wp-caption\">\n\t\t\t\t\t\t\t\t\t\t<img loading=\"lazy\" decoding=\"async\" width=\"2000\" height=\"1336\" src=\"https:\/\/www.region-schwabach.de\/wordpress\/wp-content\/uploads\/2018\/07\/Gossas-e1531319730352.jpg\" class=\"attachment-full size-full wp-image-47266\" alt=\"\" \/>\t\t\t\t\t\t\t\t\t\t\t<figcaption class=\"widget-image-caption wp-caption-text\">Spendenprojekt 3: Gossas. Im Dorf Diaaby Kondel soll ein Kindergarten aufgebaut werden. Im Bild: Schwabachs Oberb\u00fcrgermeister Matthias Th\u00fcrauf<\/figcaption>\n\t\t\t\t\t\t\t\t\t\t<\/figure>\n\t\t\t\t\t\t\t<\/div>\n\t\t\t\t<\/div>\n\t\t\t\t\t<\/div>\n\t\t<\/div>\n\t\t\t\t\t<\/div>\n\t\t<\/section>\n\t\t\t\t<\/div>\n\t\t","protected":false},"excerpt":{"rendered":"<div class=\"mh-excerpt\"><p>Rekord: 41 Teams schwimmen im Parkbad f\u00fcr den guten Zweck Spendenschwimmen auf vier Bahnen &#8211; nur noch wenige Einzelstartpl\u00e4tze verf\u00fcgbar Das ist ein neuer Rekord: F\u00fcr das sechste Spendenschwimmen im Schwabacher Parkbad am 21. Juli <a class=\"mh-excerpt-more\" href=\"https:\/\/www.region-schwabach.de\/wordpress\/rekord-41-teams-schwimmen-im-schwabacher-parkbad-fuer-den-guten-zweck\/\" title=\"Rekord: 41 Teams schwimmen im Schwabacher Parkbad f\u00fcr den guten Zweck\">[&#8230;]<\/a><\/p>\n<\/div>","protected":false},"author":1,"featured_media":48328,"comment_status":"open","ping_status":"open","sticky":false,"template":"","format":"standard","meta":{"_cbd_carousel_blocks":"[]","footnotes":""},"categories":[16,1,79,61,231,46],"tags":[4495,5063,941,4497,4496,4499,2546,4500,1480,5054,19,4498,4477],"class_list":{"0":"post-48327","1":"post","2":"type-post","3":"status-publish","4":"format-standard","5":"has-post-thumbnail","7":"category-aktuell","8":"category-allgemein","9":"category-politik","10":"category-rathaus","11":"category-veranstaltungsnews","12":"category-verbaende","13":"tag-21-07-2018","14":"tag-41-teams","15":"tag-angerstrasse","16":"tag-anmeldung","17":"tag-bahnen-ziehen","18":"tag-kitas","19":"tag-parkbad","20":"tag-projekte-in-gossas","21":"tag-rathaus","22":"tag-rekord","23":"tag-schwabach","24":"tag-spendenschwimmen","25":"tag-stadtwerke"},"_links":{"self":[{"href":"https:\/\/www.region-schwabach.de\/wordpress\/wp-json\/wp\/v2\/posts\/48327","targetHints":{"allow":["GET"]}}],"collection":[{"href":"https:\/\/www.region-schwabach.de\/wordpress\/wp-json\/wp\/v2\/posts"}],"about":[{"href":"https:\/\/www.region-schwabach.de\/wordpress\/wp-json\/wp\/v2\/types\/post"}],"author":[{"embeddable":true,"href":"https:\/\/www.region-schwabach.de\/wordpress\/wp-json\/wp\/v2\/users\/1"}],"replies":[{"embeddable":true,"href":"https:\/\/www.region-schwabach.de\/wordpress\/wp-json\/wp\/v2\/comments?post=48327"}],"version-history":[{"count":0,"href":"https:\/\/www.region-schwabach.de\/wordpress\/wp-json\/wp\/v2\/posts\/48327\/revisions"}],"wp:featuredmedia":[{"embeddable":true,"href":"https:\/\/www.region-schwabach.de\/wordpress\/wp-json\/wp\/v2\/media\/48328"}],"wp:attachment":[{"href":"https:\/\/www.region-schwabach.de\/wordpress\/wp-json\/wp\/v2\/media?parent=48327"}],"wp:term":[{"taxonomy":"category","embeddable":true,"href":"https:\/\/www.region-schwabach.de\/wordpress\/wp-json\/wp\/v2\/categories?post=48327"},{"taxonomy":"post_tag","embeddable":true,"href":"https:\/\/www.region-schwabach.de\/wordpress\/wp-json\/wp\/v2\/tags?post=48327"}],"curies":[{"name":"wp","href":"https:\/\/api.w.org\/{rel}","templated":true}]}}