{"id":48371,"date":"2018-07-17T12:27:27","date_gmt":"2018-07-17T10:27:27","guid":{"rendered":"http:\/\/www.region-schwabach.de\/wordpress\/?p=48371"},"modified":"2018-07-17T12:34:05","modified_gmt":"2018-07-17T10:34:05","slug":"toedlicher-verkehrsunfall-auf-der-staatsstrasse-2222-bei-pleinfeld","status":"publish","type":"post","link":"https:\/\/www.region-schwabach.de\/wordpress\/toedlicher-verkehrsunfall-auf-der-staatsstrasse-2222-bei-pleinfeld\/","title":{"rendered":"T\u00f6dlicher Verkehrsunfall auf der Staatsstra\u00dfe 2222 bei Pleinfeld"},"content":{"rendered":"\t\t<div data-elementor-type=\"wp-post\" data-elementor-id=\"48371\" class=\"elementor elementor-48371 elementor-bc-flex-widget\">\n\t\t\t\t\t\t<section class=\"elementor-section elementor-top-section elementor-element elementor-element-1cuv9jr elementor-section-boxed elementor-section-height-default elementor-section-height-default\" data-id=\"1cuv9jr\" data-element_type=\"section\">\n\t\t\t\t\t\t<div class=\"elementor-container elementor-column-gap-default\">\n\t\t\t\t\t<div class=\"elementor-column elementor-col-66 elementor-top-column elementor-element elementor-element-q5zak7b\" data-id=\"q5zak7b\" data-element_type=\"column\">\n\t\t\t<div class=\"elementor-widget-wrap elementor-element-populated\">\n\t\t\t\t\t\t<div class=\"elementor-element elementor-element-86qws23 elementor-widget elementor-widget-text-editor\" data-id=\"86qws23\" data-element_type=\"widget\" data-widget_type=\"text-editor.default\">\n\t\t\t\t<div class=\"elementor-widget-container\">\n\t\t\t\t\t\t\t<h3 class=\"story-headline\"><strong>Schwerer Verkehrsunfall bei Pleinfeld<\/strong><\/h3><p>Wei\u00dfenburg (ots) &#8211; Heute Vormittag (17.07.2018) ereignete sich auf der Staatsstra\u00dfe 2222 s\u00fcdlich von Pleinfeld (Lkrs. Wei\u00dfenburg-Gunzenhausen) ein schwerer Verkehrsunfall, bei dem eine Frau t\u00f6dlich verletzt wurde.<\/p><h3>Kreuzung\u00a0Lauterbrunnenweg \/Staatsstra\u00dfe 2222<\/h3><p>Gegen 08:30 Uhr fuhr die 85-J\u00e4hrige mit ihrem Fiat auf dem Lauterbrunnenweg in s\u00fcdlicher Richtung und wollte in die Staatsstra\u00dfe 2222 einbiegen. Dabei \u00fcbersah sie offenbar einen vorfahrtsberechtigten BMW eines 44-J\u00e4hrigen, der in Richtung Gunzenhausen fuhr. Beim Zusammensto\u00df im Kreuzungsbereich wurde die Frau so schwer verletzt, dass sie trotz Reanimation durch den Rettungsdienst noch an der Unfallstelle verstarb. Der 44-J\u00e4hrige wurde ebenfalls verletzt und vom Rettungsdienst in ein Krankenhaus eingeliefert.<\/p><h3>Gutachter eingeschaltet<\/h3><p>Auf Anordnung der Staatsanwaltschaft wurde zur genauen Kl\u00e4rung der Unfallursache ein Gutachter hinzugezogen. Die Freiwillige Feuerwehr Pleinfeld \u00fcbernahm die Absicherung der Unfallstelle und die Umleitung des Verkehrs aufgrund der Vollsperrung zur Unfallaufnahme. Laut Einsch\u00e4tzung des Gutachters bel\u00e4uft sich der Sachschaden auf etwa 80.000 Euro.<\/p><p><strong>Rainer Seebauer\/n<\/strong><\/p><p>Original-Content von: Polizeipr\u00e4sidium Mittelfranken<\/p>\t\t\t\t\t\t<\/div>\n\t\t\t\t<\/div>\n\t\t\t\t<div class=\"elementor-element elementor-element-ace1283 elementor-widget-divider--view-line elementor-widget elementor-widget-divider\" data-id=\"ace1283\" data-element_type=\"widget\" data-widget_type=\"divider.default\">\n\t\t\t\t<div class=\"elementor-widget-container\">\n\t\t\t\t\t<div class=\"elementor-divider\">\n\t\t\t<span class=\"elementor-divider-separator\">\n\t\t\t\t\t\t<\/span>\n\t\t<\/div>\n\t\t\t\t<\/div>\n\t\t\t\t<\/div>\n\t\t\t\t<div class=\"elementor-element elementor-element-1l7zbzo elementor-widget elementor-widget-google_maps\" data-id=\"1l7zbzo\" data-element_type=\"widget\" data-widget_type=\"google_maps.default\">\n\t\t\t\t<div class=\"elementor-widget-container\">\n\t\t\t\t\t<div class=\"elementor-custom-embed\">\n\t\t\t<iframe loading=\"lazy\"\n\t\t\t\t\tsrc=\"https:\/\/maps.google.com\/maps?q=49.095007%2C%2010.979628&#038;t=m&#038;z=15&#038;output=embed&#038;iwloc=near\"\n\t\t\t\t\ttitle=\"49.095007, 10.979628\"\n\t\t\t\t\taria-label=\"49.095007, 10.979628\"\n\t\t\t><\/iframe>\n\t\t<\/div>\n\t\t\t\t<\/div>\n\t\t\t\t<\/div>\n\t\t\t\t\t<\/div>\n\t\t<\/div>\n\t\t\t\t<div class=\"elementor-column elementor-col-33 elementor-top-column elementor-element elementor-element-0w0urt1\" data-id=\"0w0urt1\" data-element_type=\"column\">\n\t\t\t<div class=\"elementor-widget-wrap elementor-element-populated\">\n\t\t\t\t\t\t<div class=\"elementor-element elementor-element-mo6nk5i elementor-widget elementor-widget-image\" data-id=\"mo6nk5i\" data-element_type=\"widget\" data-widget_type=\"image.default\">\n\t\t\t\t<div class=\"elementor-widget-container\">\n\t\t\t\t\t\t\t\t\t\t\t\t\t\t<a href=\"http:\/\/www.region-schwabach.de\/wordpress\/werben-auf-region-schwabach\/\" target=\"_blank\">\n\t\t\t\t\t\t\t<img fetchpriority=\"high\" decoding=\"async\" width=\"1024\" height=\"1024\" src=\"https:\/\/www.region-schwabach.de\/wordpress\/wp-content\/uploads\/2017\/06\/werbung8-1024x1024.png\" class=\"attachment-large size-large wp-image-2484\" alt=\"\" srcset=\"https:\/\/www.region-schwabach.de\/wordpress\/wp-content\/uploads\/2017\/06\/werbung8-1024x1024.png 1024w, https:\/\/www.region-schwabach.de\/wordpress\/wp-content\/uploads\/2017\/06\/werbung8-150x150.png 150w, https:\/\/www.region-schwabach.de\/wordpress\/wp-content\/uploads\/2017\/06\/werbung8-300x300.png 300w, https:\/\/www.region-schwabach.de\/wordpress\/wp-content\/uploads\/2017\/06\/werbung8-768x768.png 768w, https:\/\/www.region-schwabach.de\/wordpress\/wp-content\/uploads\/2017\/06\/werbung8-600x600.png 600w, https:\/\/www.region-schwabach.de\/wordpress\/wp-content\/uploads\/2017\/06\/werbung8.png 1200w\" sizes=\"(max-width: 1024px) 100vw, 1024px\" \/>\t\t\t\t\t\t\t\t<\/a>\n\t\t\t\t\t\t\t\t\t\t\t\t\t<\/div>\n\t\t\t\t<\/div>\n\t\t\t\t\t<\/div>\n\t\t<\/div>\n\t\t\t\t\t<\/div>\n\t\t<\/section>\n\t\t\t\t<\/div>\n\t\t","protected":false},"excerpt":{"rendered":"<div class=\"mh-excerpt\"><p>Schwerer Verkehrsunfall bei Pleinfeld Wei\u00dfenburg (ots) &#8211; Heute Vormittag (17.07.2018) ereignete sich auf der Staatsstra\u00dfe 2222 s\u00fcdlich von Pleinfeld (Lkrs. Wei\u00dfenburg-Gunzenhausen) ein schwerer Verkehrsunfall, bei dem eine Frau t\u00f6dlich verletzt wurde. Kreuzung\u00a0Lauterbrunnenweg \/Staatsstra\u00dfe 2222 Gegen <a class=\"mh-excerpt-more\" href=\"https:\/\/www.region-schwabach.de\/wordpress\/toedlicher-verkehrsunfall-auf-der-staatsstrasse-2222-bei-pleinfeld\/\" title=\"T\u00f6dlicher Verkehrsunfall auf der Staatsstra\u00dfe 2222 bei Pleinfeld\">[&#8230;]<\/a><\/p>\n<\/div>","protected":false},"author":1,"featured_media":48372,"comment_status":"open","ping_status":"open","sticky":false,"template":"","format":"standard","meta":{"_cbd_carousel_blocks":"[]","footnotes":""},"categories":[16,15],"tags":[4292,1597,296,551,297,1856,1417,5066,463,3393,334,584],"class_list":{"0":"post-48371","1":"post","2":"type-post","3":"status-publish","4":"format-standard","5":"has-post-thumbnail","7":"category-aktuell","8":"category-polizeimeldungen","9":"tag-17-07-2018","10":"tag-bmw","11":"tag-feuerwehr","12":"tag-fiat","13":"tag-hilpoltstein","14":"tag-krankenhaus","15":"tag-kreuzungsbereich","16":"tag-lauterbrunnenweg","17":"tag-pkw","18":"tag-toedlich-verletzt","19":"tag-unfall","20":"tag-zusammenstoss"},"_links":{"self":[{"href":"https:\/\/www.region-schwabach.de\/wordpress\/wp-json\/wp\/v2\/posts\/48371","targetHints":{"allow":["GET"]}}],"collection":[{"href":"https:\/\/www.region-schwabach.de\/wordpress\/wp-json\/wp\/v2\/posts"}],"about":[{"href":"https:\/\/www.region-schwabach.de\/wordpress\/wp-json\/wp\/v2\/types\/post"}],"author":[{"embeddable":true,"href":"https:\/\/www.region-schwabach.de\/wordpress\/wp-json\/wp\/v2\/users\/1"}],"replies":[{"embeddable":true,"href":"https:\/\/www.region-schwabach.de\/wordpress\/wp-json\/wp\/v2\/comments?post=48371"}],"version-history":[{"count":0,"href":"https:\/\/www.region-schwabach.de\/wordpress\/wp-json\/wp\/v2\/posts\/48371\/revisions"}],"wp:featuredmedia":[{"embeddable":true,"href":"https:\/\/www.region-schwabach.de\/wordpress\/wp-json\/wp\/v2\/media\/48372"}],"wp:attachment":[{"href":"https:\/\/www.region-schwabach.de\/wordpress\/wp-json\/wp\/v2\/media?parent=48371"}],"wp:term":[{"taxonomy":"category","embeddable":true,"href":"https:\/\/www.region-schwabach.de\/wordpress\/wp-json\/wp\/v2\/categories?post=48371"},{"taxonomy":"post_tag","embeddable":true,"href":"https:\/\/www.region-schwabach.de\/wordpress\/wp-json\/wp\/v2\/tags?post=48371"}],"curies":[{"name":"wp","href":"https:\/\/api.w.org\/{rel}","templated":true}]}}