{"id":48409,"date":"2018-07-18T00:02:05","date_gmt":"2018-07-17T22:02:05","guid":{"rendered":"http:\/\/www.region-schwabach.de\/wordpress\/?p=48409"},"modified":"2018-07-30T10:36:34","modified_gmt":"2018-07-30T08:36:34","slug":"strasse-martin-luther-platz-vom-18-07-2018-bis-23-07-2018-gesperrt","status":"publish","type":"post","link":"https:\/\/www.region-schwabach.de\/wordpress\/strasse-martin-luther-platz-vom-18-07-2018-bis-23-07-2018-gesperrt\/","title":{"rendered":"Stra\u00dfe &#8222;Martin-Luther-Platz&#8220; vom 18.07.2018 bis 23.07.2018 gesperrt"},"content":{"rendered":"\t\t<div data-elementor-type=\"wp-post\" data-elementor-id=\"48409\" class=\"elementor elementor-48409 elementor-bc-flex-widget\">\n\t\t\t\t\t\t<section class=\"elementor-section elementor-top-section elementor-element elementor-element-1dzeyuh elementor-section-boxed elementor-section-height-default elementor-section-height-default\" data-id=\"1dzeyuh\" data-element_type=\"section\">\n\t\t\t\t\t\t<div class=\"elementor-container elementor-column-gap-default\">\n\t\t\t\t\t<div class=\"elementor-column elementor-col-66 elementor-top-column elementor-element elementor-element-aam59ft\" data-id=\"aam59ft\" data-element_type=\"column\">\n\t\t\t<div class=\"elementor-widget-wrap elementor-element-populated\">\n\t\t\t\t\t\t<div class=\"elementor-element elementor-element-k9p1oyc elementor-widget elementor-widget-text-editor\" data-id=\"k9p1oyc\" data-element_type=\"widget\" data-widget_type=\"text-editor.default\">\n\t\t\t\t<div class=\"elementor-widget-container\">\n\t\t\t\t\t\t\t<h3>Sperrung vom 18. Juli 2018 bis 23. Juli 2018 n\u00f6tig<\/h3><p>Von Mittwoch, den 18.07.2018, bis Montag, den 23.07.2018, kommt es in der Innenstadt von Schwabach wegen des B\u00fcrgerfestes\u00a0zur Sperrung von mehreren Stra\u00dfen, und auch zu Einschr\u00e4nkungen beim Linienverkehr des Stadtverkehrs.<\/p><h3>Folgende Stra\u00dfen sind von der Sperrung betroffen:<\/h3><ul><li>Martin-Lutzer-Platz &#8211; Mittwoch, den 18.07.2018, 07.00 Uhr Uhr bis Montagabend, den 23.07.2018<\/li><li>Bachgasse, Donnerstag, den 19.07.2018, 18.00 Uhr bis Montagabend, den 23.07.2018<\/li><li>Kappadocia zwischen H\u00e4fnersg\u00e4\u00dfchen und Pfarrgasse, Freitag, den 20.07.2018, 15.00 Uhr bis Sonntag, den 22.07.2018<\/li><li>Ludwigstra\u00dfe zwischen N\u00f6rdliche Ringstra\u00dfe und Martin-Luther-Platz am Freitag, den 20.07.2018, von 18.00 Uhr bis 24.00 Uhr, und am Samstag, den 21.07.2018, ab 18.00 Uhr bis Sonntag, den 23.07.2018, bis Betriebsende.<\/li><\/ul><h3>Auch der \u00f6ffentlicher Nahverkehr ist betroffen<\/h3><p>Wegen der Sperrungen Ludwigstra\u00dfe und Martin-Luther-Platz kommt es von Mittwoch, den 18.07.2018, bis Montag, den 23.07.2018 zu Umleitungen im Linienverkehr des Stadtverkehrs, die Haltestelle \u201eRathaus\u201c wird in dieser Zeit nicht angefahren.<\/p><h3>Linien 661 und 668<\/h3><p>Das bedeutet f\u00fcr die Linien 661 und 668: Es kann zu geringf\u00fcgigen Versp\u00e4tungen kommen. Fahrg\u00e4ste, die an der Haltestelle \u201eSpitalberg\u201c zusteigen, werden gebeten, ausnahmsweise direkt am Haltestellenmast vor dem Geb\u00e4ude des Schwabacher Tagblatts zu warten. Ausweichm\u00f6glichkeiten: Haltestellen \u201eSpitalberg\u201c, \u201eSchillerplatz\u201c und \u201eLudwigstra\u00dfe\u201c<\/p><h3>Linie 662<\/h3><p>Das bedeutet f\u00fcr die Linie 662: Ausweichm\u00f6glichkeiten: Haltestellen \u201eAltstadtring S\u00fcd\u201c und \u201eLudwigstra\u00dfe\u201c<\/p><h3>Linie 663<\/h3><p>Das bedeutet f\u00fcr die Linie 663: Ausweichm\u00f6glichkeiten: Haltestellen \u201eSchillerplatz\u201c und \u201eLudwigstra\u00dfe\u201c<\/p><h3>Taxistand verlegt<\/h3><p>Der Taxistand wird von Mittwoch, den 18.07.2018, bis Montag, den 23.07.2018, vom Martin-Luther-Platz in die Rathausgasse verlegt.<\/p>\t\t\t\t\t\t<\/div>\n\t\t\t\t<\/div>\n\t\t\t\t<div class=\"elementor-element elementor-element-rf47wqh elementor-widget elementor-widget-google_maps\" data-id=\"rf47wqh\" data-element_type=\"widget\" data-widget_type=\"google_maps.default\">\n\t\t\t\t<div class=\"elementor-widget-container\">\n\t\t\t\t\t<div class=\"elementor-custom-embed\">\n\t\t\t<iframe loading=\"lazy\"\n\t\t\t\t\tsrc=\"https:\/\/maps.google.com\/maps?q=Martin-Luther-Platz%2C%20Schwabach%2C%20Deutschland&#038;t=m&#038;z=17&#038;output=embed&#038;iwloc=near\"\n\t\t\t\t\ttitle=\"Martin-Luther-Platz, Schwabach, Deutschland\"\n\t\t\t\t\taria-label=\"Martin-Luther-Platz, Schwabach, Deutschland\"\n\t\t\t><\/iframe>\n\t\t<\/div>\n\t\t\t\t<\/div>\n\t\t\t\t<\/div>\n\t\t\t\t\t<\/div>\n\t\t<\/div>\n\t\t\t\t<div class=\"elementor-column elementor-col-33 elementor-top-column elementor-element elementor-element-uferl75\" data-id=\"uferl75\" data-element_type=\"column\">\n\t\t\t<div class=\"elementor-widget-wrap elementor-element-populated\">\n\t\t\t\t\t\t<div class=\"elementor-element elementor-element-xuttsc2 elementor-widget elementor-widget-image\" data-id=\"xuttsc2\" data-element_type=\"widget\" data-widget_type=\"image.default\">\n\t\t\t\t<div class=\"elementor-widget-container\">\n\t\t\t\t\t\t\t\t\t\t\t\t\t<img fetchpriority=\"high\" decoding=\"async\" width=\"300\" height=\"300\" src=\"https:\/\/www.region-schwabach.de\/wordpress\/wp-content\/uploads\/2017\/06\/werbung8-300x300.png\" class=\"attachment-medium size-medium wp-image-2484\" alt=\"\" srcset=\"https:\/\/www.region-schwabach.de\/wordpress\/wp-content\/uploads\/2017\/06\/werbung8-300x300.png 300w, https:\/\/www.region-schwabach.de\/wordpress\/wp-content\/uploads\/2017\/06\/werbung8-150x150.png 150w, https:\/\/www.region-schwabach.de\/wordpress\/wp-content\/uploads\/2017\/06\/werbung8-768x768.png 768w, https:\/\/www.region-schwabach.de\/wordpress\/wp-content\/uploads\/2017\/06\/werbung8-1024x1024.png 1024w, https:\/\/www.region-schwabach.de\/wordpress\/wp-content\/uploads\/2017\/06\/werbung8-600x600.png 600w, https:\/\/www.region-schwabach.de\/wordpress\/wp-content\/uploads\/2017\/06\/werbung8.png 1200w\" sizes=\"(max-width: 300px) 100vw, 300px\" \/>\t\t\t\t\t\t\t\t\t\t\t\t\t<\/div>\n\t\t\t\t<\/div>\n\t\t\t\t\t<\/div>\n\t\t<\/div>\n\t\t\t\t\t<\/div>\n\t\t<\/section>\n\t\t\t\t<\/div>\n\t\t","protected":false},"excerpt":{"rendered":"<div class=\"mh-excerpt\"><p>Sperrung vom 18. Juli 2018 bis 23. Juli 2018 n\u00f6tig Von Mittwoch, den 18.07.2018, bis Montag, den 23.07.2018, kommt es in der Innenstadt von Schwabach wegen des B\u00fcrgerfestes\u00a0zur Sperrung von mehreren Stra\u00dfen, und auch zu <a class=\"mh-excerpt-more\" href=\"https:\/\/www.region-schwabach.de\/wordpress\/strasse-martin-luther-platz-vom-18-07-2018-bis-23-07-2018-gesperrt\/\" title=\"Stra\u00dfe &#8222;Martin-Luther-Platz&#8220; vom 18.07.2018 bis 23.07.2018 gesperrt\">[&#8230;]<\/a><\/p>\n<\/div>","protected":false},"author":1,"featured_media":48410,"comment_status":"open","ping_status":"open","sticky":false,"template":"template-full.php","format":"standard","meta":{"_cbd_carousel_blocks":"[]","footnotes":""},"categories":[16,14],"tags":[343,177,1913,2029,523,19,276],"class_list":{"0":"post-48409","1":"post","2":"type-post","3":"status-publish","4":"format-standard","5":"has-post-thumbnail","7":"category-aktuell","8":"category-verkehrsinfos","9":"tag-bachgasse","10":"tag-buergerfest","11":"tag-kappadocia","12":"tag-ludwigstrasse","13":"tag-martin-luther-platz","14":"tag-schwabach","15":"tag-sperrung"},"_links":{"self":[{"href":"https:\/\/www.region-schwabach.de\/wordpress\/wp-json\/wp\/v2\/posts\/48409","targetHints":{"allow":["GET"]}}],"collection":[{"href":"https:\/\/www.region-schwabach.de\/wordpress\/wp-json\/wp\/v2\/posts"}],"about":[{"href":"https:\/\/www.region-schwabach.de\/wordpress\/wp-json\/wp\/v2\/types\/post"}],"author":[{"embeddable":true,"href":"https:\/\/www.region-schwabach.de\/wordpress\/wp-json\/wp\/v2\/users\/1"}],"replies":[{"embeddable":true,"href":"https:\/\/www.region-schwabach.de\/wordpress\/wp-json\/wp\/v2\/comments?post=48409"}],"version-history":[{"count":0,"href":"https:\/\/www.region-schwabach.de\/wordpress\/wp-json\/wp\/v2\/posts\/48409\/revisions"}],"wp:featuredmedia":[{"embeddable":true,"href":"https:\/\/www.region-schwabach.de\/wordpress\/wp-json\/wp\/v2\/media\/48410"}],"wp:attachment":[{"href":"https:\/\/www.region-schwabach.de\/wordpress\/wp-json\/wp\/v2\/media?parent=48409"}],"wp:term":[{"taxonomy":"category","embeddable":true,"href":"https:\/\/www.region-schwabach.de\/wordpress\/wp-json\/wp\/v2\/categories?post=48409"},{"taxonomy":"post_tag","embeddable":true,"href":"https:\/\/www.region-schwabach.de\/wordpress\/wp-json\/wp\/v2\/tags?post=48409"}],"curies":[{"name":"wp","href":"https:\/\/api.w.org\/{rel}","templated":true}]}}