{"id":48449,"date":"2018-07-18T14:26:20","date_gmt":"2018-07-18T12:26:20","guid":{"rendered":"http:\/\/www.region-schwabach.de\/wordpress\/?p=48449"},"modified":"2018-07-18T14:41:08","modified_gmt":"2018-07-18T12:41:08","slug":"geschwindigkeitskontrollen-in-wassermungenau-und-auf-der-staatsstrasse-2223","status":"publish","type":"post","link":"https:\/\/www.region-schwabach.de\/wordpress\/geschwindigkeitskontrollen-in-wassermungenau-und-auf-der-staatsstrasse-2223\/","title":{"rendered":"Geschwindigkeitskontrollen in Wassermungenau und auf der Staatsstra\u00dfe 2223"},"content":{"rendered":"\t\t<div data-elementor-type=\"wp-post\" data-elementor-id=\"48449\" class=\"elementor elementor-48449 elementor-bc-flex-widget\">\n\t\t\t\t\t\t<section class=\"elementor-section elementor-top-section elementor-element elementor-element-1cuv9jr elementor-section-boxed elementor-section-height-default elementor-section-height-default\" data-id=\"1cuv9jr\" data-element_type=\"section\">\n\t\t\t\t\t\t<div class=\"elementor-container elementor-column-gap-default\">\n\t\t\t\t\t<div class=\"elementor-column elementor-col-66 elementor-top-column elementor-element elementor-element-q5zak7b\" data-id=\"q5zak7b\" data-element_type=\"column\">\n\t\t\t<div class=\"elementor-widget-wrap elementor-element-populated\">\n\t\t\t\t\t\t<div class=\"elementor-element elementor-element-86qws23 elementor-widget elementor-widget-text-editor\" data-id=\"86qws23\" data-element_type=\"widget\" data-widget_type=\"text-editor.default\">\n\t\t\t\t<div class=\"elementor-widget-container\">\n\t\t\t\t\t\t\t<h3 class=\"story-headline\">Geschwindigkeitsmessungen im Einzugsgebiet der PI Roth<\/h3><div class=\"grid-row\"><div class=\"grid-col-3\"><div class=\"story-meta\"><h3>Staatsstra\u00dfe 2223<\/h3><p>Georgensgm\u00fcnd &#8211; Am Dienstag, den 17.07.2018, f\u00fchrte die Verkehrspolizei zwischen 15.45 Uhr und 20.15 Uhr auf der Staatsstra\u00dfe 2223 zwischen der B 2 und Georgensgm\u00fcnd eine Geschwindigkeitskontrolle durch, bei der von den ca. 1.500 erfassten Fahrzeugen 75 mit \u00fcberh\u00f6htem Tempo &#8211; der sogar Spitzenreitermit 156 km\/h, (bei erlaubten 100 km\/h) &#8211; unterwegs waren.<\/p><p>50 der 75 Verkehrsteilnehmer kommen noch mit einer Verwarnung davon, 25 Fahrer bzw. Fahrerinnen erwartet jedoch neben einem Bu\u00dfgeld auch ein Fahrverbot.<\/p><h3>Abenberger Ortsteil Wassermungenau<\/h3><p>Abenberg &#8211; Am Mittwochvormittag, den 17.07.2018, war die Polizei im Abenberger Ortsteil Wassermungenau bei einer Geschwindigkeitsmessung im Einsatz. Die dort erlaubten 50 km\/h missachteten dabei 28 Fahrzeuglenker, allerdings waren nur zwei Verkehrsteilnehmer so schnell unterwegs, da\u00df sie in n\u00e4chster Zeit auf ihren F\u00fchrerschein verzichten m\u00fcssen.<\/p><\/div><\/div><\/div>\t\t\t\t\t\t<\/div>\n\t\t\t\t<\/div>\n\t\t\t\t<div class=\"elementor-element elementor-element-ace1283 elementor-widget-divider--view-line elementor-widget elementor-widget-divider\" data-id=\"ace1283\" data-element_type=\"widget\" data-widget_type=\"divider.default\">\n\t\t\t\t<div class=\"elementor-widget-container\">\n\t\t\t\t\t<div class=\"elementor-divider\">\n\t\t\t<span class=\"elementor-divider-separator\">\n\t\t\t\t\t\t<\/span>\n\t\t<\/div>\n\t\t\t\t<\/div>\n\t\t\t\t<\/div>\n\t\t\t\t<div class=\"elementor-element elementor-element-1l7zbzo elementor-widget elementor-widget-google_maps\" data-id=\"1l7zbzo\" data-element_type=\"widget\" data-widget_type=\"google_maps.default\">\n\t\t\t\t<div class=\"elementor-widget-container\">\n\t\t\t\t\t<div class=\"elementor-custom-embed\">\n\t\t\t<iframe loading=\"lazy\"\n\t\t\t\t\tsrc=\"https:\/\/maps.google.com\/maps?q=49.174311%2C%2011.049363&#038;t=m&#038;z=13&#038;output=embed&#038;iwloc=near\"\n\t\t\t\t\ttitle=\"49.174311, 11.049363\"\n\t\t\t\t\taria-label=\"49.174311, 11.049363\"\n\t\t\t><\/iframe>\n\t\t<\/div>\n\t\t\t\t<\/div>\n\t\t\t\t<\/div>\n\t\t\t\t<div class=\"elementor-element elementor-element-ff892ed elementor-widget elementor-widget-google_maps\" data-id=\"ff892ed\" data-element_type=\"widget\" data-widget_type=\"google_maps.default\">\n\t\t\t\t<div class=\"elementor-widget-container\">\n\t\t\t\t\t<div class=\"elementor-custom-embed\">\n\t\t\t<iframe loading=\"lazy\"\n\t\t\t\t\tsrc=\"https:\/\/maps.google.com\/maps?q=Wassermungenau%2C%20Abenberg%2C%20Deutschland&#038;t=m&#038;z=14&#038;output=embed&#038;iwloc=near\"\n\t\t\t\t\ttitle=\"Wassermungenau, Abenberg, Deutschland\"\n\t\t\t\t\taria-label=\"Wassermungenau, Abenberg, Deutschland\"\n\t\t\t><\/iframe>\n\t\t<\/div>\n\t\t\t\t<\/div>\n\t\t\t\t<\/div>\n\t\t\t\t\t<\/div>\n\t\t<\/div>\n\t\t\t\t<div class=\"elementor-column elementor-col-33 elementor-top-column elementor-element elementor-element-0w0urt1\" data-id=\"0w0urt1\" data-element_type=\"column\">\n\t\t\t<div class=\"elementor-widget-wrap elementor-element-populated\">\n\t\t\t\t\t\t<div class=\"elementor-element elementor-element-mo6nk5i elementor-widget elementor-widget-image\" data-id=\"mo6nk5i\" data-element_type=\"widget\" data-widget_type=\"image.default\">\n\t\t\t\t<div class=\"elementor-widget-container\">\n\t\t\t\t\t\t\t\t\t\t\t\t\t\t<a href=\"http:\/\/www.region-schwabach.de\/wordpress\/werben-auf-region-schwabach\/\" target=\"_blank\">\n\t\t\t\t\t\t\t<img fetchpriority=\"high\" decoding=\"async\" width=\"1024\" height=\"1024\" src=\"https:\/\/www.region-schwabach.de\/wordpress\/wp-content\/uploads\/2017\/06\/werbung8-1024x1024.png\" class=\"attachment-large size-large wp-image-2484\" alt=\"\" srcset=\"https:\/\/www.region-schwabach.de\/wordpress\/wp-content\/uploads\/2017\/06\/werbung8-1024x1024.png 1024w, https:\/\/www.region-schwabach.de\/wordpress\/wp-content\/uploads\/2017\/06\/werbung8-150x150.png 150w, https:\/\/www.region-schwabach.de\/wordpress\/wp-content\/uploads\/2017\/06\/werbung8-300x300.png 300w, https:\/\/www.region-schwabach.de\/wordpress\/wp-content\/uploads\/2017\/06\/werbung8-768x768.png 768w, https:\/\/www.region-schwabach.de\/wordpress\/wp-content\/uploads\/2017\/06\/werbung8-600x600.png 600w, https:\/\/www.region-schwabach.de\/wordpress\/wp-content\/uploads\/2017\/06\/werbung8.png 1200w\" sizes=\"(max-width: 1024px) 100vw, 1024px\" \/>\t\t\t\t\t\t\t\t<\/a>\n\t\t\t\t\t\t\t\t\t\t\t\t\t<\/div>\n\t\t\t\t<\/div>\n\t\t\t\t\t<\/div>\n\t\t<\/div>\n\t\t\t\t\t<\/div>\n\t\t<\/section>\n\t\t\t\t<\/div>\n\t\t","protected":false},"excerpt":{"rendered":"<div class=\"mh-excerpt\"><p>Geschwindigkeitsmessungen im Einzugsgebiet der PI Roth Staatsstra\u00dfe 2223 Georgensgm\u00fcnd &#8211; Am Dienstag, den 17.07.2018, f\u00fchrte die Verkehrspolizei zwischen 15.45 Uhr und 20.15 Uhr auf der Staatsstra\u00dfe 2223 zwischen der B 2 und Georgensgm\u00fcnd eine Geschwindigkeitskontrolle <a class=\"mh-excerpt-more\" href=\"https:\/\/www.region-schwabach.de\/wordpress\/geschwindigkeitskontrollen-in-wassermungenau-und-auf-der-staatsstrasse-2223\/\" title=\"Geschwindigkeitskontrollen in Wassermungenau und auf der Staatsstra\u00dfe 2223\">[&#8230;]<\/a><\/p>\n<\/div>","protected":false},"author":1,"featured_media":48450,"comment_status":"open","ping_status":"open","sticky":false,"template":"","format":"standard","meta":{"_cbd_carousel_blocks":"[]","footnotes":""},"categories":[15],"tags":[4292,578,429,1018,527,5088,981,32,2338,1388,1042],"class_list":{"0":"post-48449","1":"post","2":"type-post","3":"status-publish","4":"format-standard","5":"has-post-thumbnail","7":"category-polizeimeldungen","8":"tag-17-07-2018","9":"tag-abenberg","10":"tag-b2","11":"tag-fahrverbot","12":"tag-georgensgmuend","13":"tag-geschwindigkeitskontrollen","14":"tag-polizei","15":"tag-roth","16":"tag-staatsstrasse-2223","17":"tag-verwarnung","18":"tag-wassermungenau"},"_links":{"self":[{"href":"https:\/\/www.region-schwabach.de\/wordpress\/wp-json\/wp\/v2\/posts\/48449","targetHints":{"allow":["GET"]}}],"collection":[{"href":"https:\/\/www.region-schwabach.de\/wordpress\/wp-json\/wp\/v2\/posts"}],"about":[{"href":"https:\/\/www.region-schwabach.de\/wordpress\/wp-json\/wp\/v2\/types\/post"}],"author":[{"embeddable":true,"href":"https:\/\/www.region-schwabach.de\/wordpress\/wp-json\/wp\/v2\/users\/1"}],"replies":[{"embeddable":true,"href":"https:\/\/www.region-schwabach.de\/wordpress\/wp-json\/wp\/v2\/comments?post=48449"}],"version-history":[{"count":0,"href":"https:\/\/www.region-schwabach.de\/wordpress\/wp-json\/wp\/v2\/posts\/48449\/revisions"}],"wp:featuredmedia":[{"embeddable":true,"href":"https:\/\/www.region-schwabach.de\/wordpress\/wp-json\/wp\/v2\/media\/48450"}],"wp:attachment":[{"href":"https:\/\/www.region-schwabach.de\/wordpress\/wp-json\/wp\/v2\/media?parent=48449"}],"wp:term":[{"taxonomy":"category","embeddable":true,"href":"https:\/\/www.region-schwabach.de\/wordpress\/wp-json\/wp\/v2\/categories?post=48449"},{"taxonomy":"post_tag","embeddable":true,"href":"https:\/\/www.region-schwabach.de\/wordpress\/wp-json\/wp\/v2\/tags?post=48449"}],"curies":[{"name":"wp","href":"https:\/\/api.w.org\/{rel}","templated":true}]}}