{"id":48556,"date":"2018-07-19T19:32:49","date_gmt":"2018-07-19T17:32:49","guid":{"rendered":"http:\/\/www.region-schwabach.de\/wordpress\/?p=48556"},"modified":"2018-07-19T21:07:40","modified_gmt":"2018-07-19T19:07:40","slug":"weissenburger-autodieb-noch-vor-der-entdeckung-der-tat-verhaftet","status":"publish","type":"post","link":"https:\/\/www.region-schwabach.de\/wordpress\/weissenburger-autodieb-noch-vor-der-entdeckung-der-tat-verhaftet\/","title":{"rendered":"Wei\u00dfenburger Autodieb noch vor der Entdeckung der Tat verhaftet"},"content":{"rendered":"\t\t<div data-elementor-type=\"wp-post\" data-elementor-id=\"48556\" class=\"elementor elementor-48556 elementor-bc-flex-widget\">\n\t\t\t\t\t\t<section class=\"elementor-section elementor-top-section elementor-element elementor-element-1cuv9jr elementor-section-boxed elementor-section-height-default elementor-section-height-default\" data-id=\"1cuv9jr\" data-element_type=\"section\">\n\t\t\t\t\t\t<div class=\"elementor-container elementor-column-gap-default\">\n\t\t\t\t\t<div class=\"elementor-column elementor-col-66 elementor-top-column elementor-element elementor-element-q5zak7b\" data-id=\"q5zak7b\" data-element_type=\"column\">\n\t\t\t<div class=\"elementor-widget-wrap elementor-element-populated\">\n\t\t\t\t\t\t<div class=\"elementor-element elementor-element-86qws23 elementor-widget elementor-widget-text-editor\" data-id=\"86qws23\" data-element_type=\"widget\" data-widget_type=\"text-editor.default\">\n\t\t\t\t<div class=\"elementor-widget-container\">\n\t\t\t\t\t\t\t<h3 class=\"story-headline\">Mutma\u00dflicher Autodieb bei Dresden festgenommen<\/h3><p>Wei\u00dfenburg \/ Ansbach \/ Dresden (ots)\u00a0&#8211; Im Zeitraum von Samstagmittag (14.07.2018) bis Mittwochmorgen (18.07.2018) entwendete ein zun\u00e4chst Unbekannter einen VW Multivan in Wei\u00dfenburg (Lkrs. Wei\u00dfenburg &#8211; Gunzenhausen). Der mutma\u00dfliche Autodieb konnte bei Dresden festgenommen werden.<\/p><h3>Wilde Verfolgungsjagd<\/h3><p>Den Beamten der Dresdener Kriminalpolizei fiel am Mittwochmorgen ein VW (T 5) Multivan auf, welcher auf der Autobahn in Richtung Osten fuhr. Einer polizeilichen Kontrolle versuchte sich der Fahrer des VW-Busses (gesch\u00e4tzter Zeitwert circa 30.000 Euro) zu entziehen. Hierbei versuchte er, Polizeifahrzeuge abzudr\u00e4ngen. Letztendlich stellte er das Fahrzeug am linken Fahrstreifen der Autobahn ab und fl\u00fcchtete zun\u00e4chst zu Fu\u00df \u00fcber die Gegenfahrbahn in einen Acker. Der Mann wurde eingeholt und festgenommen.<\/p><h3>Fahrzeug war kurz vorher in Wei\u00dfenburg gestohlen worden<\/h3><p>Die weiteren Ermittlungen ergaben, dass das Fahrzeug von dem Gel\u00e4nde eines Autohauses in Wei\u00dfenburg entwendet wurde. Der Diebstahl war zum Zeitpunkt der Festnahme noch nicht bemerkt worden.<\/p><p>Gegen den 38-j\u00e4hrigen polnischen Tatverd\u00e4chtigen wurden entsprechende Ermittlungsverfahren eingeleitet. Er wird auf Antrag der Ansbacher Staatsanwaltschaft dem Ermittlungsrichter zur Pr\u00fcfung der Haftfrage vorgef\u00fchrt. Das Fahrzeug wird dem rechtm\u00e4\u00dfigen Eigent\u00fcmer wieder zugeleitet.<\/p><p><strong>Michael Petzold \/gh<\/strong><\/p><p>Original-Content von: Polizeipr\u00e4sidium Mittelfranken<\/p>\t\t\t\t\t\t<\/div>\n\t\t\t\t<\/div>\n\t\t\t\t<div class=\"elementor-element elementor-element-ace1283 elementor-widget-divider--view-line elementor-widget elementor-widget-divider\" data-id=\"ace1283\" data-element_type=\"widget\" data-widget_type=\"divider.default\">\n\t\t\t\t<div class=\"elementor-widget-container\">\n\t\t\t\t\t<div class=\"elementor-divider\">\n\t\t\t<span class=\"elementor-divider-separator\">\n\t\t\t\t\t\t<\/span>\n\t\t<\/div>\n\t\t\t\t<\/div>\n\t\t\t\t<\/div>\n\t\t\t\t<div class=\"elementor-element elementor-element-1l7zbzo elementor-widget elementor-widget-google_maps\" data-id=\"1l7zbzo\" data-element_type=\"widget\" data-widget_type=\"google_maps.default\">\n\t\t\t\t<div class=\"elementor-widget-container\">\n\t\t\t\t\t<div class=\"elementor-custom-embed\">\n\t\t\t<iframe loading=\"lazy\"\n\t\t\t\t\tsrc=\"https:\/\/maps.google.com\/maps?q=Wei%C3%9Fenburg%2C%20Deutschland&#038;t=m&#038;z=15&#038;output=embed&#038;iwloc=near\"\n\t\t\t\t\ttitle=\"Wei\u00dfenburg, Deutschland\"\n\t\t\t\t\taria-label=\"Wei\u00dfenburg, Deutschland\"\n\t\t\t><\/iframe>\n\t\t<\/div>\n\t\t\t\t<\/div>\n\t\t\t\t<\/div>\n\t\t\t\t\t<\/div>\n\t\t<\/div>\n\t\t\t\t<div class=\"elementor-column elementor-col-33 elementor-top-column elementor-element elementor-element-0w0urt1\" data-id=\"0w0urt1\" data-element_type=\"column\">\n\t\t\t<div class=\"elementor-widget-wrap elementor-element-populated\">\n\t\t\t\t\t\t<div class=\"elementor-element elementor-element-mo6nk5i elementor-widget elementor-widget-image\" data-id=\"mo6nk5i\" data-element_type=\"widget\" data-widget_type=\"image.default\">\n\t\t\t\t<div class=\"elementor-widget-container\">\n\t\t\t\t\t\t\t\t\t\t\t\t\t\t<a href=\"http:\/\/www.region-schwabach.de\/wordpress\/werben-auf-region-schwabach\/\" target=\"_blank\">\n\t\t\t\t\t\t\t<img fetchpriority=\"high\" decoding=\"async\" width=\"1024\" height=\"1024\" src=\"https:\/\/www.region-schwabach.de\/wordpress\/wp-content\/uploads\/2017\/06\/werbung8-1024x1024.png\" class=\"attachment-large size-large wp-image-2484\" alt=\"\" srcset=\"https:\/\/www.region-schwabach.de\/wordpress\/wp-content\/uploads\/2017\/06\/werbung8-1024x1024.png 1024w, https:\/\/www.region-schwabach.de\/wordpress\/wp-content\/uploads\/2017\/06\/werbung8-150x150.png 150w, https:\/\/www.region-schwabach.de\/wordpress\/wp-content\/uploads\/2017\/06\/werbung8-300x300.png 300w, https:\/\/www.region-schwabach.de\/wordpress\/wp-content\/uploads\/2017\/06\/werbung8-768x768.png 768w, https:\/\/www.region-schwabach.de\/wordpress\/wp-content\/uploads\/2017\/06\/werbung8-600x600.png 600w, https:\/\/www.region-schwabach.de\/wordpress\/wp-content\/uploads\/2017\/06\/werbung8.png 1200w\" sizes=\"(max-width: 1024px) 100vw, 1024px\" \/>\t\t\t\t\t\t\t\t<\/a>\n\t\t\t\t\t\t\t\t\t\t\t\t\t<\/div>\n\t\t\t\t<\/div>\n\t\t\t\t\t<\/div>\n\t\t<\/div>\n\t\t\t\t\t<\/div>\n\t\t<\/section>\n\t\t\t\t<\/div>\n\t\t","protected":false},"excerpt":{"rendered":"<div class=\"mh-excerpt\"><p>Mutma\u00dflicher Autodieb bei Dresden festgenommen Wei\u00dfenburg \/ Ansbach \/ Dresden (ots)\u00a0&#8211; Im Zeitraum von Samstagmittag (14.07.2018) bis Mittwochmorgen (18.07.2018) entwendete ein zun\u00e4chst Unbekannter einen VW Multivan in Wei\u00dfenburg (Lkrs. Wei\u00dfenburg &#8211; Gunzenhausen). Der mutma\u00dfliche Autodieb <a class=\"mh-excerpt-more\" href=\"https:\/\/www.region-schwabach.de\/wordpress\/weissenburger-autodieb-noch-vor-der-entdeckung-der-tat-verhaftet\/\" title=\"Wei\u00dfenburger Autodieb noch vor der Entdeckung der Tat verhaftet\">[&#8230;]<\/a><\/p>\n<\/div>","protected":false},"author":1,"featured_media":48560,"comment_status":"open","ping_status":"open","sticky":false,"template":"","format":"standard","meta":{"_cbd_carousel_blocks":"[]","footnotes":""},"categories":[15],"tags":[4289,4290,4291,4292,4293,610,30,43,29,981,28,249],"class_list":{"0":"post-48556","1":"post","2":"type-post","3":"status-publish","4":"format-standard","5":"has-post-thumbnail","7":"category-polizeimeldungen","8":"tag-14-07-2018","9":"tag-15-07-2018","10":"tag-16-07-2018","11":"tag-17-07-2018","12":"tag-18-07-2018","13":"tag-autohaus","14":"tag-diebstahl","15":"tag-festnahme","16":"tag-multivan","17":"tag-polizei","18":"tag-vw-bus","19":"tag-weissenburg"},"_links":{"self":[{"href":"https:\/\/www.region-schwabach.de\/wordpress\/wp-json\/wp\/v2\/posts\/48556","targetHints":{"allow":["GET"]}}],"collection":[{"href":"https:\/\/www.region-schwabach.de\/wordpress\/wp-json\/wp\/v2\/posts"}],"about":[{"href":"https:\/\/www.region-schwabach.de\/wordpress\/wp-json\/wp\/v2\/types\/post"}],"author":[{"embeddable":true,"href":"https:\/\/www.region-schwabach.de\/wordpress\/wp-json\/wp\/v2\/users\/1"}],"replies":[{"embeddable":true,"href":"https:\/\/www.region-schwabach.de\/wordpress\/wp-json\/wp\/v2\/comments?post=48556"}],"version-history":[{"count":0,"href":"https:\/\/www.region-schwabach.de\/wordpress\/wp-json\/wp\/v2\/posts\/48556\/revisions"}],"wp:featuredmedia":[{"embeddable":true,"href":"https:\/\/www.region-schwabach.de\/wordpress\/wp-json\/wp\/v2\/media\/48560"}],"wp:attachment":[{"href":"https:\/\/www.region-schwabach.de\/wordpress\/wp-json\/wp\/v2\/media?parent=48556"}],"wp:term":[{"taxonomy":"category","embeddable":true,"href":"https:\/\/www.region-schwabach.de\/wordpress\/wp-json\/wp\/v2\/categories?post=48556"},{"taxonomy":"post_tag","embeddable":true,"href":"https:\/\/www.region-schwabach.de\/wordpress\/wp-json\/wp\/v2\/tags?post=48556"}],"curies":[{"name":"wp","href":"https:\/\/api.w.org\/{rel}","templated":true}]}}