{"id":48564,"date":"2018-07-20T10:21:25","date_gmt":"2018-07-20T08:21:25","guid":{"rendered":"http:\/\/www.region-schwabach.de\/wordpress\/?p=48564"},"modified":"2018-07-20T10:35:17","modified_gmt":"2018-07-20T08:35:17","slug":"zwei-motorradfahrer-bei-allersberg-schwer-verletzt","status":"publish","type":"post","link":"https:\/\/www.region-schwabach.de\/wordpress\/zwei-motorradfahrer-bei-allersberg-schwer-verletzt\/","title":{"rendered":"Zwei Motorradfahrer bei Allersberg schwer verletzt"},"content":{"rendered":"\t\t<div data-elementor-type=\"wp-post\" data-elementor-id=\"48564\" class=\"elementor elementor-48564 elementor-bc-flex-widget\">\n\t\t\t\t\t\t<section class=\"elementor-section elementor-top-section elementor-element elementor-element-1cuv9jr elementor-section-boxed elementor-section-height-default elementor-section-height-default\" data-id=\"1cuv9jr\" data-element_type=\"section\">\n\t\t\t\t\t\t<div class=\"elementor-container elementor-column-gap-default\">\n\t\t\t\t\t<div class=\"elementor-column elementor-col-66 elementor-top-column elementor-element elementor-element-q5zak7b\" data-id=\"q5zak7b\" data-element_type=\"column\">\n\t\t\t<div class=\"elementor-widget-wrap elementor-element-populated\">\n\t\t\t\t\t\t<div class=\"elementor-element elementor-element-86qws23 elementor-widget elementor-widget-text-editor\" data-id=\"86qws23\" data-element_type=\"widget\" data-widget_type=\"text-editor.default\">\n\t\t\t\t<div class=\"elementor-widget-container\">\n\t\t\t\t\t\t\t<h3 class=\"story-headline\">Schwerer Motorradunfall bei Guggenm\u00fchle<\/h3><div class=\"grid-row\"><div class=\"grid-col-3\"><div class=\"story-meta\"><p>Allersberg &#8211; Am Donnerstagabend, den 19.07.2018, ereignete sich auf der Staatsstra\u00dfe von Allersberg nach Roth ein schwerer Unfall, als eine 67-j\u00e4hrige PKW-Fahrerin von der Guggenm\u00fchle nach links in die Staatsstra\u00dfe einbiegen wollte, und dabei einen 25-j\u00e4hrigen Motorradfahrer auf der Staatstra\u00dfe in Richtung Roth \u00fcbersah.<\/p><h3>Zwei Schwerverletzte, 45.000 Euro Sachschaden<\/h3><p>Bei dem folgenden Zusammensto\u00df wurden sowohl der Motorradfahrer, als auch seine 26-j\u00e4hrige Begleiterin vom Krad geschleudert, und blieben anschlie\u00dfend reglos in einer angrenzenden Wiese liegen. Beide mu\u00dften mit schweren Verletzungen ins Krankenhaus nach N\u00fcrnberg gebracht werden, w\u00e4hrend die Unfallverursacherin unverletzt blieb. An den beiden Fahrzeugen, welche die Staatsanwaltschaft zu weiteren Untersuchungen sicherstellte, entstand ein Sachschaden in H\u00f6he von ca. 45.000 Euro.<\/p><\/div><\/div><\/div>\t\t\t\t\t\t<\/div>\n\t\t\t\t<\/div>\n\t\t\t\t<div class=\"elementor-element elementor-element-ace1283 elementor-widget-divider--view-line elementor-widget elementor-widget-divider\" data-id=\"ace1283\" data-element_type=\"widget\" data-widget_type=\"divider.default\">\n\t\t\t\t<div class=\"elementor-widget-container\">\n\t\t\t\t\t<div class=\"elementor-divider\">\n\t\t\t<span class=\"elementor-divider-separator\">\n\t\t\t\t\t\t<\/span>\n\t\t<\/div>\n\t\t\t\t<\/div>\n\t\t\t\t<\/div>\n\t\t\t\t<div class=\"elementor-element elementor-element-1l7zbzo elementor-widget elementor-widget-google_maps\" data-id=\"1l7zbzo\" data-element_type=\"widget\" data-widget_type=\"google_maps.default\">\n\t\t\t\t<div class=\"elementor-widget-container\">\n\t\t\t\t\t<div class=\"elementor-custom-embed\">\n\t\t\t<iframe loading=\"lazy\"\n\t\t\t\t\tsrc=\"https:\/\/maps.google.com\/maps?q=49.251984%2C%2011.190698&#038;t=m&#038;z=15&#038;output=embed&#038;iwloc=near\"\n\t\t\t\t\ttitle=\"49.251984, 11.190698\"\n\t\t\t\t\taria-label=\"49.251984, 11.190698\"\n\t\t\t><\/iframe>\n\t\t<\/div>\n\t\t\t\t<\/div>\n\t\t\t\t<\/div>\n\t\t\t\t\t<\/div>\n\t\t<\/div>\n\t\t\t\t<div class=\"elementor-column elementor-col-33 elementor-top-column elementor-element elementor-element-0w0urt1\" data-id=\"0w0urt1\" data-element_type=\"column\">\n\t\t\t<div class=\"elementor-widget-wrap elementor-element-populated\">\n\t\t\t\t\t\t<div class=\"elementor-element elementor-element-mo6nk5i elementor-widget elementor-widget-image\" data-id=\"mo6nk5i\" data-element_type=\"widget\" data-widget_type=\"image.default\">\n\t\t\t\t<div class=\"elementor-widget-container\">\n\t\t\t\t\t\t\t\t\t\t\t\t\t\t<a href=\"http:\/\/www.region-schwabach.de\/wordpress\/werben-auf-region-schwabach\/\" target=\"_blank\">\n\t\t\t\t\t\t\t<img fetchpriority=\"high\" decoding=\"async\" width=\"1024\" height=\"1024\" src=\"https:\/\/www.region-schwabach.de\/wordpress\/wp-content\/uploads\/2017\/06\/werbung8-1024x1024.png\" class=\"attachment-large size-large wp-image-2484\" alt=\"\" srcset=\"https:\/\/www.region-schwabach.de\/wordpress\/wp-content\/uploads\/2017\/06\/werbung8-1024x1024.png 1024w, https:\/\/www.region-schwabach.de\/wordpress\/wp-content\/uploads\/2017\/06\/werbung8-150x150.png 150w, https:\/\/www.region-schwabach.de\/wordpress\/wp-content\/uploads\/2017\/06\/werbung8-300x300.png 300w, https:\/\/www.region-schwabach.de\/wordpress\/wp-content\/uploads\/2017\/06\/werbung8-768x768.png 768w, https:\/\/www.region-schwabach.de\/wordpress\/wp-content\/uploads\/2017\/06\/werbung8-600x600.png 600w, https:\/\/www.region-schwabach.de\/wordpress\/wp-content\/uploads\/2017\/06\/werbung8.png 1200w\" sizes=\"(max-width: 1024px) 100vw, 1024px\" \/>\t\t\t\t\t\t\t\t<\/a>\n\t\t\t\t\t\t\t\t\t\t\t\t\t<\/div>\n\t\t\t\t<\/div>\n\t\t\t\t\t<\/div>\n\t\t<\/div>\n\t\t\t\t\t<\/div>\n\t\t<\/section>\n\t\t\t\t<\/div>\n\t\t","protected":false},"excerpt":{"rendered":"<div class=\"mh-excerpt\"><p>Schwerer Motorradunfall bei Guggenm\u00fchle Allersberg &#8211; Am Donnerstagabend, den 19.07.2018, ereignete sich auf der Staatsstra\u00dfe von Allersberg nach Roth ein schwerer Unfall, als eine 67-j\u00e4hrige PKW-Fahrerin von der Guggenm\u00fchle nach links in die Staatsstra\u00dfe einbiegen <a class=\"mh-excerpt-more\" href=\"https:\/\/www.region-schwabach.de\/wordpress\/zwei-motorradfahrer-bei-allersberg-schwer-verletzt\/\" title=\"Zwei Motorradfahrer bei Allersberg schwer verletzt\">[&#8230;]<\/a><\/p>\n<\/div>","protected":false},"author":1,"featured_media":48565,"comment_status":"open","ping_status":"open","sticky":false,"template":"","format":"standard","meta":{"_cbd_carousel_blocks":"[]","footnotes":""},"categories":[15],"tags":[4545,556,296,896,297,1856,563,463,981,32,401,713,1327,1093,584],"class_list":{"0":"post-48564","1":"post","2":"type-post","3":"status-publish","4":"format-standard","5":"has-post-thumbnail","7":"category-polizeimeldungen","8":"tag-19-07-2018","9":"tag-allersberg","10":"tag-feuerwehr","11":"tag-guggenmuehle","12":"tag-hilpoltstein","13":"tag-krankenhaus","14":"tag-motorrad","15":"tag-pkw","16":"tag-polizei","17":"tag-roth","18":"tag-sachschaden","19":"tag-schaden","20":"tag-schwer-verletzt","21":"tag-staatsstrasse","22":"tag-zusammenstoss"},"_links":{"self":[{"href":"https:\/\/www.region-schwabach.de\/wordpress\/wp-json\/wp\/v2\/posts\/48564","targetHints":{"allow":["GET"]}}],"collection":[{"href":"https:\/\/www.region-schwabach.de\/wordpress\/wp-json\/wp\/v2\/posts"}],"about":[{"href":"https:\/\/www.region-schwabach.de\/wordpress\/wp-json\/wp\/v2\/types\/post"}],"author":[{"embeddable":true,"href":"https:\/\/www.region-schwabach.de\/wordpress\/wp-json\/wp\/v2\/users\/1"}],"replies":[{"embeddable":true,"href":"https:\/\/www.region-schwabach.de\/wordpress\/wp-json\/wp\/v2\/comments?post=48564"}],"version-history":[{"count":0,"href":"https:\/\/www.region-schwabach.de\/wordpress\/wp-json\/wp\/v2\/posts\/48564\/revisions"}],"wp:featuredmedia":[{"embeddable":true,"href":"https:\/\/www.region-schwabach.de\/wordpress\/wp-json\/wp\/v2\/media\/48565"}],"wp:attachment":[{"href":"https:\/\/www.region-schwabach.de\/wordpress\/wp-json\/wp\/v2\/media?parent=48564"}],"wp:term":[{"taxonomy":"category","embeddable":true,"href":"https:\/\/www.region-schwabach.de\/wordpress\/wp-json\/wp\/v2\/categories?post=48564"},{"taxonomy":"post_tag","embeddable":true,"href":"https:\/\/www.region-schwabach.de\/wordpress\/wp-json\/wp\/v2\/tags?post=48564"}],"curies":[{"name":"wp","href":"https:\/\/api.w.org\/{rel}","templated":true}]}}