{"id":48595,"date":"2018-07-20T12:05:11","date_gmt":"2018-07-20T10:05:11","guid":{"rendered":"http:\/\/www.region-schwabach.de\/wordpress\/?p=48595"},"modified":"2018-07-20T12:12:42","modified_gmt":"2018-07-20T10:12:42","slug":"verkehrsunfall-mit-verletzten-in-wachenhofen","status":"publish","type":"post","link":"https:\/\/www.region-schwabach.de\/wordpress\/verkehrsunfall-mit-verletzten-in-wachenhofen\/","title":{"rendered":"Verkehrsunfall mit Verletzten in Wachenhofen"},"content":{"rendered":"\t\t<div data-elementor-type=\"wp-post\" data-elementor-id=\"48595\" class=\"elementor elementor-48595 elementor-bc-flex-widget\">\n\t\t\t\t\t\t<section class=\"elementor-section elementor-top-section elementor-element elementor-element-1cuv9jr elementor-section-boxed elementor-section-height-default elementor-section-height-default\" data-id=\"1cuv9jr\" data-element_type=\"section\">\n\t\t\t\t\t\t<div class=\"elementor-container elementor-column-gap-default\">\n\t\t\t\t\t<div class=\"elementor-column elementor-col-66 elementor-top-column elementor-element elementor-element-q5zak7b\" data-id=\"q5zak7b\" data-element_type=\"column\">\n\t\t\t<div class=\"elementor-widget-wrap elementor-element-populated\">\n\t\t\t\t\t\t<div class=\"elementor-element elementor-element-86qws23 elementor-widget elementor-widget-text-editor\" data-id=\"86qws23\" data-element_type=\"widget\" data-widget_type=\"text-editor.default\">\n\t\t\t\t<div class=\"elementor-widget-container\">\n\t\t\t\t\t\t\t<h3 class=\"story-headline\">Verkehrsunfall in Wachenhofen<\/h3><div class=\"grid-row\"><div class=\"grid-col-3\"><div class=\"story-meta\"><p>Wachenhofen &#8211; Am Donnerstagabend, den 19.07.2018 war ein 44-j\u00e4hriger PKW-Fahrer auf der Kreisstra\u00dfe 1 von Gunzenhausen in Richtung Alesheim unterwegs, als eine 79-j\u00e4hrige Pkw-Fahrerin in Wachenhofen auf die Kreisstra\u00dfe in Richtung Alesheim einbiegen wollte, und den vorfahrtsberechtigten Pkw des 44 J\u00e4hrigen \u00fcbersah.<\/p><h3>Leicht Verletzte und Sachschaden<\/h3><p>In der Folge kam es im Kreuzungsbereich zum Zusammensto\u00df der beiden Fahrzeuge, wodurch die Unfallbeteiligten und deren Mitfahrer leicht verletzt wurden, und ein\u00a0Sachschaden in H\u00f6he von ca. 6.500 Euro entstanden ist.<\/p><\/div><\/div><\/div>\t\t\t\t\t\t<\/div>\n\t\t\t\t<\/div>\n\t\t\t\t<div class=\"elementor-element elementor-element-ace1283 elementor-widget-divider--view-line elementor-widget elementor-widget-divider\" data-id=\"ace1283\" data-element_type=\"widget\" data-widget_type=\"divider.default\">\n\t\t\t\t<div class=\"elementor-widget-container\">\n\t\t\t\t\t<div class=\"elementor-divider\">\n\t\t\t<span class=\"elementor-divider-separator\">\n\t\t\t\t\t\t<\/span>\n\t\t<\/div>\n\t\t\t\t<\/div>\n\t\t\t\t<\/div>\n\t\t\t\t<div class=\"elementor-element elementor-element-1l7zbzo elementor-widget elementor-widget-google_maps\" data-id=\"1l7zbzo\" data-element_type=\"widget\" data-widget_type=\"google_maps.default\">\n\t\t\t\t<div class=\"elementor-widget-container\">\n\t\t\t\t\t<div class=\"elementor-custom-embed\">\n\t\t\t<iframe loading=\"lazy\"\n\t\t\t\t\tsrc=\"https:\/\/maps.google.com\/maps?q=49.055077%2C%2010.844645&#038;t=m&#038;z=14&#038;output=embed&#038;iwloc=near\"\n\t\t\t\t\ttitle=\"49.055077, 10.844645\"\n\t\t\t\t\taria-label=\"49.055077, 10.844645\"\n\t\t\t><\/iframe>\n\t\t<\/div>\n\t\t\t\t<\/div>\n\t\t\t\t<\/div>\n\t\t\t\t\t<\/div>\n\t\t<\/div>\n\t\t\t\t<div class=\"elementor-column elementor-col-33 elementor-top-column elementor-element elementor-element-0w0urt1\" data-id=\"0w0urt1\" data-element_type=\"column\">\n\t\t\t<div class=\"elementor-widget-wrap elementor-element-populated\">\n\t\t\t\t\t\t<div class=\"elementor-element elementor-element-mo6nk5i elementor-widget elementor-widget-image\" data-id=\"mo6nk5i\" data-element_type=\"widget\" data-widget_type=\"image.default\">\n\t\t\t\t<div class=\"elementor-widget-container\">\n\t\t\t\t\t\t\t\t\t\t\t\t\t\t<a href=\"http:\/\/www.region-schwabach.de\/wordpress\/werben-auf-region-schwabach\/\" target=\"_blank\">\n\t\t\t\t\t\t\t<img fetchpriority=\"high\" decoding=\"async\" width=\"1024\" height=\"1024\" src=\"https:\/\/www.region-schwabach.de\/wordpress\/wp-content\/uploads\/2017\/06\/werbung8-1024x1024.png\" class=\"attachment-large size-large wp-image-2484\" alt=\"\" srcset=\"https:\/\/www.region-schwabach.de\/wordpress\/wp-content\/uploads\/2017\/06\/werbung8-1024x1024.png 1024w, https:\/\/www.region-schwabach.de\/wordpress\/wp-content\/uploads\/2017\/06\/werbung8-150x150.png 150w, https:\/\/www.region-schwabach.de\/wordpress\/wp-content\/uploads\/2017\/06\/werbung8-300x300.png 300w, https:\/\/www.region-schwabach.de\/wordpress\/wp-content\/uploads\/2017\/06\/werbung8-768x768.png 768w, https:\/\/www.region-schwabach.de\/wordpress\/wp-content\/uploads\/2017\/06\/werbung8-600x600.png 600w, https:\/\/www.region-schwabach.de\/wordpress\/wp-content\/uploads\/2017\/06\/werbung8.png 1200w\" sizes=\"(max-width: 1024px) 100vw, 1024px\" \/>\t\t\t\t\t\t\t\t<\/a>\n\t\t\t\t\t\t\t\t\t\t\t\t\t<\/div>\n\t\t\t\t<\/div>\n\t\t\t\t\t<\/div>\n\t\t<\/div>\n\t\t\t\t\t<\/div>\n\t\t<\/section>\n\t\t\t\t<\/div>\n\t\t","protected":false},"excerpt":{"rendered":"<div class=\"mh-excerpt\"><p>Verkehrsunfall in Wachenhofen Wachenhofen &#8211; Am Donnerstagabend, den 19.07.2018 war ein 44-j\u00e4hriger PKW-Fahrer auf der Kreisstra\u00dfe 1 von Gunzenhausen in Richtung Alesheim unterwegs, als eine 79-j\u00e4hrige Pkw-Fahrerin in Wachenhofen auf die Kreisstra\u00dfe in Richtung Alesheim <a class=\"mh-excerpt-more\" href=\"https:\/\/www.region-schwabach.de\/wordpress\/verkehrsunfall-mit-verletzten-in-wachenhofen\/\" title=\"Verkehrsunfall mit Verletzten in Wachenhofen\">[&#8230;]<\/a><\/p>\n<\/div>","protected":false},"author":1,"featured_media":48596,"comment_status":"open","ping_status":"open","sticky":false,"template":"","format":"standard","meta":{"_cbd_carousel_blocks":"[]","footnotes":""},"categories":[15],"tags":[4545,2584,5117,1417,3743,981,401,713,334,5116,249,584],"class_list":{"0":"post-48595","1":"post","2":"type-post","3":"status-publish","4":"format-standard","5":"has-post-thumbnail","7":"category-polizeimeldungen","8":"tag-19-07-2018","9":"tag-alesheim","10":"tag-kreisstrasse-1","11":"tag-kreuzungsbereich","12":"tag-leicht-verletzte","13":"tag-polizei","14":"tag-sachschaden","15":"tag-schaden","16":"tag-unfall","17":"tag-wachenhofen","18":"tag-weissenburg","19":"tag-zusammenstoss"},"_links":{"self":[{"href":"https:\/\/www.region-schwabach.de\/wordpress\/wp-json\/wp\/v2\/posts\/48595","targetHints":{"allow":["GET"]}}],"collection":[{"href":"https:\/\/www.region-schwabach.de\/wordpress\/wp-json\/wp\/v2\/posts"}],"about":[{"href":"https:\/\/www.region-schwabach.de\/wordpress\/wp-json\/wp\/v2\/types\/post"}],"author":[{"embeddable":true,"href":"https:\/\/www.region-schwabach.de\/wordpress\/wp-json\/wp\/v2\/users\/1"}],"replies":[{"embeddable":true,"href":"https:\/\/www.region-schwabach.de\/wordpress\/wp-json\/wp\/v2\/comments?post=48595"}],"version-history":[{"count":0,"href":"https:\/\/www.region-schwabach.de\/wordpress\/wp-json\/wp\/v2\/posts\/48595\/revisions"}],"wp:featuredmedia":[{"embeddable":true,"href":"https:\/\/www.region-schwabach.de\/wordpress\/wp-json\/wp\/v2\/media\/48596"}],"wp:attachment":[{"href":"https:\/\/www.region-schwabach.de\/wordpress\/wp-json\/wp\/v2\/media?parent=48595"}],"wp:term":[{"taxonomy":"category","embeddable":true,"href":"https:\/\/www.region-schwabach.de\/wordpress\/wp-json\/wp\/v2\/categories?post=48595"},{"taxonomy":"post_tag","embeddable":true,"href":"https:\/\/www.region-schwabach.de\/wordpress\/wp-json\/wp\/v2\/tags?post=48595"}],"curies":[{"name":"wp","href":"https:\/\/api.w.org\/{rel}","templated":true}]}}