{"id":48627,"date":"2018-07-21T00:01:05","date_gmt":"2018-07-20T22:01:05","guid":{"rendered":"http:\/\/www.region-schwabach.de\/wordpress\/?p=48627"},"modified":"2018-07-20T22:46:56","modified_gmt":"2018-07-20T20:46:56","slug":"tatort-fuehrung-in-schwabach-am-samstag-21-juli-2018","status":"publish","type":"post","link":"https:\/\/www.region-schwabach.de\/wordpress\/tatort-fuehrung-in-schwabach-am-samstag-21-juli-2018\/","title":{"rendered":"Tatort-F\u00fchrung in Schwabach am Samstag, 21. Juli 2018"},"content":{"rendered":"\t\t<div data-elementor-type=\"wp-post\" data-elementor-id=\"48627\" class=\"elementor elementor-48627 elementor-bc-flex-widget\">\n\t\t\t\t\t\t<section class=\"elementor-section elementor-top-section elementor-element elementor-element-678181b elementor-section-boxed elementor-section-height-default elementor-section-height-default\" data-id=\"678181b\" data-element_type=\"section\">\n\t\t\t\t\t\t<div class=\"elementor-container elementor-column-gap-default\">\n\t\t\t\t\t<div class=\"elementor-column elementor-col-66 elementor-top-column elementor-element elementor-element-6b34026\" data-id=\"6b34026\" data-element_type=\"column\">\n\t\t\t<div class=\"elementor-widget-wrap elementor-element-populated\">\n\t\t\t\t\t\t<div class=\"elementor-element elementor-element-443ab98 elementor-widget elementor-widget-text-editor\" data-id=\"443ab98\" data-element_type=\"widget\" data-widget_type=\"text-editor.default\">\n\t\t\t\t<div class=\"elementor-widget-container\">\n\t\t\t\t\t\t\t<h3>Kriminell gut: Tatort-F\u00fchrungen beginnen wieder<\/h3><p>Mit echten Kommissaren auf Spurensuche: Wenn M\u00fcller und Schabtach sich\u00a0am Samstag, den 21. Juli 2018, auf die Spur der gro\u00dfen und kleinen Verbrechen in\u00a0Schwabach machen, lassen sie sich gerne von Krimi-Fans begleiten.<\/p><h3>\u201cTATORT Schwabach \u2013 Mit dem Kommissar auf Spurensuche\u201c<\/h3><p>Bei der\u00a0F\u00fchrung \u201cTATORT Schwabach \u2013 Mit dem Kommissar auf\u00a0 Spurensuche\u201c\u00a0berichten sie unter anderem von einem spektakul\u00e4ren Einbruch in ein Juwelier-Gesch\u00e4ft und von einem Dieb, der anhand einer Blutspur ermittelt werden\u00a0konnte.<\/p><h3>Infos<\/h3><p>Treffpunkt ist am Schillerplatz (am Brunnen) um 16 Uhr. Tickets gibt es\u00a0bei den Kommissaren (Erwachsene 5 Euro, Jugendliche ab 12 Jahren 3 Euro).\u00a0Eine Anmeldung ist nicht erforderlich.<\/p><h3>Mit Ermittler-Imbiss<\/h3><p>Unter dem Motto TATORT Schwabach \u201ekriminell lecker\u201c bietet das Tourismus-B\u00fcro ganz neu die F\u00fchrung f\u00fcr Gruppen mit einem sogenannten Ermittler-Imbiss an:<\/p><h3>Verpflegung w\u00e4hrend der \u201eanstrengenden Spurensuche\u201c<\/h3><p>W\u00e4hrend der \u201eanstrengenden Spurensuche\u201c bekommen die\u00a0Teilnehmenden zur St\u00e4rkung den typischen TATORT-Imbiss: Currywurst mit\u00a0Pommes und Softgetr\u00e4nk. Diese F\u00fchrung ist ein Highlight f\u00fcr jeden\u00a0Betriebsausflug, eine Geburtstagsfeier oder f\u00fcr Gruppenausfl\u00fcge mit Lust auf\u00a0ein besonderes Programm.<\/p><h3>Infos<\/h3><p>Kosten pro Person: 12 Euro (inclusive\u00a0F\u00fchrungsgeb\u00fchr und Imbiss mit Getr\u00e4nk) bei einer Mindestteilnehmerzahl von\u00a0acht Personen. Die F\u00fchrung dauert mit Imbiss rund zwei Stunden und ist\u00a0buchbar im Tourismus-B\u00fcro: Telefon 09122 860-241 oder E-Mail: tourismus@schwabach.de<\/p><p><strong>Foto<\/strong>: Ob das Schwabacher Rathaus auch im Fadenkreuz der Kriminellen\u00a0stand, erfahren Interessierte bei der F\u00fchrung am 21. Juli.<\/p>\t\t\t\t\t\t<\/div>\n\t\t\t\t<\/div>\n\t\t\t\t\t<\/div>\n\t\t<\/div>\n\t\t\t\t<div class=\"elementor-column elementor-col-33 elementor-top-column elementor-element elementor-element-f645137\" data-id=\"f645137\" data-element_type=\"column\">\n\t\t\t<div class=\"elementor-widget-wrap elementor-element-populated\">\n\t\t\t\t\t\t<div class=\"elementor-element elementor-element-25043c1 elementor-widget elementor-widget-image\" data-id=\"25043c1\" data-element_type=\"widget\" data-widget_type=\"image.default\">\n\t\t\t\t<div class=\"elementor-widget-container\">\n\t\t\t\t\t\t\t\t\t\t\t\t\t<img fetchpriority=\"high\" decoding=\"async\" width=\"300\" height=\"300\" src=\"https:\/\/www.region-schwabach.de\/wordpress\/wp-content\/uploads\/2018\/04\/werbung1-300x300.png\" class=\"attachment-medium size-medium wp-image-35382\" alt=\"\" srcset=\"https:\/\/www.region-schwabach.de\/wordpress\/wp-content\/uploads\/2018\/04\/werbung1-300x300.png 300w, https:\/\/www.region-schwabach.de\/wordpress\/wp-content\/uploads\/2018\/04\/werbung1-150x150.png 150w, https:\/\/www.region-schwabach.de\/wordpress\/wp-content\/uploads\/2018\/04\/werbung1-768x768.png 768w, https:\/\/www.region-schwabach.de\/wordpress\/wp-content\/uploads\/2018\/04\/werbung1-1024x1024.png 1024w, https:\/\/www.region-schwabach.de\/wordpress\/wp-content\/uploads\/2018\/04\/werbung1.png 1200w\" sizes=\"(max-width: 300px) 100vw, 300px\" \/>\t\t\t\t\t\t\t\t\t\t\t\t\t<\/div>\n\t\t\t\t<\/div>\n\t\t\t\t\t<\/div>\n\t\t<\/div>\n\t\t\t\t\t<\/div>\n\t\t<\/section>\n\t\t\t\t<\/div>\n\t\t","protected":false},"excerpt":{"rendered":"<div class=\"mh-excerpt\"><p>Kriminell gut: Tatort-F\u00fchrungen beginnen wieder Mit echten Kommissaren auf Spurensuche: Wenn M\u00fcller und Schabtach sich\u00a0am Samstag, den 21. Juli 2018, auf die Spur der gro\u00dfen und kleinen Verbrechen in\u00a0Schwabach machen, lassen sie sich gerne von <a class=\"mh-excerpt-more\" href=\"https:\/\/www.region-schwabach.de\/wordpress\/tatort-fuehrung-in-schwabach-am-samstag-21-juli-2018\/\" title=\"Tatort-F\u00fchrung in Schwabach am Samstag, 21. Juli 2018\">[&#8230;]<\/a><\/p>\n<\/div>","protected":false},"author":1,"featured_media":43207,"comment_status":"open","ping_status":"open","sticky":false,"template":"","format":"standard","meta":{"_cbd_carousel_blocks":"[]","footnotes":""},"categories":[16,1,61,231],"tags":[4495,3873,53,1480,3645,19,3872],"class_list":{"0":"post-48627","1":"post","2":"type-post","3":"status-publish","4":"format-standard","5":"has-post-thumbnail","7":"category-aktuell","8":"category-allgemein","9":"category-rathaus","10":"category-veranstaltungsnews","11":"tag-21-07-2018","12":"tag-brunnen-am-schillerplatz","13":"tag-fuehrung","14":"tag-rathaus","15":"tag-rundgang","16":"tag-schwabach","17":"tag-tatort-fuehrung"},"_links":{"self":[{"href":"https:\/\/www.region-schwabach.de\/wordpress\/wp-json\/wp\/v2\/posts\/48627","targetHints":{"allow":["GET"]}}],"collection":[{"href":"https:\/\/www.region-schwabach.de\/wordpress\/wp-json\/wp\/v2\/posts"}],"about":[{"href":"https:\/\/www.region-schwabach.de\/wordpress\/wp-json\/wp\/v2\/types\/post"}],"author":[{"embeddable":true,"href":"https:\/\/www.region-schwabach.de\/wordpress\/wp-json\/wp\/v2\/users\/1"}],"replies":[{"embeddable":true,"href":"https:\/\/www.region-schwabach.de\/wordpress\/wp-json\/wp\/v2\/comments?post=48627"}],"version-history":[{"count":0,"href":"https:\/\/www.region-schwabach.de\/wordpress\/wp-json\/wp\/v2\/posts\/48627\/revisions"}],"wp:featuredmedia":[{"embeddable":true,"href":"https:\/\/www.region-schwabach.de\/wordpress\/wp-json\/wp\/v2\/media\/43207"}],"wp:attachment":[{"href":"https:\/\/www.region-schwabach.de\/wordpress\/wp-json\/wp\/v2\/media?parent=48627"}],"wp:term":[{"taxonomy":"category","embeddable":true,"href":"https:\/\/www.region-schwabach.de\/wordpress\/wp-json\/wp\/v2\/categories?post=48627"},{"taxonomy":"post_tag","embeddable":true,"href":"https:\/\/www.region-schwabach.de\/wordpress\/wp-json\/wp\/v2\/tags?post=48627"}],"curies":[{"name":"wp","href":"https:\/\/api.w.org\/{rel}","templated":true}]}}