{"id":48806,"date":"2018-07-22T00:02:38","date_gmt":"2018-07-21T22:02:38","guid":{"rendered":"http:\/\/www.region-schwabach.de\/wordpress\/?p=48806"},"modified":"2018-12-25T21:03:10","modified_gmt":"2018-12-25T20:03:10","slug":"matinee-zum-buergerfest-mit-orgelfuehrung","status":"publish","type":"post","link":"https:\/\/www.region-schwabach.de\/wordpress\/matinee-zum-buergerfest-mit-orgelfuehrung\/","title":{"rendered":"Matinee zum B\u00fcrgerfest mit Orgelf\u00fchrung"},"content":{"rendered":"\t\t<div data-elementor-type=\"wp-post\" data-elementor-id=\"48806\" class=\"elementor elementor-48806 elementor-bc-flex-widget\">\n\t\t\t\t\t\t<section class=\"elementor-section elementor-top-section elementor-element elementor-element-tlus4ia elementor-section-boxed elementor-section-height-default elementor-section-height-default\" data-id=\"tlus4ia\" data-element_type=\"section\">\n\t\t\t\t\t\t<div class=\"elementor-container elementor-column-gap-default\">\n\t\t\t\t\t<div class=\"elementor-column elementor-col-66 elementor-top-column elementor-element elementor-element-sphcucl\" data-id=\"sphcucl\" data-element_type=\"column\">\n\t\t\t<div class=\"elementor-widget-wrap elementor-element-populated\">\n\t\t\t\t\t\t<div class=\"elementor-element elementor-element-4f2h2af elementor-widget elementor-widget-text-editor\" data-id=\"4f2h2af\" data-element_type=\"widget\" data-widget_type=\"text-editor.default\">\n\t\t\t\t<div class=\"elementor-widget-container\">\n\t\t\t\t\t\t\t<h3 class=\"entry-title\">Matinee zum B\u00fcrgerfest<\/h3><p>Schwabach &#8211; Am Sonntag, den 22.07.2018,\u00a0findet um 11.00 Uhr die Matinee zum B\u00fcrgerfest in der Evangelisch-Lutherischen-Stadtkirche am Martin-Luther-Platz in Schwabach statt. An der Orgel:\u00a0Klaus Peschik<\/p><h3>Orgelf\u00fchrung<\/h3><p>Im Anschlu\u00df an die festlichen Orgelwerke gibt es von Klaus Peschik noch eine interessante Orgelf\u00fchrung, bei der man Interessantes und Wissenswertes erf\u00e4hrt, und auch einen Blick ins Innere der Orgel werfen kann.<\/p><p>Das Musical wird im Rahmen des Festprogramms zum B\u00fcrgerfest 2018.<\/p><h3>Info<\/h3><p>Los geht&#8217;s um 11.00 Uhr in der Evangelisch-Lutherischen-Stadtkirche am Martin-Luther-Platz in Schwabach, der Eintritt ist frei.<\/p><h3>Weiterf\u00fchrende Links<\/h3><p><a href=\"https:\/\/www.schwabacherkantorei.de\/\" target=\"_blank\" rel=\"noopener\">Zur Homepage der Schwabacher Kontorei geht es hier &#8230;<\/a>\u00a0<\/p>\t\t\t\t\t\t<\/div>\n\t\t\t\t<\/div>\n\t\t\t\t<div class=\"elementor-element elementor-element-e3c96f9 elementor-widget elementor-widget-shortcode\" data-id=\"e3c96f9\" data-element_type=\"widget\" data-widget_type=\"shortcode.default\">\n\t\t\t\t<div class=\"elementor-widget-container\">\n\t\t\t\t\t<div class=\"elementor-shortcode\"><div id=\"regio-4087462614\" class=\"regio-manuelle-platzierung regio-entity-placement\"><div class=\"regio-adlabel\">Werbung<\/div><center><a href=\"https:\/\/a.partner-versicherung.de\/click.php?partner_id=19992&ad_id=1578&deep=kreditkarten\"  target=\"_blank\"><img decoding=\"async\" src=\"https:\/\/a.partner-versicherung.de\/view.php?partner_id=19992&ad_id=1578\" ><\/a><\/center><\/div><\/div>\n\t\t\t\t<\/div>\n\t\t\t\t<\/div>\n\t\t\t\t<div class=\"elementor-element elementor-element-772dde2 elementor-widget-divider--view-line elementor-widget elementor-widget-divider\" data-id=\"772dde2\" data-element_type=\"widget\" data-widget_type=\"divider.default\">\n\t\t\t\t<div class=\"elementor-widget-container\">\n\t\t\t\t\t<div class=\"elementor-divider\">\n\t\t\t<span class=\"elementor-divider-separator\">\n\t\t\t\t\t\t<\/span>\n\t\t<\/div>\n\t\t\t\t<\/div>\n\t\t\t\t<\/div>\n\t\t\t\t<div class=\"elementor-element elementor-element-39c5f74 elementor-widget elementor-widget-google_maps\" data-id=\"39c5f74\" data-element_type=\"widget\" data-widget_type=\"google_maps.default\">\n\t\t\t\t<div class=\"elementor-widget-container\">\n\t\t\t\t\t<div class=\"elementor-custom-embed\">\n\t\t\t<iframe loading=\"lazy\"\n\t\t\t\t\tsrc=\"https:\/\/maps.google.com\/maps?q=Martin-Luther-Platz%2C%20Schwabach%2C%20Deutschland&#038;t=m&#038;z=18&#038;output=embed&#038;iwloc=near\"\n\t\t\t\t\ttitle=\"Martin-Luther-Platz, Schwabach, Deutschland\"\n\t\t\t\t\taria-label=\"Martin-Luther-Platz, Schwabach, Deutschland\"\n\t\t\t><\/iframe>\n\t\t<\/div>\n\t\t\t\t<\/div>\n\t\t\t\t<\/div>\n\t\t\t\t\t<\/div>\n\t\t<\/div>\n\t\t\t\t<div class=\"elementor-column elementor-col-33 elementor-top-column elementor-element elementor-element-flkv3o5\" data-id=\"flkv3o5\" data-element_type=\"column\">\n\t\t\t<div class=\"elementor-widget-wrap elementor-element-populated\">\n\t\t\t\t\t\t<div class=\"elementor-element elementor-element-bpvimlk elementor-widget elementor-widget-image\" data-id=\"bpvimlk\" data-element_type=\"widget\" data-widget_type=\"image.default\">\n\t\t\t\t<div class=\"elementor-widget-container\">\n\t\t\t\t\t\t\t\t\t\t\t\t\t\t<a href=\"http:\/\/www.region-schwabach.de\/wordpress\/werben-auf-region-schwabach\/\" target=\"_blank\">\n\t\t\t\t\t\t\t<img fetchpriority=\"high\" decoding=\"async\" width=\"1024\" height=\"1024\" src=\"https:\/\/www.region-schwabach.de\/wordpress\/wp-content\/uploads\/2017\/06\/werbung8-1024x1024.png\" class=\"attachment-large size-large wp-image-2484\" alt=\"\" srcset=\"https:\/\/www.region-schwabach.de\/wordpress\/wp-content\/uploads\/2017\/06\/werbung8-1024x1024.png 1024w, https:\/\/www.region-schwabach.de\/wordpress\/wp-content\/uploads\/2017\/06\/werbung8-150x150.png 150w, https:\/\/www.region-schwabach.de\/wordpress\/wp-content\/uploads\/2017\/06\/werbung8-300x300.png 300w, https:\/\/www.region-schwabach.de\/wordpress\/wp-content\/uploads\/2017\/06\/werbung8-768x768.png 768w, https:\/\/www.region-schwabach.de\/wordpress\/wp-content\/uploads\/2017\/06\/werbung8-600x600.png 600w, https:\/\/www.region-schwabach.de\/wordpress\/wp-content\/uploads\/2017\/06\/werbung8.png 1200w\" sizes=\"(max-width: 1024px) 100vw, 1024px\" \/>\t\t\t\t\t\t\t\t<\/a>\n\t\t\t\t\t\t\t\t\t\t\t\t\t<\/div>\n\t\t\t\t<\/div>\n\t\t\t\t\t<\/div>\n\t\t<\/div>\n\t\t\t\t\t<\/div>\n\t\t<\/section>\n\t\t\t\t<\/div>\n\t\t","protected":false},"excerpt":{"rendered":"<div class=\"mh-excerpt\"><p>Matinee zum B\u00fcrgerfest Schwabach &#8211; Am Sonntag, den 22.07.2018,&nbsp;findet um 11.00 Uhr die Matinee zum B\u00fcrgerfest in der Evangelisch-Lutherischen-Stadtkirche am Martin-Luther-Platz in Schwabach statt. An der Orgel:&nbsp;Klaus Peschik Orgelf\u00fchrung Im Anschlu\u00df an die festlichen Orgelwerke <a class=\"mh-excerpt-more\" href=\"https:\/\/www.region-schwabach.de\/wordpress\/matinee-zum-buergerfest-mit-orgelfuehrung\/\" title=\"Matinee zum B\u00fcrgerfest mit Orgelf\u00fchrung\">[&#8230;]<\/a><\/p>\n<\/div>","protected":false},"author":1,"featured_media":48807,"comment_status":"open","ping_status":"open","sticky":false,"template":"","format":"standard","meta":{"_cbd_carousel_blocks":"[]","footnotes":""},"categories":[16,287,231],"tags":[4547,177,523,5130,5131,19,5126,4883],"class_list":{"0":"post-48806","1":"post","2":"type-post","3":"status-publish","4":"format-standard","5":"has-post-thumbnail","7":"category-aktuell","8":"category-jugend-und-familie","9":"category-veranstaltungsnews","10":"tag-22-07-2018","11":"tag-buergerfest","12":"tag-martin-luther-platz","13":"tag-matinee","14":"tag-orgelfuehrung","15":"tag-schwabach","16":"tag-schwabacher-kantorei","17":"tag-stadtkirche"},"_links":{"self":[{"href":"https:\/\/www.region-schwabach.de\/wordpress\/wp-json\/wp\/v2\/posts\/48806","targetHints":{"allow":["GET"]}}],"collection":[{"href":"https:\/\/www.region-schwabach.de\/wordpress\/wp-json\/wp\/v2\/posts"}],"about":[{"href":"https:\/\/www.region-schwabach.de\/wordpress\/wp-json\/wp\/v2\/types\/post"}],"author":[{"embeddable":true,"href":"https:\/\/www.region-schwabach.de\/wordpress\/wp-json\/wp\/v2\/users\/1"}],"replies":[{"embeddable":true,"href":"https:\/\/www.region-schwabach.de\/wordpress\/wp-json\/wp\/v2\/comments?post=48806"}],"version-history":[{"count":0,"href":"https:\/\/www.region-schwabach.de\/wordpress\/wp-json\/wp\/v2\/posts\/48806\/revisions"}],"wp:featuredmedia":[{"embeddable":true,"href":"https:\/\/www.region-schwabach.de\/wordpress\/wp-json\/wp\/v2\/media\/48807"}],"wp:attachment":[{"href":"https:\/\/www.region-schwabach.de\/wordpress\/wp-json\/wp\/v2\/media?parent=48806"}],"wp:term":[{"taxonomy":"category","embeddable":true,"href":"https:\/\/www.region-schwabach.de\/wordpress\/wp-json\/wp\/v2\/categories?post=48806"},{"taxonomy":"post_tag","embeddable":true,"href":"https:\/\/www.region-schwabach.de\/wordpress\/wp-json\/wp\/v2\/tags?post=48806"}],"curies":[{"name":"wp","href":"https:\/\/api.w.org\/{rel}","templated":true}]}}