{"id":48863,"date":"2018-07-22T13:15:41","date_gmt":"2018-07-22T11:15:41","guid":{"rendered":"http:\/\/www.region-schwabach.de\/wordpress\/?p=48863"},"modified":"2018-07-22T13:16:40","modified_gmt":"2018-07-22T11:16:40","slug":"fahrt-mit-entwendeten-kennzeichen-endet-in-schwabach","status":"publish","type":"post","link":"https:\/\/www.region-schwabach.de\/wordpress\/fahrt-mit-entwendeten-kennzeichen-endet-in-schwabach\/","title":{"rendered":"Fahrt mit entwendeten Kennzeichen endet in Schwabach"},"content":{"rendered":"\t\t<div data-elementor-type=\"wp-post\" data-elementor-id=\"48863\" class=\"elementor elementor-48863 elementor-bc-flex-widget\">\n\t\t\t\t\t\t<section class=\"elementor-section elementor-top-section elementor-element elementor-element-1cuv9jr elementor-section-boxed elementor-section-height-default elementor-section-height-default\" data-id=\"1cuv9jr\" data-element_type=\"section\">\n\t\t\t\t\t\t<div class=\"elementor-container elementor-column-gap-default\">\n\t\t\t\t\t<div class=\"elementor-column elementor-col-66 elementor-top-column elementor-element elementor-element-q5zak7b\" data-id=\"q5zak7b\" data-element_type=\"column\">\n\t\t\t<div class=\"elementor-widget-wrap elementor-element-populated\">\n\t\t\t\t\t\t<div class=\"elementor-element elementor-element-86qws23 elementor-widget elementor-widget-text-editor\" data-id=\"86qws23\" data-element_type=\"widget\" data-widget_type=\"text-editor.default\">\n\t\t\t\t<div class=\"elementor-widget-container\">\n\t\t\t\t\t\t\t<h3 class=\"story-headline\">Wegen gestohlener Kennzeichen kontrolliert<\/h3><div class=\"grid-row\"><div class=\"grid-col-3\"><div class=\"story-meta\"><p>Schwabach &#8211; Am Freitagnachmittag, den 20.07.2018, bemerkte eine Streife der PI Schwabach auf einem Parkplatz an der Alten Rother Stra\u00dfe in Schwabach einen PKW, dessen KFZ-Kennzeichen zwei Tage zuvor im Bereich Neustadt a. d. Aisch als gestohlen gemeldet worden waren.<\/p><h3 class=\"story-headline\">Ganze Reihe von Straftaten aufgedeckt<\/h3><p>Bei der anschlie\u00dfend durchgef\u00fchrten Kontrolle des 34-j\u00e4hrigen Fahrers kamen dann eine ganze Reihe von Straftaten ans Tageslicht. So war der Fahrer nicht im Besitz einer g\u00fcltigen Fahrerlaubnis, der PKW war zudem weder versichert, noch versteuert, und auch nicht zugelassen.<\/p><h3>Fahrer stand auch noch unter dem Einflu\u00df von Drogen<\/h3><p>Bei einem durchgef\u00fchrten Drogenschnelltest, der wegen Auff\u00e4lligkeiten beim Fahrer notwendig war, stellte sich dann auch noch heraus, da\u00df der Mann w\u00e4hrend der Fahrt unter dem Einfluss von Rauschgift stand, weshalb er sich auch gleich einer Blutentnahme unterziehen mu\u00dfte.<\/p><h3>Wiederholungst\u00e4ter<\/h3><p>Schlu\u00dfendlich kam auch noch heraus, da\u00df der unbelehrbare 34-J\u00e4hrige bereits drei Tage zuvor in gleicher Art und Weise im Stadtgebiet N\u00fcrnberg auff\u00e4llig geworden war. Er wird deshalb nun wegen dem Vorfall in Schwabach erneut wegen einem Sammelsurium diverser Straftaten, wie z. B. Urkundenf\u00e4lschung und Fahren ohne Fahrerlaubnis, zur Anzeige gebracht.<\/p><\/div><\/div><\/div>\t\t\t\t\t\t<\/div>\n\t\t\t\t<\/div>\n\t\t\t\t<div class=\"elementor-element elementor-element-ace1283 elementor-widget-divider--view-line elementor-widget elementor-widget-divider\" data-id=\"ace1283\" data-element_type=\"widget\" data-widget_type=\"divider.default\">\n\t\t\t\t<div class=\"elementor-widget-container\">\n\t\t\t\t\t<div class=\"elementor-divider\">\n\t\t\t<span class=\"elementor-divider-separator\">\n\t\t\t\t\t\t<\/span>\n\t\t<\/div>\n\t\t\t\t<\/div>\n\t\t\t\t<\/div>\n\t\t\t\t<div class=\"elementor-element elementor-element-1l7zbzo elementor-widget elementor-widget-google_maps\" data-id=\"1l7zbzo\" data-element_type=\"widget\" data-widget_type=\"google_maps.default\">\n\t\t\t\t<div class=\"elementor-widget-container\">\n\t\t\t\t\t<div class=\"elementor-custom-embed\">\n\t\t\t<iframe loading=\"lazy\"\n\t\t\t\t\tsrc=\"https:\/\/maps.google.com\/maps?q=Alte%20Rother%20Stra%C3%9Fe%2C%20Schwabach%2C%20Deutschland&#038;t=m&#038;z=17&#038;output=embed&#038;iwloc=near\"\n\t\t\t\t\ttitle=\"Alte Rother Stra\u00dfe, Schwabach, Deutschland\"\n\t\t\t\t\taria-label=\"Alte Rother Stra\u00dfe, Schwabach, Deutschland\"\n\t\t\t><\/iframe>\n\t\t<\/div>\n\t\t\t\t<\/div>\n\t\t\t\t<\/div>\n\t\t\t\t\t<\/div>\n\t\t<\/div>\n\t\t\t\t<div class=\"elementor-column elementor-col-33 elementor-top-column elementor-element elementor-element-0w0urt1\" data-id=\"0w0urt1\" data-element_type=\"column\">\n\t\t\t<div class=\"elementor-widget-wrap elementor-element-populated\">\n\t\t\t\t\t\t<div class=\"elementor-element elementor-element-mo6nk5i elementor-widget elementor-widget-image\" data-id=\"mo6nk5i\" data-element_type=\"widget\" data-widget_type=\"image.default\">\n\t\t\t\t<div class=\"elementor-widget-container\">\n\t\t\t\t\t\t\t\t\t\t\t\t\t\t<a href=\"http:\/\/www.region-schwabach.de\/wordpress\/werben-auf-region-schwabach\/\" target=\"_blank\">\n\t\t\t\t\t\t\t<img fetchpriority=\"high\" decoding=\"async\" width=\"1024\" height=\"1024\" src=\"https:\/\/www.region-schwabach.de\/wordpress\/wp-content\/uploads\/2017\/06\/werbung8-1024x1024.png\" class=\"attachment-large size-large wp-image-2484\" alt=\"\" srcset=\"https:\/\/www.region-schwabach.de\/wordpress\/wp-content\/uploads\/2017\/06\/werbung8-1024x1024.png 1024w, https:\/\/www.region-schwabach.de\/wordpress\/wp-content\/uploads\/2017\/06\/werbung8-150x150.png 150w, https:\/\/www.region-schwabach.de\/wordpress\/wp-content\/uploads\/2017\/06\/werbung8-300x300.png 300w, https:\/\/www.region-schwabach.de\/wordpress\/wp-content\/uploads\/2017\/06\/werbung8-768x768.png 768w, https:\/\/www.region-schwabach.de\/wordpress\/wp-content\/uploads\/2017\/06\/werbung8-600x600.png 600w, https:\/\/www.region-schwabach.de\/wordpress\/wp-content\/uploads\/2017\/06\/werbung8.png 1200w\" sizes=\"(max-width: 1024px) 100vw, 1024px\" \/>\t\t\t\t\t\t\t\t<\/a>\n\t\t\t\t\t\t\t\t\t\t\t\t\t<\/div>\n\t\t\t\t<\/div>\n\t\t\t\t\t<\/div>\n\t\t<\/div>\n\t\t\t\t\t<\/div>\n\t\t<\/section>\n\t\t\t\t<\/div>\n\t\t","protected":false},"excerpt":{"rendered":"<div class=\"mh-excerpt\"><p>Wegen gestohlener Kennzeichen kontrolliert Schwabach &#8211; Am Freitagnachmittag, den 20.07.2018, bemerkte eine Streife der PI Schwabach auf einem Parkplatz an der Alten Rother Stra\u00dfe in Schwabach einen PKW, dessen KFZ-Kennzeichen zwei Tage zuvor im Bereich <a class=\"mh-excerpt-more\" href=\"https:\/\/www.region-schwabach.de\/wordpress\/fahrt-mit-entwendeten-kennzeichen-endet-in-schwabach\/\" title=\"Fahrt mit entwendeten Kennzeichen endet in Schwabach\">[&#8230;]<\/a><\/p>\n<\/div>","protected":false},"author":1,"featured_media":48864,"comment_status":"open","ping_status":"open","sticky":false,"template":"","format":"standard","meta":{"_cbd_carousel_blocks":"[]","footnotes":""},"categories":[15],"tags":[4546,1276,1301,1636,701,592,5139,593,463,981,19,2293,1032],"class_list":{"0":"post-48863","1":"post","2":"type-post","3":"status-publish","4":"format-standard","5":"has-post-thumbnail","7":"category-polizeimeldungen","8":"tag-20-07-2018","9":"tag-alte-rother-strasse","10":"tag-anzeige","11":"tag-blutentnahme","12":"tag-drogen","13":"tag-fahren-ohne-fahrerlaubnis","14":"tag-gestohlene-kennzeichen","15":"tag-parkplatz","16":"tag-pkw","17":"tag-polizei","18":"tag-schwabach","19":"tag-urkundenfaelschung","20":"tag-verbrauchermarkt"},"_links":{"self":[{"href":"https:\/\/www.region-schwabach.de\/wordpress\/wp-json\/wp\/v2\/posts\/48863","targetHints":{"allow":["GET"]}}],"collection":[{"href":"https:\/\/www.region-schwabach.de\/wordpress\/wp-json\/wp\/v2\/posts"}],"about":[{"href":"https:\/\/www.region-schwabach.de\/wordpress\/wp-json\/wp\/v2\/types\/post"}],"author":[{"embeddable":true,"href":"https:\/\/www.region-schwabach.de\/wordpress\/wp-json\/wp\/v2\/users\/1"}],"replies":[{"embeddable":true,"href":"https:\/\/www.region-schwabach.de\/wordpress\/wp-json\/wp\/v2\/comments?post=48863"}],"version-history":[{"count":0,"href":"https:\/\/www.region-schwabach.de\/wordpress\/wp-json\/wp\/v2\/posts\/48863\/revisions"}],"wp:featuredmedia":[{"embeddable":true,"href":"https:\/\/www.region-schwabach.de\/wordpress\/wp-json\/wp\/v2\/media\/48864"}],"wp:attachment":[{"href":"https:\/\/www.region-schwabach.de\/wordpress\/wp-json\/wp\/v2\/media?parent=48863"}],"wp:term":[{"taxonomy":"category","embeddable":true,"href":"https:\/\/www.region-schwabach.de\/wordpress\/wp-json\/wp\/v2\/categories?post=48863"},{"taxonomy":"post_tag","embeddable":true,"href":"https:\/\/www.region-schwabach.de\/wordpress\/wp-json\/wp\/v2\/tags?post=48863"}],"curies":[{"name":"wp","href":"https:\/\/api.w.org\/{rel}","templated":true}]}}