{"id":49058,"date":"2018-07-23T00:02:37","date_gmt":"2018-07-22T22:02:37","guid":{"rendered":"http:\/\/www.region-schwabach.de\/wordpress\/?p=49058"},"modified":"2018-07-22T20:17:32","modified_gmt":"2018-07-22T18:17:32","slug":"stadtverwaltung-hat-ein-einzelhandels-und-tourismuskonzept-beauftragt","status":"publish","type":"post","link":"https:\/\/www.region-schwabach.de\/wordpress\/stadtverwaltung-hat-ein-einzelhandels-und-tourismuskonzept-beauftragt\/","title":{"rendered":"Stadtverwaltung hat ein Einzelhandels- und Tourismuskonzept beauftragt"},"content":{"rendered":"\t\t<div data-elementor-type=\"wp-post\" data-elementor-id=\"49058\" class=\"elementor elementor-49058 elementor-bc-flex-widget\">\n\t\t\t\t\t\t<section class=\"elementor-section elementor-top-section elementor-element elementor-element-tlus4ia elementor-section-boxed elementor-section-height-default elementor-section-height-default\" data-id=\"tlus4ia\" data-element_type=\"section\">\n\t\t\t\t\t\t<div class=\"elementor-container elementor-column-gap-default\">\n\t\t\t\t\t<div class=\"elementor-column elementor-col-66 elementor-top-column elementor-element elementor-element-sphcucl\" data-id=\"sphcucl\" data-element_type=\"column\">\n\t\t\t<div class=\"elementor-widget-wrap elementor-element-populated\">\n\t\t\t\t\t\t<div class=\"elementor-element elementor-element-4f2h2af elementor-widget elementor-widget-text-editor\" data-id=\"4f2h2af\" data-element_type=\"widget\" data-widget_type=\"text-editor.default\">\n\t\t\t\t<div class=\"elementor-widget-container\">\n\t\t\t\t\t\t\t<h3>Umfrage bei Dienstleistern, Gastronomie und Verbrauchern<\/h3><h3>Studie zur Weiterentwicklung des Einzelhandels und des Tourismus: Bitte mitmachen!<\/h3><p>Zur Weiterentwicklung des Einzelhandels und des Tourismus in Schwabach hat die Stadtverwaltung ein Einzelhandels- und Tourismuskonzept beauftragt. Ziel ist es, die Goldschl\u00e4gerstadt Schwabach so zu positionieren, dass die Innenstadt und die Zentren zukunftsf\u00e4hig und attraktiv bleiben.<\/p><h3>Umfragen bis Ende Juli<\/h3><p>Die Dr. Lademann &amp; Partner Gesellschaft f\u00fcr Unternehmens- und Kommunal-beratung mbH, Hamburg, wird ab sofort bis Ende Juli daher Daten bei Schwabacher Dienstleistungs- und Gastronomiebetrieben abfragen.\u00a0Zus\u00e4tzlich wird Dr. Lademann &amp; Partner Ende Juli 2018 zusammen mit dem Marktforschungsinstitut NoceanZ market research GmbH aus W\u00fcrzburg eine Verbraucherbefragung in der Schwabacher Innenstadt und im Umland durch-f\u00fchren.<\/p><h3>Einkaufsgewohnheiten sollen ermittelt werden<\/h3><p>Im Rahmen dieser Interviews sollen vor allem Einkaufsgewohnheiten und -orientierungen von und nach Schwabach ermittelt werden. Es sind die Einsch\u00e4tzungen und W\u00fcnsche der B\u00fcrger aus Schwabach und dem Umland gefragt. Die Befragung wird vor Ort und telefonisch durchgef\u00fchrt.\u00a0Die Stadtverwaltung bittet alle Betriebe sowie die Schwabacherinnen und Schwabacher um eine konstruktive Teilnahme, die nat\u00fcrlich freiwillig ist. Die Daten werden in jedem Fall anonym erfasst und verarbeitet.<\/p><h3>Entwicklungen im Bereich\u00a0Einzelhandel und Tourismus<\/h3><p>Auf Grundlage einer Analyse der Ist-Situation im gesamten Stadtgebiet von\u00a0Schwabach soll untersucht werden, welche Entwicklungen im Bereich\u00a0Einzelhandel und touristischer Infrastrukturen (Hotellerie) f\u00fcr die Stadt\u00a0Schwabach und ihre Stadtteile erforderlich sind bzw. welche Standorte und\u00a0Aspekte bei der Ansiedlung bestimmter Branchen besonders beachtet werden\u00a0sollten.<\/p><p>Einzelhandels- und Zentrenkonzepte dienen als Entscheidungsgrundlage\u00a0zur planerischen Bewertung f\u00fcr Neuansiedlungen, Investorenfragen\u00a0und Planvorhaben.<\/p><h3>Ansprechpartner<\/h3><p>Ansprechpartner bei der Stadt Schwabach sind Lars Kullick (Stadtplanung),<br \/>Telefon 09122 860 521, und Petra Schwarz (Wirtschaftsf\u00f6rderung und<br \/>Tourismus), Telefon 09122 860-337<\/p>\t\t\t\t\t\t<\/div>\n\t\t\t\t<\/div>\n\t\t\t\t<div class=\"elementor-element elementor-element-772dde2 elementor-widget-divider--view-line elementor-widget elementor-widget-divider\" data-id=\"772dde2\" data-element_type=\"widget\" data-widget_type=\"divider.default\">\n\t\t\t\t<div class=\"elementor-widget-container\">\n\t\t\t\t\t<div class=\"elementor-divider\">\n\t\t\t<span class=\"elementor-divider-separator\">\n\t\t\t\t\t\t<\/span>\n\t\t<\/div>\n\t\t\t\t<\/div>\n\t\t\t\t<\/div>\n\t\t\t\t<div class=\"elementor-element elementor-element-39c5f74 elementor-widget elementor-widget-google_maps\" data-id=\"39c5f74\" data-element_type=\"widget\" data-widget_type=\"google_maps.default\">\n\t\t\t\t<div class=\"elementor-widget-container\">\n\t\t\t\t\t<div class=\"elementor-custom-embed\">\n\t\t\t<iframe loading=\"lazy\"\n\t\t\t\t\tsrc=\"https:\/\/maps.google.com\/maps?q=K%C3%B6nigsplatz%201%2C%20Schwabach%2C%20Deutschland&#038;t=m&#038;z=17&#038;output=embed&#038;iwloc=near\"\n\t\t\t\t\ttitle=\"K\u00f6nigsplatz 1, Schwabach, Deutschland\"\n\t\t\t\t\taria-label=\"K\u00f6nigsplatz 1, Schwabach, Deutschland\"\n\t\t\t><\/iframe>\n\t\t<\/div>\n\t\t\t\t<\/div>\n\t\t\t\t<\/div>\n\t\t\t\t\t<\/div>\n\t\t<\/div>\n\t\t\t\t<div class=\"elementor-column elementor-col-33 elementor-top-column elementor-element elementor-element-flkv3o5\" data-id=\"flkv3o5\" data-element_type=\"column\">\n\t\t\t<div class=\"elementor-widget-wrap elementor-element-populated\">\n\t\t\t\t\t\t<div class=\"elementor-element elementor-element-bpvimlk elementor-widget elementor-widget-image\" data-id=\"bpvimlk\" data-element_type=\"widget\" data-widget_type=\"image.default\">\n\t\t\t\t<div class=\"elementor-widget-container\">\n\t\t\t\t\t\t\t\t\t\t\t\t\t\t<a href=\"http:\/\/www.region-schwabach.de\/wordpress\/werben-auf-region-schwabach\/\" target=\"_blank\">\n\t\t\t\t\t\t\t<img fetchpriority=\"high\" decoding=\"async\" width=\"1024\" height=\"1024\" src=\"https:\/\/www.region-schwabach.de\/wordpress\/wp-content\/uploads\/2017\/06\/werbung8-1024x1024.png\" class=\"attachment-large size-large wp-image-2484\" alt=\"\" srcset=\"https:\/\/www.region-schwabach.de\/wordpress\/wp-content\/uploads\/2017\/06\/werbung8-1024x1024.png 1024w, https:\/\/www.region-schwabach.de\/wordpress\/wp-content\/uploads\/2017\/06\/werbung8-150x150.png 150w, https:\/\/www.region-schwabach.de\/wordpress\/wp-content\/uploads\/2017\/06\/werbung8-300x300.png 300w, https:\/\/www.region-schwabach.de\/wordpress\/wp-content\/uploads\/2017\/06\/werbung8-768x768.png 768w, https:\/\/www.region-schwabach.de\/wordpress\/wp-content\/uploads\/2017\/06\/werbung8-600x600.png 600w, https:\/\/www.region-schwabach.de\/wordpress\/wp-content\/uploads\/2017\/06\/werbung8.png 1200w\" sizes=\"(max-width: 1024px) 100vw, 1024px\" \/>\t\t\t\t\t\t\t\t<\/a>\n\t\t\t\t\t\t\t\t\t\t\t\t\t<\/div>\n\t\t\t\t<\/div>\n\t\t\t\t\t<\/div>\n\t\t<\/div>\n\t\t\t\t\t<\/div>\n\t\t<\/section>\n\t\t\t\t<\/div>\n\t\t","protected":false},"excerpt":{"rendered":"<div class=\"mh-excerpt\"><p>Umfrage bei Dienstleistern, Gastronomie und Verbrauchern Studie zur Weiterentwicklung des Einzelhandels und des Tourismus: Bitte mitmachen! Zur Weiterentwicklung des Einzelhandels und des Tourismus in Schwabach hat die Stadtverwaltung ein Einzelhandels- und Tourismuskonzept beauftragt. Ziel ist <a class=\"mh-excerpt-more\" href=\"https:\/\/www.region-schwabach.de\/wordpress\/stadtverwaltung-hat-ein-einzelhandels-und-tourismuskonzept-beauftragt\/\" title=\"Stadtverwaltung hat ein Einzelhandels- und Tourismuskonzept beauftragt\">[&#8230;]<\/a><\/p>\n<\/div>","protected":false},"author":1,"featured_media":49059,"comment_status":"open","ping_status":"open","sticky":false,"template":"","format":"standard","meta":{"_cbd_carousel_blocks":"[]","footnotes":""},"categories":[16,78,79,61,3967],"tags":[5143,5147,113,388,3919,1480,19,5145,5148,5142,5144,5146],"class_list":{"0":"post-49058","1":"post","2":"type-post","3":"status-publish","4":"format-standard","5":"has-post-thumbnail","7":"category-aktuell","8":"category-handel-und-wirtschaft","9":"category-politik","10":"category-rathaus","11":"category-unternehmen","12":"tag-dienstleister","13":"tag-einzelhandel","14":"tag-gastronomie","15":"tag-innenstadt","16":"tag-juli-2018","17":"tag-rathaus","18":"tag-schwabach","19":"tag-studie","20":"tag-tourismus","21":"tag-umfrage","22":"tag-verbrauchern","23":"tag-weiterentwicklung"},"_links":{"self":[{"href":"https:\/\/www.region-schwabach.de\/wordpress\/wp-json\/wp\/v2\/posts\/49058","targetHints":{"allow":["GET"]}}],"collection":[{"href":"https:\/\/www.region-schwabach.de\/wordpress\/wp-json\/wp\/v2\/posts"}],"about":[{"href":"https:\/\/www.region-schwabach.de\/wordpress\/wp-json\/wp\/v2\/types\/post"}],"author":[{"embeddable":true,"href":"https:\/\/www.region-schwabach.de\/wordpress\/wp-json\/wp\/v2\/users\/1"}],"replies":[{"embeddable":true,"href":"https:\/\/www.region-schwabach.de\/wordpress\/wp-json\/wp\/v2\/comments?post=49058"}],"version-history":[{"count":0,"href":"https:\/\/www.region-schwabach.de\/wordpress\/wp-json\/wp\/v2\/posts\/49058\/revisions"}],"wp:featuredmedia":[{"embeddable":true,"href":"https:\/\/www.region-schwabach.de\/wordpress\/wp-json\/wp\/v2\/media\/49059"}],"wp:attachment":[{"href":"https:\/\/www.region-schwabach.de\/wordpress\/wp-json\/wp\/v2\/media?parent=49058"}],"wp:term":[{"taxonomy":"category","embeddable":true,"href":"https:\/\/www.region-schwabach.de\/wordpress\/wp-json\/wp\/v2\/categories?post=49058"},{"taxonomy":"post_tag","embeddable":true,"href":"https:\/\/www.region-schwabach.de\/wordpress\/wp-json\/wp\/v2\/tags?post=49058"}],"curies":[{"name":"wp","href":"https:\/\/api.w.org\/{rel}","templated":true}]}}