{"id":49388,"date":"2018-07-29T00:01:42","date_gmt":"2018-07-28T22:01:42","guid":{"rendered":"http:\/\/www.region-schwabach.de\/wordpress\/?p=49388"},"modified":"2018-07-29T08:19:27","modified_gmt":"2018-07-29T06:19:27","slug":"schaftnacher-kirchweih-vom-27-juli-2018-30-juli-2018","status":"publish","type":"post","link":"https:\/\/www.region-schwabach.de\/wordpress\/schaftnacher-kirchweih-vom-27-juli-2018-30-juli-2018\/","title":{"rendered":"Schaftnacher Kirchweih vom 27. Juli 2018 &#8211; 30. Juli 2018"},"content":{"rendered":"\t\t<div data-elementor-type=\"wp-post\" data-elementor-id=\"49388\" class=\"elementor elementor-49388 elementor-bc-flex-widget\">\n\t\t\t\t\t\t<section class=\"elementor-section elementor-top-section elementor-element elementor-element-678181b elementor-section-boxed elementor-section-height-default elementor-section-height-default\" data-id=\"678181b\" data-element_type=\"section\">\n\t\t\t\t\t\t<div class=\"elementor-container elementor-column-gap-default\">\n\t\t\t\t\t<div class=\"elementor-column elementor-col-66 elementor-top-column elementor-element elementor-element-6b34026\" data-id=\"6b34026\" data-element_type=\"column\">\n\t\t\t<div class=\"elementor-widget-wrap elementor-element-populated\">\n\t\t\t\t\t\t<div class=\"elementor-element elementor-element-443ab98 elementor-widget elementor-widget-text-editor\" data-id=\"443ab98\" data-element_type=\"widget\" data-widget_type=\"text-editor.default\">\n\t\t\t\t<div class=\"elementor-widget-container\">\n\t\t\t\t\t\t\t<h3 class=\"entry-title page-title\">Schaftnacher Kirchweih<\/h3><p>Die Schaftnacher K\u00e4rwa findet dieses Jahr vom Freitag, den 27.07.2018, bis Montag, den 30.07.2018 beim D\u00f6llinger statt.\u00a0<\/p><h3>Programm<\/h3><p><strong>Donnerstag, den 26. Juli 2018<\/strong><\/p><ul style=\"list-style-type: disc;\"><li>19.00 Uhr: K\u00e4rwa-Auftakt mit der Band &#8222;MUHACKL&#8220;<\/li><li>Cocktailbar<\/li><\/ul><p><strong>Freitag, den 27. Juli 2018<\/strong><\/p><ul style=\"list-style-type: disc;\"><li>19.00 Uhr: Bieranstich<br \/>f\u00fcr Stimmung sorgen die &#8222;LEDERHOSEN-ROCKER&#8220;<\/li><\/ul><p><strong>Samstag, den 28. Juli 2018<\/strong><\/p><ul style=\"list-style-type: disc;\"><li>14.30 Uhr: Clown &#8222;DROPS&#8220; zieht die Kinder in seinen Bann!<\/li><li>16.30 Uhr: K\u00e4rwabaum-Aufstellen mit musikalischer Unterst\u00fctzung der Elite des &#8222;Musikzugs TV 1848&#8220;<\/li><li>19.30 Uhr: &#8222;APOLONIA&#8220;<br \/>Volks &#8211; Rock &#8211; Party &#8211; Spa\u00df bis in die Nacht<\/li><\/ul><p><strong>Sonntag, den 29. Juli 2018<\/strong><\/p><ul style=\"list-style-type: disc;\"><li>09.30 Uhr: Wei\u00dfwurst-Fr\u00fchschoppen mit &#8222;Otto Schmidpeter&#8220;<\/li><li>11.00 Uhr: durchgehend warme Fr\u00e4nkische K\u00fcche<\/li><li>17.00 Uhr: &#8222;Die Bressdlersgwaadscher&#8220;<br \/>die besten Erdbeeren seit&#8217;s Bloosmusik gibt!<\/li><li>22.00 Uhr: &#8222;Schoftla brennt&#8220;<br \/>imposantes Feuerwerk zum 30-j\u00e4hrigen K\u00e4rwajubil\u00e4um<br \/>(bei schlechtem Wetter am Montag)<\/li><\/ul><p><strong>Montag, den 30. Juli 2018<\/strong><\/p><ul style=\"list-style-type: disc;\"><li>09.30 Uhr: Legend\u00e4rer Montagsfr\u00fchschoppen<br \/>mit z\u00fcnftiger Musik von &#8222;EKKEHARD&#8220;<\/li><li>zus\u00e4tzlich zur Montagskarte gibt es &#8222;Saure Zipfel&#8220;!<\/li><li>19.00 Uhr: &#8222;NON PLUS ULTRA&#8220; feiern ihr 30-j\u00e4hriges B\u00fchnenjubil\u00e4um auf der Schaftnacher Jubil\u00e4umsk\u00e4rwa<\/li><li>21.00 Uhr: K\u00e4rwabaum-Versteigerung<\/li><\/ul>\t\t\t\t\t\t<\/div>\n\t\t\t\t<\/div>\n\t\t\t\t<div class=\"elementor-element elementor-element-0c834d7 elementor-widget-divider--view-line elementor-widget elementor-widget-divider\" data-id=\"0c834d7\" data-element_type=\"widget\" data-widget_type=\"divider.default\">\n\t\t\t\t<div class=\"elementor-widget-container\">\n\t\t\t\t\t<div class=\"elementor-divider\">\n\t\t\t<span class=\"elementor-divider-separator\">\n\t\t\t\t\t\t<\/span>\n\t\t<\/div>\n\t\t\t\t<\/div>\n\t\t\t\t<\/div>\n\t\t\t\t<div class=\"elementor-element elementor-element-325f51f elementor-widget elementor-widget-google_maps\" data-id=\"325f51f\" data-element_type=\"widget\" data-widget_type=\"google_maps.default\">\n\t\t\t\t<div class=\"elementor-widget-container\">\n\t\t\t\t\t<div class=\"elementor-custom-embed\">\n\t\t\t<iframe loading=\"lazy\"\n\t\t\t\t\tsrc=\"https:\/\/maps.google.com\/maps?q=Schaftnacher%20Stra%C3%9Fe%2020%2C%20Schwabach%2C%20Deutschland&#038;t=m&#038;z=18&#038;output=embed&#038;iwloc=near\"\n\t\t\t\t\ttitle=\"Schaftnacher Stra\u00dfe 20, Schwabach, Deutschland\"\n\t\t\t\t\taria-label=\"Schaftnacher Stra\u00dfe 20, Schwabach, Deutschland\"\n\t\t\t><\/iframe>\n\t\t<\/div>\n\t\t\t\t<\/div>\n\t\t\t\t<\/div>\n\t\t\t\t\t<\/div>\n\t\t<\/div>\n\t\t\t\t<div class=\"elementor-column elementor-col-33 elementor-top-column elementor-element elementor-element-f645137\" data-id=\"f645137\" data-element_type=\"column\">\n\t\t\t<div class=\"elementor-widget-wrap elementor-element-populated\">\n\t\t\t\t\t\t<div class=\"elementor-element elementor-element-25043c1 elementor-widget elementor-widget-image\" data-id=\"25043c1\" data-element_type=\"widget\" data-widget_type=\"image.default\">\n\t\t\t\t<div class=\"elementor-widget-container\">\n\t\t\t\t\t\t\t\t\t\t\t\t\t<img fetchpriority=\"high\" decoding=\"async\" width=\"300\" height=\"300\" src=\"https:\/\/www.region-schwabach.de\/wordpress\/wp-content\/uploads\/2018\/04\/werbung1-300x300.png\" class=\"attachment-medium size-medium wp-image-35382\" alt=\"\" srcset=\"https:\/\/www.region-schwabach.de\/wordpress\/wp-content\/uploads\/2018\/04\/werbung1-300x300.png 300w, https:\/\/www.region-schwabach.de\/wordpress\/wp-content\/uploads\/2018\/04\/werbung1-150x150.png 150w, https:\/\/www.region-schwabach.de\/wordpress\/wp-content\/uploads\/2018\/04\/werbung1-768x768.png 768w, https:\/\/www.region-schwabach.de\/wordpress\/wp-content\/uploads\/2018\/04\/werbung1-1024x1024.png 1024w, https:\/\/www.region-schwabach.de\/wordpress\/wp-content\/uploads\/2018\/04\/werbung1.png 1200w\" sizes=\"(max-width: 300px) 100vw, 300px\" \/>\t\t\t\t\t\t\t\t\t\t\t\t\t<\/div>\n\t\t\t\t<\/div>\n\t\t\t\t\t<\/div>\n\t\t<\/div>\n\t\t\t\t\t<\/div>\n\t\t<\/section>\n\t\t\t\t<\/div>\n\t\t","protected":false},"excerpt":{"rendered":"<div class=\"mh-excerpt\"><p>Schaftnacher Kirchweih Die Schaftnacher K\u00e4rwa findet dieses Jahr vom Freitag, den 27.07.2018, bis Montag, den 30.07.2018 beim D\u00f6llinger statt.\u00a0 Programm Donnerstag, den 26. Juli 2018 19.00 Uhr: K\u00e4rwa-Auftakt mit der Band &#8222;MUHACKL&#8220; Cocktailbar Freitag, den <a class=\"mh-excerpt-more\" href=\"https:\/\/www.region-schwabach.de\/wordpress\/schaftnacher-kirchweih-vom-27-juli-2018-30-juli-2018\/\" title=\"Schaftnacher Kirchweih vom 27. Juli 2018 &#8211; 30. Juli 2018\">[&#8230;]<\/a><\/p>\n<\/div>","protected":false},"author":1,"featured_media":49389,"comment_status":"open","ping_status":"open","sticky":false,"template":"","format":"standard","meta":{"_cbd_carousel_blocks":"[]","footnotes":""},"categories":[16,1,287,231],"tags":[5178,4552,4553,4554,4555,5179,4027,2765,19],"class_list":{"0":"post-49388","1":"post","2":"type-post","3":"status-publish","4":"format-standard","5":"has-post-thumbnail","7":"category-aktuell","8":"category-allgemein","9":"category-jugend-und-familie","10":"category-veranstaltungsnews","11":"tag-27-juli-bis-30-juli-2018","12":"tag-27-07-2018","13":"tag-28-07-2018","14":"tag-29-07-2018","15":"tag-30-07-2018","16":"tag-doellinger","17":"tag-kirchweih","18":"tag-schaftnach","19":"tag-schwabach"},"_links":{"self":[{"href":"https:\/\/www.region-schwabach.de\/wordpress\/wp-json\/wp\/v2\/posts\/49388","targetHints":{"allow":["GET"]}}],"collection":[{"href":"https:\/\/www.region-schwabach.de\/wordpress\/wp-json\/wp\/v2\/posts"}],"about":[{"href":"https:\/\/www.region-schwabach.de\/wordpress\/wp-json\/wp\/v2\/types\/post"}],"author":[{"embeddable":true,"href":"https:\/\/www.region-schwabach.de\/wordpress\/wp-json\/wp\/v2\/users\/1"}],"replies":[{"embeddable":true,"href":"https:\/\/www.region-schwabach.de\/wordpress\/wp-json\/wp\/v2\/comments?post=49388"}],"version-history":[{"count":0,"href":"https:\/\/www.region-schwabach.de\/wordpress\/wp-json\/wp\/v2\/posts\/49388\/revisions"}],"wp:featuredmedia":[{"embeddable":true,"href":"https:\/\/www.region-schwabach.de\/wordpress\/wp-json\/wp\/v2\/media\/49389"}],"wp:attachment":[{"href":"https:\/\/www.region-schwabach.de\/wordpress\/wp-json\/wp\/v2\/media?parent=49388"}],"wp:term":[{"taxonomy":"category","embeddable":true,"href":"https:\/\/www.region-schwabach.de\/wordpress\/wp-json\/wp\/v2\/categories?post=49388"},{"taxonomy":"post_tag","embeddable":true,"href":"https:\/\/www.region-schwabach.de\/wordpress\/wp-json\/wp\/v2\/tags?post=49388"}],"curies":[{"name":"wp","href":"https:\/\/api.w.org\/{rel}","templated":true}]}}