{"id":49435,"date":"2018-08-13T00:00:49","date_gmt":"2018-08-12T22:00:49","guid":{"rendered":"http:\/\/www.region-schwabach.de\/wordpress\/?p=49435"},"modified":"2018-08-12T23:02:23","modified_gmt":"2018-08-12T21:02:23","slug":"sommerakademie-der-vhs-und-des-evangelischen-bildungswerks-schwabach","status":"publish","type":"post","link":"https:\/\/www.region-schwabach.de\/wordpress\/sommerakademie-der-vhs-und-des-evangelischen-bildungswerks-schwabach\/","title":{"rendered":"Sommerakademie der vhs und des Evangelischen Bildungswerks Schwabach"},"content":{"rendered":"\t\t<div data-elementor-type=\"wp-post\" data-elementor-id=\"49435\" class=\"elementor elementor-49435 elementor-bc-flex-widget\">\n\t\t\t\t\t\t<section class=\"elementor-section elementor-top-section elementor-element elementor-element-678181b elementor-section-boxed elementor-section-height-default elementor-section-height-default\" data-id=\"678181b\" data-element_type=\"section\">\n\t\t\t\t\t\t<div class=\"elementor-container elementor-column-gap-default\">\n\t\t\t\t\t<div class=\"elementor-column elementor-col-66 elementor-top-column elementor-element elementor-element-6b34026\" data-id=\"6b34026\" data-element_type=\"column\">\n\t\t\t<div class=\"elementor-widget-wrap elementor-element-populated\">\n\t\t\t\t\t\t<div class=\"elementor-element elementor-element-443ab98 elementor-widget elementor-widget-text-editor\" data-id=\"443ab98\" data-element_type=\"widget\" data-widget_type=\"text-editor.default\">\n\t\t\t\t<div class=\"elementor-widget-container\">\n\t\t\t\t\t\t\t<h3>Sommerakademie der vhs und des Evangelischen Bildungswerks Schwabach beginnt<\/h3><p><strong>Ab Freitag, 27. Juli:<\/strong><\/p><p>F\u00fcr alle \u201eDaheimgebliebenen\u201c starten die Volkshochschule Schwabach und das Evangelische Bildungswerk Schwabach erstmalig eine Sommerakademie. In der Zeit vom 28. Juli bis 21. August gibt es spannende und kompakte Angebote aus verschiedenen Bereichen, die zum Schnuppern und Ausprobieren einladen.<\/p><p>Am 28.Juli geht es kreativ los mit Pappmach\u00e9 NANAs mit Angela Martin und Art Clay Silberschmuck mit Renate Brandel-Motzel. Ab 30.Juli geht es um Harmonie und Gesundheit mit Dao-Yoga am Morgen, viermal mit Heike Friedrich. Heike Fl\u00fcgel l\u00e4dt am 1. August zum Achtsamkeits-Workshop ein. Der Brainwalk am 2. August ist ein sanftes Training im Gehen, auch f\u00fcr Rollator geeignet. Im Kneipp-Gel\u00e4nde f\u00fchrt Ingrid Ittner-Wolkersdorfer durch den Denkspaziergang. Am 3. August wird Tanz und Yoga verbunden, um die \u201agrauen Zellen\u2018 zu aktivieren, im Workshop mit Ute.<\/p><p>Jetzt schon anmelden sollte man sich bis 31.Juli f\u00fcr die Tagesexkursion am 10. August nach Augsburg mit Ernst Burmann. Am 13. August f\u00fchrt Margot Huyskens durch vier Kleinode im Dekanat Schwabach, Anmeldung dazu bitte bis 3. August.<\/p><p>Das Gesamtprogramm mit diesen und weiteren Angeboten, Uhrzeiten und Preisen liegt aus in den jeweiligen Gesch\u00e4ftsstellen in der Wittelsbacher Stra\u00dfe\u00a0<br \/>4 (EBW) oder am K\u00f6nigsplatz 29 a (vhs). Online sind alle Kurse zu finden unter <a href=\"http:\/\/www.ebw-schwabach.de\" target=\"_blank\" rel=\"noopener\">www.ebw-schwabach.de<\/a> oder <a href=\"http:\/\/www.vhs.schwabach.de\" target=\"_blank\" rel=\"noopener\">www.vhs.schwabach.de<\/a>.<\/p><h3>Weiterf\u00fchrende Links:<\/h3><p><a href=\"https:\/\/www.vhs.schwabach.de\/programm\/bereich\/kategorien\/kategorie\/Sommerakademie+2018\/kat\/352\/\" target=\"_blank\" rel=\"noopener\">Das Programm der Sommerakademie gibt es hier &#8230;<\/a><\/p><p><a href=\"https:\/\/www.vhs.schwabach.de\/\" target=\"_blank\" rel=\"noopener\">Zur Startseite der vhs Schwabach geht&#8217;s hier &#8230;<\/a><\/p><p><a href=\"https:\/\/www.ebw-schwabach.de\/\" target=\"_blank\" rel=\"noopener\">Die Homepage des Evangelischen Bidlungswerks ist hier zu finden &#8230;<\/a><\/p>\t\t\t\t\t\t<\/div>\n\t\t\t\t<\/div>\n\t\t\t\t<div class=\"elementor-element elementor-element-2e07568 elementor-widget-divider--view-line elementor-widget elementor-widget-divider\" data-id=\"2e07568\" data-element_type=\"widget\" data-widget_type=\"divider.default\">\n\t\t\t\t<div class=\"elementor-widget-container\">\n\t\t\t\t\t<div class=\"elementor-divider\">\n\t\t\t<span class=\"elementor-divider-separator\">\n\t\t\t\t\t\t<\/span>\n\t\t<\/div>\n\t\t\t\t<\/div>\n\t\t\t\t<\/div>\n\t\t\t\t<div class=\"elementor-element elementor-element-a6b86d7 elementor-widget elementor-widget-google_maps\" data-id=\"a6b86d7\" data-element_type=\"widget\" data-widget_type=\"google_maps.default\">\n\t\t\t\t<div class=\"elementor-widget-container\">\n\t\t\t\t\t<div class=\"elementor-custom-embed\">\n\t\t\t<iframe loading=\"lazy\"\n\t\t\t\t\tsrc=\"https:\/\/maps.google.com\/maps?q=K%C3%B6nigsplatz%2029a%2C%20Schwabach%2C%20Deutschland&#038;t=m&#038;z=17&#038;output=embed&#038;iwloc=near\"\n\t\t\t\t\ttitle=\"K\u00f6nigsplatz 29a, Schwabach, Deutschland\"\n\t\t\t\t\taria-label=\"K\u00f6nigsplatz 29a, Schwabach, Deutschland\"\n\t\t\t><\/iframe>\n\t\t<\/div>\n\t\t\t\t<\/div>\n\t\t\t\t<\/div>\n\t\t\t\t<div class=\"elementor-element elementor-element-68e3cc7 elementor-widget elementor-widget-google_maps\" data-id=\"68e3cc7\" data-element_type=\"widget\" data-widget_type=\"google_maps.default\">\n\t\t\t\t<div class=\"elementor-widget-container\">\n\t\t\t\t\t<div class=\"elementor-custom-embed\">\n\t\t\t<iframe loading=\"lazy\"\n\t\t\t\t\tsrc=\"https:\/\/maps.google.com\/maps?q=Wittelsbacher%20Sstra%C3%9Fe%204%2C%20Schwabach%2C%20Deutschland&#038;t=m&#038;z=17&#038;output=embed&#038;iwloc=near\"\n\t\t\t\t\ttitle=\"Wittelsbacher Sstra\u00dfe 4, Schwabach, Deutschland\"\n\t\t\t\t\taria-label=\"Wittelsbacher Sstra\u00dfe 4, Schwabach, Deutschland\"\n\t\t\t><\/iframe>\n\t\t<\/div>\n\t\t\t\t<\/div>\n\t\t\t\t<\/div>\n\t\t\t\t\t<\/div>\n\t\t<\/div>\n\t\t\t\t<div class=\"elementor-column elementor-col-33 elementor-top-column elementor-element elementor-element-f645137\" data-id=\"f645137\" data-element_type=\"column\">\n\t\t\t<div class=\"elementor-widget-wrap elementor-element-populated\">\n\t\t\t\t\t\t<div class=\"elementor-element elementor-element-25043c1 elementor-widget elementor-widget-image\" data-id=\"25043c1\" data-element_type=\"widget\" data-widget_type=\"image.default\">\n\t\t\t\t<div class=\"elementor-widget-container\">\n\t\t\t\t\t\t\t\t\t\t\t\t\t<img fetchpriority=\"high\" decoding=\"async\" width=\"300\" height=\"300\" src=\"https:\/\/www.region-schwabach.de\/wordpress\/wp-content\/uploads\/2018\/04\/werbung1-300x300.png\" class=\"attachment-medium size-medium wp-image-35382\" alt=\"\" srcset=\"https:\/\/www.region-schwabach.de\/wordpress\/wp-content\/uploads\/2018\/04\/werbung1-300x300.png 300w, https:\/\/www.region-schwabach.de\/wordpress\/wp-content\/uploads\/2018\/04\/werbung1-150x150.png 150w, https:\/\/www.region-schwabach.de\/wordpress\/wp-content\/uploads\/2018\/04\/werbung1-768x768.png 768w, https:\/\/www.region-schwabach.de\/wordpress\/wp-content\/uploads\/2018\/04\/werbung1-1024x1024.png 1024w, https:\/\/www.region-schwabach.de\/wordpress\/wp-content\/uploads\/2018\/04\/werbung1.png 1200w\" sizes=\"(max-width: 300px) 100vw, 300px\" \/>\t\t\t\t\t\t\t\t\t\t\t\t\t<\/div>\n\t\t\t\t<\/div>\n\t\t\t\t\t<\/div>\n\t\t<\/div>\n\t\t\t\t\t<\/div>\n\t\t<\/section>\n\t\t\t\t<\/div>\n\t\t","protected":false},"excerpt":{"rendered":"<div class=\"mh-excerpt\"><p>Sommerakademie der vhs und des Evangelischen Bildungswerks Schwabach beginnt Ab Freitag, 27. Juli: F\u00fcr alle \u201eDaheimgebliebenen\u201c starten die Volkshochschule Schwabach und das Evangelische Bildungswerk Schwabach erstmalig eine Sommerakademie. In der Zeit vom 28. Juli bis <a class=\"mh-excerpt-more\" href=\"https:\/\/www.region-schwabach.de\/wordpress\/sommerakademie-der-vhs-und-des-evangelischen-bildungswerks-schwabach\/\" title=\"Sommerakademie der vhs und des Evangelischen Bildungswerks Schwabach\">[&#8230;]<\/a><\/p>\n<\/div>","protected":false},"author":1,"featured_media":0,"comment_status":"open","ping_status":"open","sticky":false,"template":"","format":"standard","meta":{"_cbd_carousel_blocks":"[]","footnotes":""},"categories":[16,1,287,61,231],"tags":[4878,5197,5196,3919,522,1480,19,5195,1281,73,649],"class_list":{"0":"post-49435","1":"post","2":"type-post","3":"status-publish","4":"format-standard","6":"category-aktuell","7":"category-allgemein","8":"category-jugend-und-familie","9":"category-rathaus","10":"category-veranstaltungsnews","11":"tag-august-2018","12":"tag-evangelischen-bildungswerk","13":"tag-evangelisches-bildungswerks","14":"tag-juli-2018","15":"tag-koenigsplatz","16":"tag-rathaus","17":"tag-schwabach","18":"tag-sommerakademie","19":"tag-vhs","20":"tag-volkshochschule","21":"tag-wittelsbacher-strasse"},"_links":{"self":[{"href":"https:\/\/www.region-schwabach.de\/wordpress\/wp-json\/wp\/v2\/posts\/49435","targetHints":{"allow":["GET"]}}],"collection":[{"href":"https:\/\/www.region-schwabach.de\/wordpress\/wp-json\/wp\/v2\/posts"}],"about":[{"href":"https:\/\/www.region-schwabach.de\/wordpress\/wp-json\/wp\/v2\/types\/post"}],"author":[{"embeddable":true,"href":"https:\/\/www.region-schwabach.de\/wordpress\/wp-json\/wp\/v2\/users\/1"}],"replies":[{"embeddable":true,"href":"https:\/\/www.region-schwabach.de\/wordpress\/wp-json\/wp\/v2\/comments?post=49435"}],"version-history":[{"count":0,"href":"https:\/\/www.region-schwabach.de\/wordpress\/wp-json\/wp\/v2\/posts\/49435\/revisions"}],"wp:attachment":[{"href":"https:\/\/www.region-schwabach.de\/wordpress\/wp-json\/wp\/v2\/media?parent=49435"}],"wp:term":[{"taxonomy":"category","embeddable":true,"href":"https:\/\/www.region-schwabach.de\/wordpress\/wp-json\/wp\/v2\/categories?post=49435"},{"taxonomy":"post_tag","embeddable":true,"href":"https:\/\/www.region-schwabach.de\/wordpress\/wp-json\/wp\/v2\/tags?post=49435"}],"curies":[{"name":"wp","href":"https:\/\/api.w.org\/{rel}","templated":true}]}}