{"id":49580,"date":"2018-08-04T00:01:10","date_gmt":"2018-08-03T22:01:10","guid":{"rendered":"http:\/\/www.region-schwabach.de\/wordpress\/?p=49580"},"modified":"2018-08-04T01:06:06","modified_gmt":"2018-08-03T23:06:06","slug":"innenstadt-am-04-08-2018-05-08-2018-wegen-goldschlaeger-nacht-gesperrt","status":"publish","type":"post","link":"https:\/\/www.region-schwabach.de\/wordpress\/innenstadt-am-04-08-2018-05-08-2018-wegen-goldschlaeger-nacht-gesperrt\/","title":{"rendered":"Innenstadt am 04.08.2018\/05.08.2018 wegen goldschl\u00e4ger-nacht gesperrt"},"content":{"rendered":"\t\t<div data-elementor-type=\"wp-post\" data-elementor-id=\"49580\" class=\"elementor elementor-49580 elementor-bc-flex-widget\">\n\t\t\t\t\t\t<section class=\"elementor-section elementor-top-section elementor-element elementor-element-1dzeyuh elementor-section-boxed elementor-section-height-default elementor-section-height-default\" data-id=\"1dzeyuh\" data-element_type=\"section\">\n\t\t\t\t\t\t<div class=\"elementor-container elementor-column-gap-default\">\n\t\t\t\t\t<div class=\"elementor-column elementor-col-66 elementor-top-column elementor-element elementor-element-aam59ft\" data-id=\"aam59ft\" data-element_type=\"column\">\n\t\t\t<div class=\"elementor-widget-wrap elementor-element-populated\">\n\t\t\t\t\t\t<div class=\"elementor-element elementor-element-k9p1oyc elementor-widget elementor-widget-text-editor\" data-id=\"k9p1oyc\" data-element_type=\"widget\" data-widget_type=\"text-editor.default\">\n\t\t\t\t<div class=\"elementor-widget-container\">\n\t\t\t\t\t\t\t<h3>Teilweise Sperrung der Schwabacher Innenstadt<\/h3><p>Schwabach &#8211; In der Zeit von Samstag, den 04.08.2018 (14.00 Uhr), bis Sonntag, den 05.08.2018 (ca. 08.00 Uhr), wird ein Teil der n\u00f6rdlichen Altstadt sowie die Z\u00f6llnertorstra\u00dfe, K\u00f6nigstra\u00dfe, Spitalberg, Auf der Aich und H\u00f6rdlertorstra\u00dfe zwischen Pinzenberg und Auf der Aich wegen der \u201egoldschl\u00e4ger nacht\u201c f\u00fcr den Verkehr gesperrt.<\/p><h3>Eingeschr\u00e4nkte\u00a0Parkm\u00f6glichkeiten<\/h3><p>Wegen der mit der Veranstaltung verbundenen Sperrungen sind in dieser Zeit auch die Parkm\u00f6glichkeiten im n\u00f6rdlichen Altstadtbereich sehr eingeschr\u00e4nkt, Anlieger werden wegen der auftretenden Einschr\u00e4nkungen um R\u00fccksichtnahme gebeten.<\/p><h3>Auch \u00f6ffentlicher Nahverkehr betroffen<\/h3><p>Die Haltestellen im Innenstadtbereich am Martin-Luther-Platz werden am Samstag, den 04.08.2018 nur eingeschr\u00e4nkt bzw. gar nicht angefahren. Betroffene Fahrg\u00e4ste erhalten in den Bussen und an den betroffenen Haltestellen weitere Informationen.\u00a0<\/p><h3>Interessierte Fahrg\u00e4ste erhalten auch hier entsprechende Informationen:<\/h3><p><a href=\"http:\/\/www.schwabach-mobil.de\/\" target=\"_blank\" rel=\"noopener\">Infos der Stadtwerke gibt es hier &#8230;<\/a><\/p><p><a href=\"https:\/\/www.vgn.de\/fahrplanaenderungen\/\" target=\"_blank\" rel=\"noopener\">Der Verkehrsverbund VGN informiert seine Fahrg\u00e4ste hier &#8230;<\/a><\/p><h3>Taxistand wird verlegt<\/h3><p>F\u00fcr die Dauer der Veranstaltung wird der Taxistand vom Martin-Luther-Platz in die Rathausgasse verlegt.<\/p>\t\t\t\t\t\t<\/div>\n\t\t\t\t<\/div>\n\t\t\t\t<div class=\"elementor-element elementor-element-982dd46 elementor-widget-divider--view-line elementor-widget elementor-widget-divider\" data-id=\"982dd46\" data-element_type=\"widget\" data-widget_type=\"divider.default\">\n\t\t\t\t<div class=\"elementor-widget-container\">\n\t\t\t\t\t<div class=\"elementor-divider\">\n\t\t\t<span class=\"elementor-divider-separator\">\n\t\t\t\t\t\t<\/span>\n\t\t<\/div>\n\t\t\t\t<\/div>\n\t\t\t\t<\/div>\n\t\t\t\t<div class=\"elementor-element elementor-element-rf47wqh elementor-widget elementor-widget-google_maps\" data-id=\"rf47wqh\" data-element_type=\"widget\" data-widget_type=\"google_maps.default\">\n\t\t\t\t<div class=\"elementor-widget-container\">\n\t\t\t\t\t<div class=\"elementor-custom-embed\">\n\t\t\t<iframe loading=\"lazy\"\n\t\t\t\t\tsrc=\"https:\/\/maps.google.com\/maps?q=Martin-Luther-Platz%2C%20Schwabach%2C%20Deutschland&#038;t=m&#038;z=15&#038;output=embed&#038;iwloc=near\"\n\t\t\t\t\ttitle=\"Martin-Luther-Platz, Schwabach, Deutschland\"\n\t\t\t\t\taria-label=\"Martin-Luther-Platz, Schwabach, Deutschland\"\n\t\t\t><\/iframe>\n\t\t<\/div>\n\t\t\t\t<\/div>\n\t\t\t\t<\/div>\n\t\t\t\t\t<\/div>\n\t\t<\/div>\n\t\t\t\t<div class=\"elementor-column elementor-col-33 elementor-top-column elementor-element elementor-element-uferl75\" data-id=\"uferl75\" data-element_type=\"column\">\n\t\t\t<div class=\"elementor-widget-wrap elementor-element-populated\">\n\t\t\t\t\t\t<div class=\"elementor-element elementor-element-xuttsc2 elementor-widget elementor-widget-image\" data-id=\"xuttsc2\" data-element_type=\"widget\" data-widget_type=\"image.default\">\n\t\t\t\t<div class=\"elementor-widget-container\">\n\t\t\t\t\t\t\t\t\t\t\t\t\t<img fetchpriority=\"high\" decoding=\"async\" width=\"300\" height=\"300\" src=\"https:\/\/www.region-schwabach.de\/wordpress\/wp-content\/uploads\/2017\/06\/werbung8-300x300.png\" class=\"attachment-medium size-medium wp-image-2484\" alt=\"\" srcset=\"https:\/\/www.region-schwabach.de\/wordpress\/wp-content\/uploads\/2017\/06\/werbung8-300x300.png 300w, https:\/\/www.region-schwabach.de\/wordpress\/wp-content\/uploads\/2017\/06\/werbung8-150x150.png 150w, https:\/\/www.region-schwabach.de\/wordpress\/wp-content\/uploads\/2017\/06\/werbung8-768x768.png 768w, https:\/\/www.region-schwabach.de\/wordpress\/wp-content\/uploads\/2017\/06\/werbung8-1024x1024.png 1024w, https:\/\/www.region-schwabach.de\/wordpress\/wp-content\/uploads\/2017\/06\/werbung8-600x600.png 600w, https:\/\/www.region-schwabach.de\/wordpress\/wp-content\/uploads\/2017\/06\/werbung8.png 1200w\" sizes=\"(max-width: 300px) 100vw, 300px\" \/>\t\t\t\t\t\t\t\t\t\t\t\t\t<\/div>\n\t\t\t\t<\/div>\n\t\t\t\t\t<\/div>\n\t\t<\/div>\n\t\t\t\t\t<\/div>\n\t\t<\/section>\n\t\t\t\t<\/div>\n\t\t","protected":false},"excerpt":{"rendered":"<div class=\"mh-excerpt\"><p>Teilweise Sperrung der Schwabacher Innenstadt Schwabach &#8211; In der Zeit von Samstag, den 04.08.2018 (14.00 Uhr), bis Sonntag, den 05.08.2018 (ca. 08.00 Uhr), wird ein Teil der n\u00f6rdlichen Altstadt sowie die Z\u00f6llnertorstra\u00dfe, K\u00f6nigstra\u00dfe, Spitalberg, Auf <a class=\"mh-excerpt-more\" href=\"https:\/\/www.region-schwabach.de\/wordpress\/innenstadt-am-04-08-2018-05-08-2018-wegen-goldschlaeger-nacht-gesperrt\/\" title=\"Innenstadt am 04.08.2018\/05.08.2018 wegen goldschl\u00e4ger-nacht gesperrt\">[&#8230;]<\/a><\/p>\n<\/div>","protected":false},"author":1,"featured_media":49581,"comment_status":"open","ping_status":"open","sticky":false,"template":"template-full.php","format":"standard","meta":{"_cbd_carousel_blocks":"[]","footnotes":""},"categories":[16,14],"tags":[4772,4773,3965,5222,1501,2679,5223,19,276,5224,1625],"class_list":{"0":"post-49580","1":"post","2":"type-post","3":"status-publish","4":"format-standard","5":"has-post-thumbnail","7":"category-aktuell","8":"category-verkehrsinfos","9":"tag-04-08-2018","10":"tag-05-08-2018","11":"tag-auf-der-aich","12":"tag-goldschlaeger-nacht","13":"tag-hoerdlertorstrasse","14":"tag-koenigstrasse","15":"tag-noerdliche-altstadt","16":"tag-schwabach","17":"tag-sperrung","18":"tag-spitalberg","19":"tag-zoellnertorstrasse"},"_links":{"self":[{"href":"https:\/\/www.region-schwabach.de\/wordpress\/wp-json\/wp\/v2\/posts\/49580","targetHints":{"allow":["GET"]}}],"collection":[{"href":"https:\/\/www.region-schwabach.de\/wordpress\/wp-json\/wp\/v2\/posts"}],"about":[{"href":"https:\/\/www.region-schwabach.de\/wordpress\/wp-json\/wp\/v2\/types\/post"}],"author":[{"embeddable":true,"href":"https:\/\/www.region-schwabach.de\/wordpress\/wp-json\/wp\/v2\/users\/1"}],"replies":[{"embeddable":true,"href":"https:\/\/www.region-schwabach.de\/wordpress\/wp-json\/wp\/v2\/comments?post=49580"}],"version-history":[{"count":0,"href":"https:\/\/www.region-schwabach.de\/wordpress\/wp-json\/wp\/v2\/posts\/49580\/revisions"}],"wp:featuredmedia":[{"embeddable":true,"href":"https:\/\/www.region-schwabach.de\/wordpress\/wp-json\/wp\/v2\/media\/49581"}],"wp:attachment":[{"href":"https:\/\/www.region-schwabach.de\/wordpress\/wp-json\/wp\/v2\/media?parent=49580"}],"wp:term":[{"taxonomy":"category","embeddable":true,"href":"https:\/\/www.region-schwabach.de\/wordpress\/wp-json\/wp\/v2\/categories?post=49580"},{"taxonomy":"post_tag","embeddable":true,"href":"https:\/\/www.region-schwabach.de\/wordpress\/wp-json\/wp\/v2\/tags?post=49580"}],"curies":[{"name":"wp","href":"https:\/\/api.w.org\/{rel}","templated":true}]}}